{"id":10943,"date":"2026-03-04T16:37:14","date_gmt":"2026-03-04T15:37:14","guid":{"rendered":"https:\/\/www.eveha.fr\/?p=10943"},"modified":"2026-03-04T16:37:14","modified_gmt":"2026-03-04T15:37:14","slug":"saint-georges-des-coteaux-17-chemin-de-mongre-zac-des-coteaux","status":"publish","type":"post","link":"https:\/\/www.eveha.fr\/index.php\/2026\/03\/04\/saint-georges-des-coteaux-17-chemin-de-mongre-zac-des-coteaux\/","title":{"rendered":"SAINT-GEORGES-DES-COTEAUX (17) &#8211; Chemin de Mongr\u00e9 &#8211; ZAC des Coteaux"},"content":{"rendered":"\n<p>Les fouilles arch\u00e9ologiques men\u00e9es sur le site de Saint-Georges-des-Coteaux (17) &#8211; Chemin de Mongr\u00e9 &#8211; ZAC des Coteaux ont \u00e9t\u00e9 r\u00e9alis\u00e9es par le bureau d\u2019\u00e9tudes \u00c9veha sous la responsabilit\u00e9 de Lo\u00efc Mazou dans le cadre du projet d\u2019am\u00e9nagement port\u00e9 par SCCV UNI ENE SAINTES. Les investigations arch\u00e9ologiques ont permis de mettre au jour des vestiges diachronique allant probablement du N\u00e9olithique jusqu&rsquo;\u00e0 l&rsquo;\u00c9poque moderne.<\/p>\n\n\n\n<!--more-->\n\n\n\n<h4 class=\"wp-block-heading\">Probl\u00e9matiques scientifiques du cahier des charges<\/h4>\n\n\n\n<p>L&rsquo;op\u00e9ration de fouille pr\u00e9ventive, d&rsquo;une superficie de 6 500 m\u00b2, s&rsquo;inscrit dans des travaux de recherche plus larges sur la ZAC des Coteaux, qui a d\u00e9j\u00e0 fait l&rsquo;objet de plusieurs interventions majeures depuis 2002. Situ\u00e9e sur la \u00ab\u00a0Butte Nord\u00a0\u00bb, un point topographique \u00e9lev\u00e9, cette parcelle se trouve dans une zone favorable \u00e0 la collecte de donn\u00e9es pouvant participer \u00e0 la compr\u00e9hension de la structuration du paysage protohistorique et antique, \u00e0 proximit\u00e9 imm\u00e9diate de <strong>Saintes<\/strong>, l&rsquo;antique <strong><em>Mediolanum Santonum<\/em><\/strong>.<\/p>\n\n\n\n<p>Trois axes de recherche principaux \u00e9taient identifi\u00e9s, refl\u00e9tant les enjeux chronologiques et th\u00e9matiques majeurs de la parcelle :<\/p>\n\n\n\n<ul>\n<li>le premier axe concernait le syst\u00e8me fossoy\u00e9 de la fin de l&rsquo;\u00e2ge du Fer (La T\u00e8ne finale), dont la fouille devait permettre de questionner leur fonction d\u00e9fensive, symbolique ou agro-pastorale, et de comprendre l&rsquo;organisation spatiale interne. <\/li>\n\n\n\n<li>le deuxi\u00e8me axe traitait de l&rsquo;\u00e9volution du site \u00e0 l&rsquo;\u00e9poque romaine. <\/li>\n\n\n\n<li>le troisi\u00e8me axe d\u00e9veloppait une approche pal\u00e9oenvironnementale afin de proposer une reconstitution des paysages, mais aussi l&rsquo;agriculture, l&rsquo;\u00e9levage, les r\u00e9seaux d&rsquo;\u00e9change et les activit\u00e9s artisanales anciens.<\/li>\n<\/ul>\n\n\n\n<h4 class=\"wp-block-heading\">Les vestiges protohistoriques et antiques<\/h4>\n\n\n\n<p>Le d\u00e9capage int\u00e9gral a permis de confirmer la localisation des vestiges attendus, tout en r\u00e9v\u00e9lant une densit\u00e9 tr\u00e8s \u00e9lev\u00e9e d&rsquo;anomalies naturelles, telles que des bioturbations et des faits g\u00e9ologiques (Fig.1).<\/p>\n\n\n\n<figure class=\"wp-block-image size-large is-resized\"><img decoding=\"async\" loading=\"lazy\" src=\"https:\/\/www.eveha.fr\/wp-content\/uploads\/2026\/02\/CR2-SGDC-17-OA208523-2-462x1024.jpg\" alt=\"\" class=\"wp-image-10954\" style=\"width:462px;height:1024px\" width=\"462\" height=\"1024\" srcset=\"https:\/\/www.eveha.fr\/wp-content\/uploads\/2026\/02\/CR2-SGDC-17-OA208523-2-462x1024.jpg 462w, https:\/\/www.eveha.fr\/wp-content\/uploads\/2026\/02\/CR2-SGDC-17-OA208523-2-135x300.jpg 135w, https:\/\/www.eveha.fr\/wp-content\/uploads\/2026\/02\/CR2-SGDC-17-OA208523-2-768x1701.jpg 768w, https:\/\/www.eveha.fr\/wp-content\/uploads\/2026\/02\/CR2-SGDC-17-OA208523-2-694x1536.jpg 694w, https:\/\/www.eveha.fr\/wp-content\/uploads\/2026\/02\/CR2-SGDC-17-OA208523-2-925x2048.jpg 925w, https:\/\/www.eveha.fr\/wp-content\/uploads\/2026\/02\/CR2-SGDC-17-OA208523-2.jpg 936w\" sizes=\"(max-width: 462px) 100vw, 462px\" \/><figcaption class=\"wp-element-caption\"><em>Fig. 1 : Orthophotographie r\u00e9alis\u00e9e par drone \u00e0 l&rsquo;issue du d\u00e9capage m\u00e9canique. Cr\u00e9dit : \u00c9veha 2025.<\/em><\/figcaption><\/figure>\n\n\n\n<p>Concernant la Protohistoire et l&rsquo;Antiquit\u00e9, les travaux ont confirm\u00e9 la pr\u00e9sence de <strong>trois foss\u00e9s protohistoriques et\/ou antiques parall\u00e8les<\/strong>, auxquels s&rsquo;ajoutent d&rsquo;<strong>autres foss\u00e9s dessinant un enclos ou des parcelles<\/strong> (Fig. 2). L&#8217;emprise a \u00e9galement livr\u00e9 des fosses et des trous de poteau tr\u00e8s aras\u00e9s et isol\u00e9s. L&rsquo;absence de plans de b\u00e2timents \u00e9vidents de type greniers a \u00e9t\u00e9 confirm\u00e9e, l&rsquo;identification d&rsquo;une organisation coh\u00e9rente de trous de poteau \u00e9tant rendue difficile par le nombre \u00e9lev\u00e9 de faits annul\u00e9s d&rsquo;origine naturelle.<\/p>\n\n\n\n<figure class=\"wp-block-image size-full\"><img decoding=\"async\" loading=\"lazy\" width=\"543\" height=\"768\" src=\"https:\/\/www.eveha.fr\/wp-content\/uploads\/2026\/02\/Fig.-1-Loi\u0308c-MAZOU.resized-1.jpg\" alt=\"\" class=\"wp-image-10945\" srcset=\"https:\/\/www.eveha.fr\/wp-content\/uploads\/2026\/02\/Fig.-1-Loi\u0308c-MAZOU.resized-1.jpg 543w, https:\/\/www.eveha.fr\/wp-content\/uploads\/2026\/02\/Fig.-1-Loi\u0308c-MAZOU.resized-1-212x300.jpg 212w\" sizes=\"(max-width: 543px) 100vw, 543px\" \/><figcaption class=\"wp-element-caption\"><em>Fig. 2 : Plan masse. Cr\u00e9dit : \u00c9veha 2025.<\/em><\/figcaption><\/figure>\n\n\n\n<p>Une d\u00e9couverte notable concerne la fosse F 1033, une <strong>fosse oblongue au profil en \u00ab Y \u00bb <\/strong>qui mesure environ 2,80 m de long et 1,80 m de profondeur. Elle est coup\u00e9e en partie haute par un foss\u00e9 gallo-romain dat\u00e9 de la seconde moiti\u00e9 du 2e si\u00e8cle apr. J.-C. Cette fosse, dont les dimensions \u00e9voquent l&rsquo;<strong>hypoth\u00e8se d&rsquo;une fosse de chasse<\/strong> (Fig. 3), a livr\u00e9 des tessons de c\u00e9ramique semblant appartenir au r\u00e9pertoire n\u00e9olithique, ainsi qu&rsquo;<strong>une pi\u00e8ce de bois<\/strong> bien pr\u00e9serv\u00e9e (Fig. 4).<\/p>\n\n\n\n<figure class=\"wp-block-image size-full\"><img decoding=\"async\" loading=\"lazy\" width=\"576\" height=\"768\" src=\"https:\/\/www.eveha.fr\/wp-content\/uploads\/2026\/02\/Fig.-5-Loi\u0308c-MAZOU.resized.jpg\" alt=\"\" class=\"wp-image-10946\" srcset=\"https:\/\/www.eveha.fr\/wp-content\/uploads\/2026\/02\/Fig.-5-Loi\u0308c-MAZOU.resized.jpg 576w, https:\/\/www.eveha.fr\/wp-content\/uploads\/2026\/02\/Fig.-5-Loi\u0308c-MAZOU.resized-225x300.jpg 225w\" sizes=\"(max-width: 576px) 100vw, 576px\" \/><figcaption class=\"wp-element-caption\"><em>Fig.3 : Fosse F 1033, vue en coupe (Fosse de chasse n\u00e9olithique ?). Cr\u00e9dit : \u00c9veha 2025<\/em><\/figcaption><\/figure>\n\n\n\n<figure class=\"wp-block-image size-full\"><img decoding=\"async\" loading=\"lazy\" width=\"1024\" height=\"768\" src=\"https:\/\/www.eveha.fr\/wp-content\/uploads\/2026\/02\/Fig.-6-Loi\u0308c-MAZOU.resized.jpg\" alt=\"\" class=\"wp-image-10947\" srcset=\"https:\/\/www.eveha.fr\/wp-content\/uploads\/2026\/02\/Fig.-6-Loi\u0308c-MAZOU.resized.jpg 1024w, https:\/\/www.eveha.fr\/wp-content\/uploads\/2026\/02\/Fig.-6-Loi\u0308c-MAZOU.resized-300x225.jpg 300w, https:\/\/www.eveha.fr\/wp-content\/uploads\/2026\/02\/Fig.-6-Loi\u0308c-MAZOU.resized-768x576.jpg 768w\" sizes=\"(max-width: 767px) 89vw, (max-width: 1000px) 54vw, (max-width: 1071px) 543px, 580px\" \/><figcaption class=\"wp-element-caption\"><em>Fig.4 : Fosse de chasse?, d\u00e9tail montrant la pi\u00e8ce de bois pr\u00e9serv\u00e9e dans le comblement. Cr\u00e9dit : \u00c9veha 2025<\/em><\/figcaption><\/figure>\n\n\n\n<h4 class=\"wp-block-heading\">Des vestiges fun\u00e9raires pour le Moyen \u00c2ge et l&rsquo;\u00e9poque Moderne<\/h4>\n\n\n\n<p>Pour les p\u00e9riodes post-antiques, un foss\u00e9 a \u00e9t\u00e9 identifi\u00e9 comme \u00e9tant un foss\u00e9 de parcellaire moderne. <strong>Deux s\u00e9pultures<\/strong> ont \u00e9t\u00e9 mises au jour. La premi\u00e8re est une s\u00e9pulture isol\u00e9e de conservation m\u00e9diocre (Fig. 5) qui a livr\u00e9 une <strong>fibule en \u00ab C \u00bb datable de la p\u00e9riode m\u00e9rovingienne<\/strong>. La seconde inhumation est une r\u00e9duction de s\u00e9pulture : il s&rsquo;agit d&rsquo;un <strong>ossuaire dans un contenant en calcaire<\/strong> (Fig. 6) d&rsquo;un individu adulte dont le squelette a \u00e9t\u00e9 d\u00e9mont\u00e9 et reconditionn\u00e9 \u00e0 l&rsquo;\u00c9poque moderne et plac\u00e9 dans le remblai d&rsquo;une fosse d&rsquo;extraction de calcaire. Le mat\u00e9riel sporadique associ\u00e9 semble \u00e9galement indiquer une datation tardive de l&rsquo;\u00c9poque moderne.<\/p>\n\n\n\n<figure class=\"wp-block-image size-full\"><img decoding=\"async\" loading=\"lazy\" width=\"1024\" height=\"768\" src=\"https:\/\/www.eveha.fr\/wp-content\/uploads\/2026\/02\/Fig.-3-Loi\u0308c-MAZOU.resized.jpg\" alt=\"\" class=\"wp-image-10948\" srcset=\"https:\/\/www.eveha.fr\/wp-content\/uploads\/2026\/02\/Fig.-3-Loi\u0308c-MAZOU.resized.jpg 1024w, https:\/\/www.eveha.fr\/wp-content\/uploads\/2026\/02\/Fig.-3-Loi\u0308c-MAZOU.resized-300x225.jpg 300w, https:\/\/www.eveha.fr\/wp-content\/uploads\/2026\/02\/Fig.-3-Loi\u0308c-MAZOU.resized-768x576.jpg 768w\" sizes=\"(max-width: 767px) 89vw, (max-width: 1000px) 54vw, (max-width: 1071px) 543px, 580px\" \/><figcaption class=\"wp-element-caption\"><em>Fig.5 : S\u00e9pulture F 1020. Cr\u00e9dit : \u00c9veha 2025.<\/em><\/figcaption><\/figure>\n\n\n\n<figure class=\"wp-block-image size-full\"><img decoding=\"async\" loading=\"lazy\" width=\"1024\" height=\"768\" src=\"https:\/\/www.eveha.fr\/wp-content\/uploads\/2026\/02\/Fig.-4-Loi\u0308c-MAZOU.resized.jpg\" alt=\"\" class=\"wp-image-10949\" srcset=\"https:\/\/www.eveha.fr\/wp-content\/uploads\/2026\/02\/Fig.-4-Loi\u0308c-MAZOU.resized.jpg 1024w, https:\/\/www.eveha.fr\/wp-content\/uploads\/2026\/02\/Fig.-4-Loi\u0308c-MAZOU.resized-300x225.jpg 300w, https:\/\/www.eveha.fr\/wp-content\/uploads\/2026\/02\/Fig.-4-Loi\u0308c-MAZOU.resized-768x576.jpg 768w\" sizes=\"(max-width: 767px) 89vw, (max-width: 1000px) 54vw, (max-width: 1071px) 543px, 580px\" \/><figcaption class=\"wp-element-caption\">Fig.6 : S\u00e9pulture F 1058 en cours de fouille. Cr\u00e9dit : \u00c9veha 2025.<\/figcaption><\/figure>\n\n\n\n<h4 class=\"wp-block-heading\">Les recherches \u00e0 venir<\/h4>\n\n\n\n<p>La post-fouille devra imp\u00e9rativement confirmer la datation n\u00e9olithique de la fosse par une analyse 14C sur la pi\u00e8ce de bois et par des analyses xylologiques et anthracologiques, afin de collecter de pr\u00e9cieuses donn\u00e9es pour le dossier pal\u00e9oenvironnemental. L&rsquo;expertise du petit mobilier, notamment la fibule m\u00e9rovingienne, devra \u00e9galement \u00eatre r\u00e9alis\u00e9 afin de mieux cerner le profil des occupants du site. Enfin, il sera n\u00e9cessaire d&rsquo;\u00e9tudier l&rsquo;organisation et la chronologie absolue et relative du syst\u00e8me fossoy\u00e9 et d&rsquo;int\u00e9grer le phasage des s\u00e9pultures m\u00e9rovingiennes et modernes dans l&rsquo;histoire de l&rsquo;occupation du site.<\/p>\n","protected":false},"excerpt":{"rendered":"<p>Les fouilles arch\u00e9ologiques men\u00e9es sur le site de Saint-Georges-des-Coteaux (17) &#8211; Chemin de Mongr\u00e9 &#8211; ZAC des Coteaux ont \u00e9t\u00e9 r\u00e9alis\u00e9es par le bureau d\u2019\u00e9tudes \u00c9veha sous la responsabilit\u00e9 de Lo\u00efc Mazou dans le cadre du projet d\u2019am\u00e9nagement port\u00e9 par SCCV UNI ENE SAINTES. Les investigations arch\u00e9ologiques ont permis de mettre au jour des vestiges &hellip; <\/p>\n<p class=\"link-more\"><a href=\"https:\/\/www.eveha.fr\/index.php\/2026\/03\/04\/saint-georges-des-coteaux-17-chemin-de-mongre-zac-des-coteaux\/\" class=\"more-link\">Continuer la lecture<span class=\"screen-reader-text\"> de &laquo;&nbsp;SAINT-GEORGES-DES-COTEAUX (17) &#8211; Chemin de Mongr\u00e9 &#8211; ZAC des Coteaux&nbsp;&raquo;<\/span><\/a><\/p>\n","protected":false},"author":4,"featured_media":10955,"comment_status":"closed","ping_status":"open","sticky":false,"template":"","format":"standard","meta":{"inline_featured_image":false,"footnotes":""},"categories":[1,6,9,8,5],"tags":[],"_links":{"self":[{"href":"https:\/\/www.eveha.fr\/index.php\/wp-json\/wp\/v2\/posts\/10943"}],"collection":[{"href":"https:\/\/www.eveha.fr\/index.php\/wp-json\/wp\/v2\/posts"}],"about":[{"href":"https:\/\/www.eveha.fr\/index.php\/wp-json\/wp\/v2\/types\/post"}],"author":[{"embeddable":true,"href":"https:\/\/www.eveha.fr\/index.php\/wp-json\/wp\/v2\/users\/4"}],"replies":[{"embeddable":true,"href":"https:\/\/www.eveha.fr\/index.php\/wp-json\/wp\/v2\/comments?post=10943"}],"version-history":[{"count":7,"href":"https:\/\/www.eveha.fr\/index.php\/wp-json\/wp\/v2\/posts\/10943\/revisions"}],"predecessor-version":[{"id":11030,"href":"https:\/\/www.eveha.fr\/index.php\/wp-json\/wp\/v2\/posts\/10943\/revisions\/11030"}],"wp:featuredmedia":[{"embeddable":true,"href":"https:\/\/www.eveha.fr\/index.php\/wp-json\/wp\/v2\/media\/10955"}],"wp:attachment":[{"href":"https:\/\/www.eveha.fr\/index.php\/wp-json\/wp\/v2\/media?parent=10943"}],"wp:term":[{"taxonomy":"category","embeddable":true,"href":"https:\/\/www.eveha.fr\/index.php\/wp-json\/wp\/v2\/categories?post=10943"},{"taxonomy":"post_tag","embeddable":true,"href":"https:\/\/www.eveha.fr\/index.php\/wp-json\/wp\/v2\/tags?post=10943"}],"curies":[{"name":"wp","href":"https:\/\/api.w.org\/{rel}","templated":true}]}}