{"id":12234,"date":"2026-09-03T12:05:18","date_gmt":"2026-09-03T10:05:18","guid":{"rendered":"https:\/\/www.eveha.fr\/?p=12234"},"modified":"2026-09-03T12:05:18","modified_gmt":"2026-09-03T10:05:18","slug":"fressines-79-la-croix-ganne","status":"publish","type":"post","link":"https:\/\/www.eveha.fr\/index.php\/2026\/09\/03\/fressines-79-la-croix-ganne\/","title":{"rendered":"FRESSINES (79) &#8211; La Croix Ganne"},"content":{"rendered":"\n<p>Les fouilles arch\u00e9ologiques men\u00e9es sur le site de Fressines (79) &#8211; La Croix Ganne ont \u00e9t\u00e9 r\u00e9alis\u00e9es par le bureau d\u2019\u00e9tudes \u00c9veha sous la responsabilit\u00e9 de Johanna-Olivia Doumerc dans le cadre du projet d\u2019am\u00e9nagement port\u00e9 par la Communaut\u00e9 de communes Mellois en Poitou. Les investigations arch\u00e9ologiques ont permis de mettre au jour des vestiges dat\u00e9s du <strong>N\u00e9olithique et de l\u2019\u00e9poque contemporaine<\/strong>.<\/p>\n\n\n\n<!--more-->\n\n\n\n<h4 class=\"wp-block-heading\">Objectifs scientifiques<\/h4>\n\n\n\n<p>Les objectifs scientifiques visaient \u00e0 documenter l\u2019<strong>organisation des structures et des vestiges<\/strong> pour en proposer un plan g\u00e9n\u00e9ral. Les probl\u00e9matiques avaient \u00e9galement pour sujet d\u2019\u00e9claircir la question du <strong>statut et de la vocation des potentielles phases d\u2019occupation<\/strong>, ainsi que de d\u00e9terminer, au sein de chaque phase d\u2019occupation, les <strong>\u00e9ventuelles relations fonctionnelles entrevues entre ces structures<\/strong>, ou tout du moins leur chronologie relative. L\u2019\u00e9tude devait, in fine, permettre de replacer les occupations mises au jour dans un <strong>contexte local et, plus largement, r\u00e9gional voire extra-r\u00e9gional<\/strong>, pour chacune des p\u00e9riodes concern\u00e9es.<\/p>\n\n\n\n<figure class=\"wp-block-image size-large\"><img decoding=\"async\" loading=\"lazy\" width=\"1024\" height=\"724\" src=\"https:\/\/www.eveha.fr\/wp-content\/uploads\/2026\/06\/plan_A4_0319-Johanna-Olivia-DOUMERC-1024x724.png\" alt=\"\" class=\"wp-image-12240\" srcset=\"https:\/\/www.eveha.fr\/wp-content\/uploads\/2026\/06\/plan_A4_0319-Johanna-Olivia-DOUMERC-1024x724.png 1024w, https:\/\/www.eveha.fr\/wp-content\/uploads\/2026\/06\/plan_A4_0319-Johanna-Olivia-DOUMERC-300x212.png 300w, https:\/\/www.eveha.fr\/wp-content\/uploads\/2026\/06\/plan_A4_0319-Johanna-Olivia-DOUMERC-768x543.png 768w, https:\/\/www.eveha.fr\/wp-content\/uploads\/2026\/06\/plan_A4_0319-Johanna-Olivia-DOUMERC-1536x1086.png 1536w, https:\/\/www.eveha.fr\/wp-content\/uploads\/2026\/06\/plan_A4_0319-Johanna-Olivia-DOUMERC-2048x1448.png 2048w\" sizes=\"(max-width: 767px) 89vw, (max-width: 1000px) 54vw, (max-width: 1071px) 543px, 580px\" \/><figcaption class=\"wp-element-caption\"><br>Fig.1 : Plan du site. Cr\u00e9dit : \u00c9veha 2026.<\/figcaption><\/figure>\n\n\n\n<h4 class=\"wp-block-heading\">Des vestiges \u00e9pars<\/h4>\n\n\n\n<p>Pour le moment, nous n\u2019avons aucun indice sur la ou les p\u00e9riodes d\u2019occupation du site car les structures ont livr\u00e9 <strong>tr\u00e8s peu, voire aucun, artefact arch\u00e9ologique<\/strong>. En tout, ce sont <strong>40 structures <\/strong>qui ont \u00e9t\u00e9 mises au jour : 26 fosses, une fosse d\u2019extraction, sept foss\u00e9s, trois trous de poteau et trois structures empierr\u00e9es.<\/p>\n\n\n\n<figure class=\"wp-block-image size-full\"><img decoding=\"async\" loading=\"lazy\" width=\"1024\" height=\"683\" src=\"https:\/\/www.eveha.fr\/wp-content\/uploads\/2026\/06\/DJI_0764-Johanna-Olivia-DOUMERC.resized.jpg\" alt=\"\" class=\"wp-image-12241\" srcset=\"https:\/\/www.eveha.fr\/wp-content\/uploads\/2026\/06\/DJI_0764-Johanna-Olivia-DOUMERC.resized.jpg 1024w, https:\/\/www.eveha.fr\/wp-content\/uploads\/2026\/06\/DJI_0764-Johanna-Olivia-DOUMERC.resized-300x200.jpg 300w, https:\/\/www.eveha.fr\/wp-content\/uploads\/2026\/06\/DJI_0764-Johanna-Olivia-DOUMERC.resized-768x512.jpg 768w\" sizes=\"(max-width: 767px) 89vw, (max-width: 1000px) 54vw, (max-width: 1071px) 543px, 580px\" \/><figcaption class=\"wp-element-caption\"><br>Fig. 2 : Vue z\u00e9nithale avec drone des structures empierr\u00e9es 41 et 42 pr\u00e9sentes en surface de la fosse d&rsquo;extraction 18. Cr\u00e9dit : \u00c9veha 2026.<\/figcaption><\/figure>\n\n\n\n<figure class=\"wp-block-image size-large is-resized\"><img decoding=\"async\" loading=\"lazy\" src=\"https:\/\/www.eveha.fr\/wp-content\/uploads\/2026\/06\/P1060057-Johanna-Olivia-DOUMERC-1024x768.jpg\" alt=\"\" class=\"wp-image-12244\" style=\"width:674px;height:506px\" width=\"674\" height=\"506\" srcset=\"https:\/\/www.eveha.fr\/wp-content\/uploads\/2026\/06\/P1060057-Johanna-Olivia-DOUMERC-1024x768.jpg 1024w, https:\/\/www.eveha.fr\/wp-content\/uploads\/2026\/06\/P1060057-Johanna-Olivia-DOUMERC-300x225.jpg 300w, https:\/\/www.eveha.fr\/wp-content\/uploads\/2026\/06\/P1060057-Johanna-Olivia-DOUMERC-768x576.jpg 768w, https:\/\/www.eveha.fr\/wp-content\/uploads\/2026\/06\/P1060057-Johanna-Olivia-DOUMERC-1536x1152.jpg 1536w, https:\/\/www.eveha.fr\/wp-content\/uploads\/2026\/06\/P1060057-Johanna-Olivia-DOUMERC.jpg 2048w\" sizes=\"(max-width: 674px) 100vw, 674px\" \/><figcaption class=\"wp-element-caption\"><br>Fig. 3 : Profil de la structure empierr\u00e9e 42 dans la coupe ouest-est de la fosse d&rsquo;extraction 18. Cr\u00e9dit : \u00c9veha 2026.<\/figcaption><\/figure>\n\n\n\n<h4 class=\"wp-block-heading\">Probl\u00e9matiques scientifiques de la post-fouille<\/h4>\n\n\n\n<p>L\u2019une des principales probl\u00e9matiques de la phase de post-fouille est de r\u00e9colter suffisamment de charbons pour lancer des <strong>analyses de datation afin d\u2019\u00e9tablir la chronologie des vestiges<\/strong>. L\u2019<strong>analyse de l\u2019organisation spatiale <\/strong>des structures entre elles sera \u00e9galement l\u2019une des probl\u00e9matiques lors de la post-fouille, pour en proposer une interpr\u00e9tation.<\/p>\n","protected":false},"excerpt":{"rendered":"<p>Les fouilles arch\u00e9ologiques men\u00e9es sur le site de Fressines (79) &#8211; La Croix Ganne ont \u00e9t\u00e9 r\u00e9alis\u00e9es par le bureau d\u2019\u00e9tudes \u00c9veha sous la responsabilit\u00e9 de Johanna-Olivia Doumerc dans le cadre du projet d\u2019am\u00e9nagement port\u00e9 par la Communaut\u00e9 de communes Mellois en Poitou. Les investigations arch\u00e9ologiques ont permis de mettre au jour des vestiges dat\u00e9s &hellip; <\/p>\n<p class=\"link-more\"><a href=\"https:\/\/www.eveha.fr\/index.php\/2026\/09\/03\/fressines-79-la-croix-ganne\/\" class=\"more-link\">Continuer la lecture<span class=\"screen-reader-text\"> de &laquo;&nbsp;FRESSINES (79) &#8211; La Croix Ganne&nbsp;&raquo;<\/span><\/a><\/p>\n","protected":false},"author":4,"featured_media":12247,"comment_status":"closed","ping_status":"open","sticky":false,"template":"","format":"standard","meta":{"inline_featured_image":false,"footnotes":""},"categories":[10,20],"tags":[],"_links":{"self":[{"href":"https:\/\/www.eveha.fr\/index.php\/wp-json\/wp\/v2\/posts\/12234"}],"collection":[{"href":"https:\/\/www.eveha.fr\/index.php\/wp-json\/wp\/v2\/posts"}],"about":[{"href":"https:\/\/www.eveha.fr\/index.php\/wp-json\/wp\/v2\/types\/post"}],"author":[{"embeddable":true,"href":"https:\/\/www.eveha.fr\/index.php\/wp-json\/wp\/v2\/users\/4"}],"replies":[{"embeddable":true,"href":"https:\/\/www.eveha.fr\/index.php\/wp-json\/wp\/v2\/comments?post=12234"}],"version-history":[{"count":12,"href":"https:\/\/www.eveha.fr\/index.php\/wp-json\/wp\/v2\/posts\/12234\/revisions"}],"predecessor-version":[{"id":12734,"href":"https:\/\/www.eveha.fr\/index.php\/wp-json\/wp\/v2\/posts\/12234\/revisions\/12734"}],"wp:featuredmedia":[{"embeddable":true,"href":"https:\/\/www.eveha.fr\/index.php\/wp-json\/wp\/v2\/media\/12247"}],"wp:attachment":[{"href":"https:\/\/www.eveha.fr\/index.php\/wp-json\/wp\/v2\/media?parent=12234"}],"wp:term":[{"taxonomy":"category","embeddable":true,"href":"https:\/\/www.eveha.fr\/index.php\/wp-json\/wp\/v2\/categories?post=12234"},{"taxonomy":"post_tag","embeddable":true,"href":"https:\/\/www.eveha.fr\/index.php\/wp-json\/wp\/v2\/tags?post=12234"}],"curies":[{"name":"wp","href":"https:\/\/api.w.org\/{rel}","templated":true}]}}