{"id":1450,"date":"2021-07-12T09:11:56","date_gmt":"2021-07-12T07:11:56","guid":{"rendered":"http:\/\/www.eveha.fr\/?p=1450"},"modified":"2021-07-12T09:11:56","modified_gmt":"2021-07-12T07:11:56","slug":"neyron-01-les-sarrasinieres","status":"publish","type":"post","link":"https:\/\/www.eveha.fr\/index.php\/2021\/07\/12\/neyron-01-les-sarrasinieres\/","title":{"rendered":"Neyron (01) &#8211; Les Sarrasini\u00e8res"},"content":{"rendered":"\n<p>Soutenue par \u00c9veha et le Minist\u00e8re de la Culture, une seconde campagne de fouilles sur le site des <em>Sarrasini\u00e8res<\/em>  \u00e0 Neyron (Ain) s\u2019est d\u00e9roul\u00e9e du 21 au 29 juin sous  la direction de Tony Silvino, arch\u00e9ologue sp\u00e9cialiste de l\u2019Antiquit\u00e9  gallo-romaine dans la r\u00e9gion lyonnaise.<\/p>\n\n\n\n<!--more-->\n\n\n\n<p>Cet ouvrage monumental reconnu depuis le XVIIe si\u00e8cle sur les berges du Rh\u00f4ne n\u2019avait jusqu\u2019\u00e0 r\u00e9cemment fait l\u2019objet d\u2019aucune \u00e9tude arch\u00e9ologique proprement dite. Ce n\u2019est que depuis 2018 que diff\u00e9rents chercheurs s\u2019associent pour mieux comprendre cet ouvrage \u00e9nigmatique qui serait en lien avec les r\u00e9seaux souterrains de Lyon que l\u2019on appelle commun\u00e9ment \u00ab&nbsp;ar\u00eates de poisson&nbsp;\u00bb. \u00c0 partir de cette ann\u00e9e, cette collaboration prend la forme d\u2019un Projet Collectif de Recherche (PCR) dirig\u00e9 par Cyrille Ducourthial (Service Arch\u00e9ologique de la Ville de Lyon).<\/p>\n\n\n\n<figure class=\"wp-block-image\"><img decoding=\"async\" loading=\"lazy\" width=\"1024\" height=\"768\" src=\"https:\/\/www.eveha.fr\/wp-content\/uploads\/2021\/07\/DSCN2730.resized-1024x768.jpg\" alt=\"\" class=\"wp-image-1452\" srcset=\"https:\/\/www.eveha.fr\/wp-content\/uploads\/2021\/07\/DSCN2730.resized.jpg 1024w, https:\/\/www.eveha.fr\/wp-content\/uploads\/2021\/07\/DSCN2730.resized-300x225.jpg 300w, https:\/\/www.eveha.fr\/wp-content\/uploads\/2021\/07\/DSCN2730.resized-768x576.jpg 768w\" sizes=\"(max-width: 767px) 89vw, (max-width: 1000px) 54vw, (max-width: 1071px) 543px, 580px\" \/><figcaption>Vestiges de la fa\u00e7ade d\u2019une vaste salle souterraine ouverte sur le Rh\u00f4ne. Cr\u00e9dit&nbsp;: \u00c9veha, 2019. <\/figcaption><\/figure>\n\n\n\n<p>L\u2019ouvrage des <em>Sarrasini\u00e8res<\/em> d\u00e9signe un syst\u00e8me de galeries observ\u00e9 sur la rive droite du Rh\u00f4ne depuis Lyon jusqu\u2019au moins la commune de Neyron dans l\u2019Ain. Des am\u00e9nagements connexes lui sont associ\u00e9s. Certaines portions du monument sont encore en partie apparentes sur les berges envahies par la v\u00e9g\u00e9tation, et \u00c9veha intervient depuis 2019 sur deux d\u2019entre elles \u00e0 hauteur de la commune de Neyron. La premi\u00e8re portion correspond \u00e0 une vaste salle souterraine vo\u00fbt\u00e9e ouverte sur le Rh\u00f4ne. \u00c0 quelques centaines de m\u00e8tres en aval, le second secteur investi correspond \u00e0 une galerie dont seuls un pi\u00e9droit et une partie de la vo\u00fbte ont \u00e9t\u00e9 pr\u00e9serv\u00e9s. Lors des pr\u00e9c\u00e9dentes op\u00e9rations, la r\u00e9colte de r\u00e9sidus de charbons de bois pris dans le mortier de la construction et dat\u00e9s par le radiocarbone a permis de confirmer l\u2019attribution de l\u2019ouvrage \u00e0 la p\u00e9riode antique, qui pourrait avoir \u00e9t\u00e9 \u00e9difi\u00e9 entre la fin du Ier s. av. J.-C. et le d\u00e9but du Ier s. ap. J.-C..<\/p>\n\n\n\n<figure class=\"wp-block-image\"><img decoding=\"async\" loading=\"lazy\" width=\"576\" height=\"1024\" src=\"http:\/\/www.eveha.fr\/wp-content\/uploads\/2021\/07\/DSC_2991.resized-e1625832473549-576x1024.jpg\" alt=\"\" class=\"wp-image-1454\" srcset=\"https:\/\/www.eveha.fr\/wp-content\/uploads\/2021\/07\/DSC_2991.resized-e1625832473549.jpg 576w, https:\/\/www.eveha.fr\/wp-content\/uploads\/2021\/07\/DSC_2991.resized-e1625832473549-169x300.jpg 169w\" sizes=\"(max-width: 576px) 100vw, 576px\" \/><figcaption>Premier d\u00e9gagement des vestiges en 2019. Cr\u00e9dit&nbsp;: \u00c9veha, 2019. <\/figcaption><\/figure>\n\n\n\n<figure class=\"wp-block-image\"><img decoding=\"async\" loading=\"lazy\" width=\"768\" height=\"1024\" src=\"http:\/\/www.eveha.fr\/wp-content\/uploads\/2021\/07\/fig2.resized-e1625832843595-768x1024.jpg\" alt=\"\" class=\"wp-image-1453\" srcset=\"https:\/\/www.eveha.fr\/wp-content\/uploads\/2021\/07\/fig2.resized-e1625832843595.jpg 768w, https:\/\/www.eveha.fr\/wp-content\/uploads\/2021\/07\/fig2.resized-e1625832843595-225x300.jpg 225w\" sizes=\"(max-width: 767px) 89vw, (max-width: 1000px) 54vw, (max-width: 1071px) 543px, 580px\" \/><figcaption>Vue du sondage r\u00e9alis\u00e9 cette ann\u00e9e contre le pi\u00e9droit conserv\u00e9 d\u2019une portion de galerie. Cr\u00e9dit&nbsp;: \u00c9veha, 2021. <\/figcaption><\/figure>\n\n\n\n<p>Plusieurs sondages r\u00e9alis\u00e9s cette ann\u00e9e pour certains avec des moyens m\u00e9caniques apportent de nouvelles donn\u00e9es sur l\u2019\u00e9difice. Ainsi ses fondations ont pu \u00eatre atteintes et document\u00e9es. Un enregistrement pr\u00e9cis des d\u00e9p\u00f4ts de crue post\u00e9rieurs \u00e0 l\u2019abandon a \u00e9t\u00e9 r\u00e9alis\u00e9 par ailleurs. Des d\u00e9p\u00f4ts semblables mais peut-\u00eatre ant\u00e9rieurs \u00e0 la fondation de l\u2019ouvrage ont aussi pu \u00eatre appr\u00e9hend\u00e9s. Ces derniers ont livr\u00e9 quelques fragments de c\u00e9ramique antique. Surtout, du bois ayant notamment servi au coffrage des fondations en b\u00e9ton du monument et conserv\u00e9 jusqu\u2019\u00e0 nos jours dans un milieu humide, a \u00e9t\u00e9 r\u00e9colt\u00e9. L\u2019\u00e9tat de conservation de ce bois sera peut-\u00eatre suffisant pour obtenir une datation dendrochronologique qui sera un peu plus pr\u00e9cise que la m\u00e9thode par le radiocarbone pr\u00e9c\u00e9demment utilis\u00e9e. Parmi les autres r\u00e9sultats de l\u2019op\u00e9ration, l\u2019observation attentive des pierres employ\u00e9es dans la construction par un g\u00e9ologue confirme que le mat\u00e9riau utilis\u00e9 pour la mise en \u0153uvre des <em>Sarrasini\u00e8res<\/em> (calcaire rouge \u00e0 entroques du val de Sa\u00f4ne) est identique \u00e0 celui des souterrains lyonnais, ce qui \u00e9taie le lien suppos\u00e9 entre les deux ouvrages.<\/p>\n\n\n\n<figure class=\"wp-block-image\"><img decoding=\"async\" loading=\"lazy\" width=\"1024\" height=\"768\" src=\"https:\/\/www.eveha.fr\/wp-content\/uploads\/2021\/07\/fig3.resized-1-1024x768.jpg\" alt=\"\" class=\"wp-image-1458\" srcset=\"https:\/\/www.eveha.fr\/wp-content\/uploads\/2021\/07\/fig3.resized-1.jpg 1024w, https:\/\/www.eveha.fr\/wp-content\/uploads\/2021\/07\/fig3.resized-1-300x225.jpg 300w, https:\/\/www.eveha.fr\/wp-content\/uploads\/2021\/07\/fig3.resized-1-768x576.jpg 768w\" sizes=\"(max-width: 767px) 89vw, (max-width: 1000px) 54vw, (max-width: 1071px) 543px, 580px\" \/><figcaption>C\u00f4t\u00e9 Rh\u00f4ne, les fondations de la galerie (ici photographi\u00e9es en plan au fond du sondage) se sont disloqu\u00e9es avec l\u2019\u00e9rosion de la berge. Cr\u00e9dit&nbsp;: \u00c9veha, 2021. <\/figcaption><\/figure>\n\n\n\n<figure class=\"wp-block-image\"><img decoding=\"async\" loading=\"lazy\" width=\"1024\" height=\"576\" src=\"http:\/\/www.eveha.fr\/wp-content\/uploads\/2021\/07\/DSC_0077.resized-1024x576.jpg\" alt=\"\" class=\"wp-image-1455\" srcset=\"https:\/\/www.eveha.fr\/wp-content\/uploads\/2021\/07\/DSC_0077.resized.jpg 1024w, https:\/\/www.eveha.fr\/wp-content\/uploads\/2021\/07\/DSC_0077.resized-300x169.jpg 300w, https:\/\/www.eveha.fr\/wp-content\/uploads\/2021\/07\/DSC_0077.resized-768x432.jpg 768w\" sizes=\"(max-width: 767px) 89vw, (max-width: 1000px) 54vw, (max-width: 1071px) 543px, 580px\" \/><figcaption>Vue de la stratigraphie des d\u00e9p\u00f4ts de crue recouvrant les vestiges des fondations de la galerie. Cr\u00e9dit&nbsp;: \u00c9veha, 2021. <\/figcaption><\/figure>\n\n\n\n<figure class=\"wp-block-image\"><img decoding=\"async\" loading=\"lazy\" width=\"1024\" height=\"768\" src=\"http:\/\/www.eveha.fr\/wp-content\/uploads\/2021\/07\/fig4.resized-1024x768.jpg\" alt=\"\" class=\"wp-image-1457\" srcset=\"https:\/\/www.eveha.fr\/wp-content\/uploads\/2021\/07\/fig4.resized.jpg 1024w, https:\/\/www.eveha.fr\/wp-content\/uploads\/2021\/07\/fig4.resized-300x225.jpg 300w, https:\/\/www.eveha.fr\/wp-content\/uploads\/2021\/07\/fig4.resized-768x576.jpg 768w\" sizes=\"(max-width: 767px) 89vw, (max-width: 1000px) 54vw, (max-width: 1071px) 543px, 580px\" \/><figcaption>D\u00e9gagement d\u2019une planche de bois ayant servi au coffrage des fondations en b\u00e9ton de la galerie. Cr\u00e9dit&nbsp;: \u00c9veha, 2021. <\/figcaption><\/figure>\n\n\n\n<p>L\u2019\u00e9tude de ces nouvelles donn\u00e9es acquises sur l\u2019\u00e9difice nous permettra sans doute d\u2019en conna\u00eetre un peu plus sur ce monument qui pourrait bien pr\u00e9senter les caract\u00e9ristiques d\u2019un am\u00e9nagement portuaire reli\u00e9 \u00e0 Lyon par un syst\u00e8me de galeries (entre autres pistes d\u2019interpr\u00e9tation).<\/p>\n","protected":false},"excerpt":{"rendered":"<p>Soutenue par \u00c9veha et le Minist\u00e8re de la Culture, une seconde campagne de fouilles sur le site des Sarrasini\u00e8res \u00e0 Neyron (Ain) s\u2019est d\u00e9roul\u00e9e du 21 au 29 juin sous la direction de Tony Silvino, arch\u00e9ologue sp\u00e9cialiste de l\u2019Antiquit\u00e9 gallo-romaine dans la r\u00e9gion lyonnaise.<\/p>\n","protected":false},"author":15,"featured_media":1451,"comment_status":"closed","ping_status":"open","sticky":false,"template":"","format":"standard","meta":{"inline_featured_image":false,"footnotes":""},"categories":[1,6],"tags":[],"_links":{"self":[{"href":"https:\/\/www.eveha.fr\/index.php\/wp-json\/wp\/v2\/posts\/1450"}],"collection":[{"href":"https:\/\/www.eveha.fr\/index.php\/wp-json\/wp\/v2\/posts"}],"about":[{"href":"https:\/\/www.eveha.fr\/index.php\/wp-json\/wp\/v2\/types\/post"}],"author":[{"embeddable":true,"href":"https:\/\/www.eveha.fr\/index.php\/wp-json\/wp\/v2\/users\/15"}],"replies":[{"embeddable":true,"href":"https:\/\/www.eveha.fr\/index.php\/wp-json\/wp\/v2\/comments?post=1450"}],"version-history":[{"count":4,"href":"https:\/\/www.eveha.fr\/index.php\/wp-json\/wp\/v2\/posts\/1450\/revisions"}],"predecessor-version":[{"id":1463,"href":"https:\/\/www.eveha.fr\/index.php\/wp-json\/wp\/v2\/posts\/1450\/revisions\/1463"}],"wp:featuredmedia":[{"embeddable":true,"href":"https:\/\/www.eveha.fr\/index.php\/wp-json\/wp\/v2\/media\/1451"}],"wp:attachment":[{"href":"https:\/\/www.eveha.fr\/index.php\/wp-json\/wp\/v2\/media?parent=1450"}],"wp:term":[{"taxonomy":"category","embeddable":true,"href":"https:\/\/www.eveha.fr\/index.php\/wp-json\/wp\/v2\/categories?post=1450"},{"taxonomy":"post_tag","embeddable":true,"href":"https:\/\/www.eveha.fr\/index.php\/wp-json\/wp\/v2\/tags?post=1450"}],"curies":[{"name":"wp","href":"https:\/\/api.w.org\/{rel}","templated":true}]}}