{"id":1465,"date":"2021-07-20T13:17:47","date_gmt":"2021-07-20T11:17:47","guid":{"rendered":"http:\/\/www.eveha.fr\/?p=1465"},"modified":"2021-07-20T13:17:47","modified_gmt":"2021-07-20T11:17:47","slug":"brive-la-gaillarde-19-centre-ville","status":"publish","type":"post","link":"https:\/\/www.eveha.fr\/index.php\/2021\/07\/20\/brive-la-gaillarde-19-centre-ville\/","title":{"rendered":"BRIVE-LA-GAILLARDE (19) &#8211; Centre-ville"},"content":{"rendered":"\n<p>\nLa cr\u00e9ation d\u2019un r\u00e9seau de chaleur urbain \u00e0 Brive-la-Gaillarde\nsur pr\u00e8s de 24 km a motiv\u00e9 la prescription d\u2019un suivi de travaux\nsur environ 800 m du trac\u00e9. Les zones sur lesquelles portait la\nprescription correspondent \u00e0 l\u2019ensemble des rues situ\u00e9es \u00e0\nl\u2019int\u00e9rieur des remparts m\u00e9di\u00e9vaux de Brive et une portion de\nvoirie (avenue Foch et rue Benjamin Delessert), \u00e9tant tout \u00e0 la\nfois sur le trac\u00e9 possible d\u2019une voie antique et longeant\nl\u2019emplacement de l\u2019ancien couvent des fr\u00e8res Pr\u00eacheurs.<\/p>\n\n\n\n<p>Ce suivi arch\u00e9ologique des tranch\u00e9es du r\u00e9seau de chaleur urbain de Brive a \u00e9t\u00e9 r\u00e9alis\u00e9  par une \u00e9quipe du bureau d&rsquo;\u00e9tude \u00c9veha sous la direction de Xavier Lhermite entre le le d\u00e9but octobre 2018 et la mi-mars 2021. <strong>Cette op\u00e9ration a permis de pr\u00e9ciser bien des points de l\u2019\u00e9volution de la ville.<\/strong><\/p>\n\n\n\n<!--more-->\n\n\n\n<p> <strong>Vestiges antiques et du haut Moyen \u00c2ge<\/strong><\/p>\n\n\n\n<p>Une\nvoie suivant un axe nord-ouest \u2013 sud-est, a \u00e9t\u00e9 d\u00e9couverte rue\nCharles Teyssier. Elle semble \u00eatre une des art\u00e8res principales du\nbourg antique de Brive. Am\u00e9nag\u00e9e d\u00e8s le premier si\u00e8cle, elle\n\u00e9tait bord\u00e9e \u00e0 l\u2019est par une zone d\u2019habitat et d\u2019artisanat\nmis au jour dans les ann\u00e9es 1980. Dans le prolongement de la rue\nCharles Teyssier, au sud, la rue Blaise Raynal a livr\u00e9 l\u00e0 encore\ndiff\u00e9rents vestiges de la p\u00e9riode antique&nbsp;: foss\u00e9, murs en\npierre de taille de grand appareil et un vestige de voirie\ncorrespondant probablement au prolongement de la voie mise au jour\nrue Charles Teyssier.<\/p>\n\n\n\n<p>Cette\nvoie antique semble par ailleurs marquer la limite occidentale de la\nn\u00e9cropole du haut Moyen \u00c2ge identifi\u00e9e par les fouilles anciennes\n\u00e0 l\u2019emplacement de l\u2019actuelle place Saint-Pierre. En effet,\naucune s\u00e9pulture ne fut mise au jour au sein de la tranch\u00e9e\nlongeant cet espace. \n<\/p>\n\n\n\n<figure class=\"wp-block-image\"><img decoding=\"async\" loading=\"lazy\" width=\"1000\" height=\"750\" src=\"https:\/\/www.eveha.fr\/wp-content\/uploads\/2021\/07\/IMG_6194c.jpg\" alt=\"\" class=\"wp-image-1466\" srcset=\"https:\/\/www.eveha.fr\/wp-content\/uploads\/2021\/07\/IMG_6194c.jpg 1000w, https:\/\/www.eveha.fr\/wp-content\/uploads\/2021\/07\/IMG_6194c-300x225.jpg 300w, https:\/\/www.eveha.fr\/wp-content\/uploads\/2021\/07\/IMG_6194c-768x576.jpg 768w\" sizes=\"(max-width: 767px) 89vw, (max-width: 1000px) 54vw, (max-width: 1071px) 543px, 580px\" \/><figcaption>Vestiges de la voie antique mise au jour rue Charles Teyssier. Cr\u00e9dit : \u00c9veha, 2021.<\/figcaption><\/figure>\n\n\n\n<p><strong>Vestiges m\u00e9di\u00e9vaux et modernes<\/strong><\/p>\n\n\n\n<p>En\npartie sud de rue Charles Teyssier, les creusements ont r\u00e9v\u00e9l\u00e9 des\nmurs correspondant sans doute \u00e0 des caves d\u2019anciens b\u00e2timents\ns\u2019\u00e9levant \u00e0 cet emplacement. Leur d\u00e9couverte, et l\u2019absence de\nces ma\u00e7onneries sur les plans anciens, t\u00e9moigne d\u2019un r\u00e9alignement\nde la rue ant\u00e9rieur au milieu du 18<sup>e<\/sup> si\u00e8cle. Le m\u00eame\nph\u00e9nom\u00e8ne de r\u00e9alignement de rue a \u00e9t\u00e9 bien mis en \u00e9vidence au\nsein de la rue Blaise Raynal qui a livr\u00e9 plusieurs ma\u00e7onneries\ncorrespondant \u00e0 d\u2019anciens murs de fa\u00e7ade et un escalier d\u2019acc\u00e8s\n\u00e0 une cave. \n<\/p>\n\n\n\n<p>La\nrue Mass\u00e9nat a \u00e9t\u00e9 perc\u00e9e tardivement. Aussi, \u00e0 l\u2019ouest de son\nintersection avec la rue Charles Teyssier, deux maisons ont \u00e9t\u00e9\nd\u00e9couvertes sur son trac\u00e9. De la maison la mieux per\u00e7ue, en partie\nnord de la rue, a \u00e9t\u00e9 appr\u00e9hend\u00e9e la cave dont au moins deux\n\u00e9tats ont \u00e9t\u00e9 clairement identifi\u00e9s. En partie orientale de la\nm\u00eame rue de tr\u00e8s nombreuses ma\u00e7onneries sont \u00e0 rattacher \u00e0\nl\u2019ancien couvent des Clarisses (puis de Bonnesaigne). Si peu de\nmobilier fut r\u00e9colt\u00e9, la chronologie relative et la confrontation\ndes ma\u00e7onneries avec les plans anciens a permis d\u2019assez bien\nappr\u00e9hender l\u2019\u00e9volution du b\u00e2ti et de percevoir le potentiel\narch\u00e9ologique important de ce secteur. \u00c0 l\u2019extr\u00e9mit\u00e9 est de la\ntranch\u00e9e, un mur peut \u00eatre identifi\u00e9 avec le mur d\u2019enceinte de\nla ville.<\/p>\n\n\n\n<figure class=\"wp-block-image\"><img decoding=\"async\" loading=\"lazy\" width=\"1000\" height=\"750\" src=\"https:\/\/www.eveha.fr\/wp-content\/uploads\/2021\/07\/IMG_6464c.jpg\" alt=\"\" class=\"wp-image-1467\" srcset=\"https:\/\/www.eveha.fr\/wp-content\/uploads\/2021\/07\/IMG_6464c.jpg 1000w, https:\/\/www.eveha.fr\/wp-content\/uploads\/2021\/07\/IMG_6464c-300x225.jpg 300w, https:\/\/www.eveha.fr\/wp-content\/uploads\/2021\/07\/IMG_6464c-768x576.jpg 768w\" sizes=\"(max-width: 767px) 89vw, (max-width: 1000px) 54vw, (max-width: 1071px) 543px, 580px\" \/><figcaption>Coupe r\u00e9alis\u00e9e rue Mass\u00e9nat et montrant de gauche \u00e0 droite, une fosse, le dalot du 19e si\u00e8cle, le mur du premier \u00e9tat  d&rsquo;un cave puis la vo\u00fbte correspondant au second \u00e9tat de cette m\u00eame cave. Cr\u00e9dit : \u00c9veha, 2021.<\/figcaption><\/figure>\n\n\n\n<p>Les\ntranch\u00e9es r\u00e9alis\u00e9es avenue Foch ont quant \u00e0 elles r\u00e9v\u00e9l\u00e9 des\nvestiges du couvent des Jacobins. Un grand mur dot\u00e9 de contreforts\ndoit \u00eatre identifi\u00e9 avec le mur d\u2019enclos du couvent, quant au mur\nau sein duquel \u00e9tait am\u00e9nag\u00e9 une chemin\u00e9e, il faut sans doute\nl\u2019associer \u00e0 un b\u00e2timent annexe (maison du prieur ?, h\u00f4tellerie\n? &#8230;). L\u2019ensemble de ces vestiges pourrait \u00eatre ant\u00e9rieur \u00e0 la\ndestruction du couvent en 1577. Diff\u00e9rentes ma\u00e7onneries et niveaux\nviennent se surimposer, qui appartiennent sans doute aux vestiges du\ncouvent d\u2019\u00e9poque moderne.<\/p>\n\n\n\n<p><strong>Vestiges contemporains<\/strong><\/p>\n\n\n\n<p>Rue\nBenjamin Delessert seuls des niveaux r\u00e9cents ont \u00e9t\u00e9 mis au jour.\nIls correspondent sans doute \u00e0 des remblais mis en place lors de\nl\u2019am\u00e9nagement du quartier autour de la roseraie dans la premi\u00e8re\nmoiti\u00e9 du 20<sup>e<\/sup> si\u00e8cle.<\/p>\n","protected":false},"excerpt":{"rendered":"<p>La cr\u00e9ation d\u2019un r\u00e9seau de chaleur urbain \u00e0 Brive-la-Gaillarde sur pr\u00e8s de 24 km a motiv\u00e9 la prescription d\u2019un suivi de travaux sur environ 800 m du trac\u00e9. Les zones sur lesquelles portait la prescription correspondent \u00e0 l\u2019ensemble des rues situ\u00e9es \u00e0 l\u2019int\u00e9rieur des remparts m\u00e9di\u00e9vaux de Brive et une portion de voirie (avenue Foch &hellip; <\/p>\n<p class=\"link-more\"><a href=\"https:\/\/www.eveha.fr\/index.php\/2021\/07\/20\/brive-la-gaillarde-19-centre-ville\/\" class=\"more-link\">Continuer la lecture<span class=\"screen-reader-text\"> de &laquo;&nbsp;BRIVE-LA-GAILLARDE (19) &#8211; Centre-ville&nbsp;&raquo;<\/span><\/a><\/p>\n","protected":false},"author":12,"featured_media":0,"comment_status":"closed","ping_status":"open","sticky":false,"template":"","format":"standard","meta":{"inline_featured_image":false,"footnotes":""},"categories":[6,9,8],"tags":[],"_links":{"self":[{"href":"https:\/\/www.eveha.fr\/index.php\/wp-json\/wp\/v2\/posts\/1465"}],"collection":[{"href":"https:\/\/www.eveha.fr\/index.php\/wp-json\/wp\/v2\/posts"}],"about":[{"href":"https:\/\/www.eveha.fr\/index.php\/wp-json\/wp\/v2\/types\/post"}],"author":[{"embeddable":true,"href":"https:\/\/www.eveha.fr\/index.php\/wp-json\/wp\/v2\/users\/12"}],"replies":[{"embeddable":true,"href":"https:\/\/www.eveha.fr\/index.php\/wp-json\/wp\/v2\/comments?post=1465"}],"version-history":[{"count":4,"href":"https:\/\/www.eveha.fr\/index.php\/wp-json\/wp\/v2\/posts\/1465\/revisions"}],"predecessor-version":[{"id":1505,"href":"https:\/\/www.eveha.fr\/index.php\/wp-json\/wp\/v2\/posts\/1465\/revisions\/1505"}],"wp:attachment":[{"href":"https:\/\/www.eveha.fr\/index.php\/wp-json\/wp\/v2\/media?parent=1465"}],"wp:term":[{"taxonomy":"category","embeddable":true,"href":"https:\/\/www.eveha.fr\/index.php\/wp-json\/wp\/v2\/categories?post=1465"},{"taxonomy":"post_tag","embeddable":true,"href":"https:\/\/www.eveha.fr\/index.php\/wp-json\/wp\/v2\/tags?post=1465"}],"curies":[{"name":"wp","href":"https:\/\/api.w.org\/{rel}","templated":true}]}}