{"id":1479,"date":"2021-07-26T08:00:10","date_gmt":"2021-07-26T06:00:10","guid":{"rendered":"http:\/\/www.eveha.fr\/?p=1479"},"modified":"2021-07-22T18:15:45","modified_gmt":"2021-07-22T16:15:45","slug":"mauves-sur-loire-44-lapiletiere-tranche-2","status":"publish","type":"post","link":"https:\/\/www.eveha.fr\/index.php\/2021\/07\/26\/mauves-sur-loire-44-lapiletiere-tranche-2\/","title":{"rendered":"MAUVES-SUR-LOIRE (44) &#8211; LaPileti\u00e8re Tranche 2"},"content":{"rendered":"\n<p> Les fouilles men\u00e9es sur le site de <em>La Pileti\u00e8re<\/em> \u00e0 Mauves-sur-Loire (44) ont \u00e9t\u00e9 r\u00e9alis\u00e9es par le bureau d&rsquo;\u00e9tudes \u00c9veha sous la responsabilit\u00e9 de Pierre Dumas-Lattaque assist\u00e9 de Yann Dufay-Garel (<strong>fig. 1<\/strong>). Elles interviennent dans le cadre du projet d&rsquo;am\u00e9nagement de Loire Oc\u00e9an D\u00e9veloppement d\u2019un lotissement. Les investigations arch\u00e9ologiques ont permis de mettre au jour une occupation du <strong>second \u00e2ge du Fer <\/strong>et de<strong> l\u2019Antiquit\u00e9<\/strong>.<\/p>\n\n\n\n<!--more-->\n\n\n\n<p><strong>Les vestiges de l&rsquo;\u00e2ge du Fer<\/strong><\/p>\n\n\n\n<figure class=\"wp-block-image\"><img decoding=\"async\" loading=\"lazy\" width=\"1024\" height=\"724\" src=\"http:\/\/www.eveha.fr\/wp-content\/uploads\/2021\/07\/Fig.1-plan-du-site-de-la-Pileti\u00e8re-\u00e0-Mauves-sur-Loire-Tranche-2.resized-2-1024x724.jpg\" alt=\"\" class=\"wp-image-1488\" srcset=\"https:\/\/www.eveha.fr\/wp-content\/uploads\/2021\/07\/Fig.1-plan-du-site-de-la-Pileti\u00e8re-\u00e0-Mauves-sur-Loire-Tranche-2.resized-2.jpg 1024w, https:\/\/www.eveha.fr\/wp-content\/uploads\/2021\/07\/Fig.1-plan-du-site-de-la-Pileti\u00e8re-\u00e0-Mauves-sur-Loire-Tranche-2.resized-2-300x212.jpg 300w, https:\/\/www.eveha.fr\/wp-content\/uploads\/2021\/07\/Fig.1-plan-du-site-de-la-Pileti\u00e8re-\u00e0-Mauves-sur-Loire-Tranche-2.resized-2-768x543.jpg 768w\" sizes=\"(max-width: 767px) 89vw, (max-width: 1000px) 54vw, (max-width: 1071px) 543px, 580px\" \/><figcaption><strong>Fig.1 <\/strong>: Plan du site de la Pileti\u00e8re \u00e0 Mauves sur Loire Tranche 2. Cr\u00e9dit : \u00c9veha, 2021.<\/figcaption><\/figure>\n\n\n\n<p>Pour la p\u00e9riode du <strong>second \u00e2ge du Fer<\/strong>, le site est structur\u00e9 par une voie encav\u00e9e d\u2019axe nord-sud dont le fond est tapiss\u00e9 de cailloux (<strong>fig. 2<\/strong>). La voie est bord\u00e9e de seize greniers sur poteaux \u00e0 l\u2019ouest et de trois greniers \u00e0 l\u2019est (<strong>fig. 3<\/strong>). Ces alignements de grenier ont \u00e9galement \u00e9t\u00e9 observ\u00e9s plus au sud dans la tranche 1 du site de<em> Pontereau<\/em> et <em>Pileti\u00e8re<\/em>  (fouille d\u2019Anne-Marie Lotton, \u00c9veha 2021). La zone de grenier est  d\u00e9limit\u00e9e \u00e0 l\u2019ouest par un foss\u00e9 au profil en V qui semble marquer la  fin de l\u2019occupation gauloise pour cette zone. Tout \u00e0 l\u2019est du site,  plusieurs ensembles de poteaux ont \u00e9t\u00e9 d\u00e9couverts. Deux b\u00e2timents sur six poteaux, se rattachant \u00e0 de l\u2019habitat ou du  b\u00e2timent agricole ont \u00e9t\u00e9 identifi\u00e9s.  (<strong>fig. 4<\/strong>) au sein de cette emprise qui pourrait correspondre au d\u00e9but de la zone d\u2019habitat gaulois.<\/p>\n\n\n\n<figure class=\"wp-block-image\"><img decoding=\"async\" loading=\"lazy\" width=\"1024\" height=\"768\" src=\"http:\/\/www.eveha.fr\/wp-content\/uploads\/2021\/07\/Fig.2-vue-en-drone-de-la-voie-en-partie-excav\u00e9e.resized-1024x768.jpg\" alt=\"\" class=\"wp-image-1481\" srcset=\"https:\/\/www.eveha.fr\/wp-content\/uploads\/2021\/07\/Fig.2-vue-en-drone-de-la-voie-en-partie-excav\u00e9e.resized.jpg 1024w, https:\/\/www.eveha.fr\/wp-content\/uploads\/2021\/07\/Fig.2-vue-en-drone-de-la-voie-en-partie-excav\u00e9e.resized-300x225.jpg 300w, https:\/\/www.eveha.fr\/wp-content\/uploads\/2021\/07\/Fig.2-vue-en-drone-de-la-voie-en-partie-excav\u00e9e.resized-768x576.jpg 768w\" sizes=\"(max-width: 767px) 89vw, (max-width: 1000px) 54vw, (max-width: 1071px) 543px, 580px\" \/><figcaption><strong>Fig.2 <\/strong>: Vue en drone de la voie en partie excav\u00e9e. Cr\u00e9dit : \u00c9veha, 2021.<\/figcaption><\/figure>\n\n\n\n<figure class=\"wp-block-image\"><img decoding=\"async\" loading=\"lazy\" width=\"1024\" height=\"768\" src=\"http:\/\/www.eveha.fr\/wp-content\/uploads\/2021\/07\/Fig.3-vue-dun-des-greniers-gaulois.resized-1024x768.jpg\" alt=\"\" class=\"wp-image-1482\" srcset=\"https:\/\/www.eveha.fr\/wp-content\/uploads\/2021\/07\/Fig.3-vue-dun-des-greniers-gaulois.resized.jpg 1024w, https:\/\/www.eveha.fr\/wp-content\/uploads\/2021\/07\/Fig.3-vue-dun-des-greniers-gaulois.resized-300x225.jpg 300w, https:\/\/www.eveha.fr\/wp-content\/uploads\/2021\/07\/Fig.3-vue-dun-des-greniers-gaulois.resized-768x576.jpg 768w\" sizes=\"(max-width: 767px) 89vw, (max-width: 1000px) 54vw, (max-width: 1071px) 543px, 580px\" \/><figcaption><strong>Fig.3 <\/strong>: Vue d&rsquo;un des greniers gaulois. Cr\u00e9dit : \u00c9veha, 2021.<\/figcaption><\/figure>\n\n\n\n<figure class=\"wp-block-image\"><img decoding=\"async\" loading=\"lazy\" width=\"1024\" height=\"768\" src=\"http:\/\/www.eveha.fr\/wp-content\/uploads\/2021\/07\/Fig.4-vue-dun-des-b\u00e2timents-sur-6-poteaux.resized-1024x768.jpg\" alt=\"\" class=\"wp-image-1483\" srcset=\"https:\/\/www.eveha.fr\/wp-content\/uploads\/2021\/07\/Fig.4-vue-dun-des-b\u00e2timents-sur-6-poteaux.resized.jpg 1024w, https:\/\/www.eveha.fr\/wp-content\/uploads\/2021\/07\/Fig.4-vue-dun-des-b\u00e2timents-sur-6-poteaux.resized-300x225.jpg 300w, https:\/\/www.eveha.fr\/wp-content\/uploads\/2021\/07\/Fig.4-vue-dun-des-b\u00e2timents-sur-6-poteaux.resized-768x576.jpg 768w\" sizes=\"(max-width: 767px) 89vw, (max-width: 1000px) 54vw, (max-width: 1071px) 543px, 580px\" \/><figcaption><strong>Fig.4 <\/strong>: Vue d&rsquo;un des b\u00e2timents sur 6 poteaux. Cr\u00e9dit : \u00c9veha, 2021.<\/figcaption><\/figure>\n\n\n\n<p> Un important d\u00e9p\u00f4t m\u00e9tallique a \u00e9t\u00e9 d\u00e9couvert dans une fosse am\u00e9nag\u00e9e au sommet de la voie gauloise au niveau o\u00f9 celle-ci est recouverte par la voie antique empierr\u00e9e. Au total, c\u2019est au moins 70 objets en fer, principalement des armes, qui ont \u00e9t\u00e9 <br> d\u00e9couverts (<strong>fig.5<\/strong>). La localisation de ce d\u00e9p\u00f4t, situ\u00e9e au niveau d\u2019une voie, est atypique&nbsp;: ces armes proviennent-elles d\u2019un sanctuaire gaulois situ\u00e9 \u00e0 proximit\u00e9 qui aurait \u00e9t\u00e9 d\u00e9mantel\u00e9&nbsp;? Y-a-t-il un lien avec le fait qu\u2019il se trouve \u00e0 la fin de l\u2019occupation urbaine de la ville antique (et peut-\u00eatre gauloise)&nbsp;?<\/p>\n\n\n\n<figure class=\"wp-block-image\"><img decoding=\"async\" loading=\"lazy\" width=\"1024\" height=\"768\" src=\"http:\/\/www.eveha.fr\/wp-content\/uploads\/2021\/07\/Fig.5-vue-du-d\u00e9p\u00f4t-m\u00e9tallique-d\u00e9couvert-sous-la-voie.resized-1024x768.jpg\" alt=\"\" class=\"wp-image-1484\" srcset=\"https:\/\/www.eveha.fr\/wp-content\/uploads\/2021\/07\/Fig.5-vue-du-d\u00e9p\u00f4t-m\u00e9tallique-d\u00e9couvert-sous-la-voie.resized.jpg 1024w, https:\/\/www.eveha.fr\/wp-content\/uploads\/2021\/07\/Fig.5-vue-du-d\u00e9p\u00f4t-m\u00e9tallique-d\u00e9couvert-sous-la-voie.resized-300x225.jpg 300w, https:\/\/www.eveha.fr\/wp-content\/uploads\/2021\/07\/Fig.5-vue-du-d\u00e9p\u00f4t-m\u00e9tallique-d\u00e9couvert-sous-la-voie.resized-768x576.jpg 768w\" sizes=\"(max-width: 767px) 89vw, (max-width: 1000px) 54vw, (max-width: 1071px) 543px, 580px\" \/><figcaption><strong>Fig.5 <\/strong>: Vue du d\u00e9p\u00f4t m\u00e9tallique d\u00e9couvert sous la voie. Cr\u00e9dit : \u00c9veha, 2021.<\/figcaption><\/figure>\n\n\n\n<p>\nCette\noccupation de l\u2019\u00e2ge du fer n\u2019\u00e9tait pas attendue \u00e0 l\u2019issue du\ndiagnostic et vient renouveler nos connaissances sur le pass\u00e9\ngaulois de Mauves-sur-Loire.<\/p>\n\n\n\n<p><strong>Les vestiges de l&rsquo;Antiquit\u00e9 <\/strong><\/p>\n\n\n\n<p> Pour la <strong>p\u00e9riode antique<\/strong>, le site est caract\u00e9ris\u00e9 par la pr\u00e9sence d\u2019une voie empierr\u00e9e dans la partie sud qui reprend, en l\u00e9ger d\u00e9cal\u00e9, le trac\u00e9 de la voie gauloise (cf. <strong>fig.2<\/strong>). Pour la partie nord, elle reprend le trac\u00e9 en voie encav\u00e9e. La monumentalit\u00e9 de la voie, marqu\u00e9e par son empierrement (<strong>fig.6<\/strong>), est probablement \u00e0 rapprocher de la construction du th\u00e9\u00e2tre situ\u00e9 \u00e0 environ 100 m au sud de l\u2019emprise de la fouille. Le trac\u00e9 de la voie est d\u2019ailleurs align\u00e9 avec la fa\u00e7ade du th\u00e9\u00e2tre et avec la voie reconnue plus au sud dans la tranche 1 de la fouille de <em>Pontereau<\/em> et <em>Pileti\u00e8re<\/em>. <\/p>\n\n\n\n<p>\n\u00c0\nl\u2019est de cette voie, deux mares antiques ont \u00e9t\u00e9 fouill\u00e9es ainsi\nqu\u2019un r\u00e9seau de foss\u00e9. La zone semble \u00eatre peu occup\u00e9e. Sa\nsituation \u00e0 l\u2019entr\u00e9e de la ville et la pr\u00e9sence des deux mares\npourraient indiquer qu\u2019il s\u2019agit d\u2019un lieu de parcage pour les\nb\u00eates.<\/p>\n\n\n\n<figure class=\"wp-block-image\"><img decoding=\"async\" loading=\"lazy\" width=\"768\" height=\"1024\" src=\"http:\/\/www.eveha.fr\/wp-content\/uploads\/2021\/07\/Fig.6-vue-de-la-voie-antique-empierr\u00e9e.resized-2-e1626779497217-768x1024.jpg\" alt=\"\" class=\"wp-image-1494\" srcset=\"https:\/\/www.eveha.fr\/wp-content\/uploads\/2021\/07\/Fig.6-vue-de-la-voie-antique-empierr\u00e9e.resized-2-e1626779497217.jpg 768w, https:\/\/www.eveha.fr\/wp-content\/uploads\/2021\/07\/Fig.6-vue-de-la-voie-antique-empierr\u00e9e.resized-2-e1626779497217-225x300.jpg 225w\" sizes=\"(max-width: 767px) 89vw, (max-width: 1000px) 54vw, (max-width: 1071px) 543px, 580px\" \/><figcaption><strong>Fig.6 <\/strong>: Vue de la voie antique empierr\u00e9e. Cr\u00e9dit : \u00c9veha, 2021.<\/figcaption><\/figure>\n\n\n\n<p>\n\u00c0\nl\u2019ouest de la voie, la fouille a permis de mettre au jour un <em><strong>fanum<\/strong><\/em>\n(petit\ntemple) qui\npr\u00e9sente deux phases d\u2019occupation (<strong>fig.<\/strong><strong>7<\/strong>).\nCelui-ci\nest situ\u00e9 au milieu de l\u2019emprise \u00e0 l\u2019ouest et se compose d\u2019une\n<em><strong>cella<\/strong><\/em>\n(pi\u00e8ce\nd\u00e9di\u00e9e \u00e0 la divinit\u00e9) entour\u00e9e\nd\u2019une galerie. Le\ntemple\nest construit au centre d\u2019une vaste cour d\u00e9limit\u00e9e par quatre\nfoss\u00e9s qui sont interpr\u00e9t\u00e9s comme l\u2019enceinte du sanctuaire. Une\ninterruption de cette enceinte a \u00e9t\u00e9 observ\u00e9e au nord-est, au\ncentre du foss\u00e9 oriental qui est parall\u00e8le \u00e0 la voie. Deux autres\nfoss\u00e9s, au profil caract\u00e9ristique en V avec une rigole au fond, se\nconnectent \u00e0 cette enceinte. Le premier part en perpendiculaire du\nfoss\u00e9 sud de l\u2019enceinte pour rejoindre quasiment en face du temple\nun deuxi\u00e8me foss\u00e9 qui traverse l\u2019enceinte en passant sous la\n<em>cella<\/em>\net qui vient se jeter dans le foss\u00e9 ouest. Ces deux foss\u00e9s\npr\u00e9sentent la caract\u00e9ristique d\u2019avoir \u00e9t\u00e9 creus\u00e9s puis\nrebouch\u00e9s\ntr\u00e8s rapidement comme le montre leur comblement. \u00c0 cette occasion,\ndes d\u00e9p\u00f4ts de vases ont \u00e9t\u00e9 r\u00e9alis\u00e9s \u00e0 l\u2019emplacement de la\n<em>cella<\/em>\net de la galerie du temple, peut-\u00eatre\ncomme d\u00e9p\u00f4t de fondation. \u00c0 l\u2019int\u00e9rieur de l\u2019enceinte du\nsanctuaire, l\u2019espace est quasiment vide, except\u00e9 la pr\u00e9sence de\ntrois puits.<\/p>\n\n\n\n<figure class=\"wp-block-image\"><img decoding=\"async\" loading=\"lazy\" width=\"1024\" height=\"768\" src=\"http:\/\/www.eveha.fr\/wp-content\/uploads\/2021\/07\/Fig.7-vue-du-fanum-antique.resized-1024x768.jpg\" alt=\"\" class=\"wp-image-1495\" srcset=\"https:\/\/www.eveha.fr\/wp-content\/uploads\/2021\/07\/Fig.7-vue-du-fanum-antique.resized.jpg 1024w, https:\/\/www.eveha.fr\/wp-content\/uploads\/2021\/07\/Fig.7-vue-du-fanum-antique.resized-300x225.jpg 300w, https:\/\/www.eveha.fr\/wp-content\/uploads\/2021\/07\/Fig.7-vue-du-fanum-antique.resized-768x576.jpg 768w\" sizes=\"(max-width: 767px) 89vw, (max-width: 1000px) 54vw, (max-width: 1071px) 543px, 580px\" \/><figcaption><strong>Fig.7 <\/strong>: Vue du <em>fanum<\/em> antique. Cr\u00e9dit : \u00c9veha, 2021.<\/figcaption><\/figure>\n\n\n\n<p>\nDans\nun deuxi\u00e8me temps, un b\u00e2timent en ma\u00e7onnerie est construit \u00e0\nl\u2019emplacement de l\u2019entr\u00e9e d\u2019origine sur le foss\u00e9 oriental\n(<strong>fig.<\/strong><strong>8<\/strong>).\nCe b\u00e2timent est interpr\u00e9t\u00e9 comme une monumentalisation de l\u2019entr\u00e9e\ndu sanctuaire, peut-\u00eatre\nen lien avec la cr\u00e9ation du th\u00e9\u00e2tre et de la voie empierr\u00e9e.<\/p>\n\n\n<figure class=\"wp-block-image\"><img decoding=\"async\" loading=\"lazy\" width=\"1024\" height=\"768\" class=\"wp-image-1496\" src=\"https:\/\/www.eveha.fr\/wp-content\/uploads\/2021\/07\/Fig.8-vue-du-b\u00e2timent-ma\u00e7onn\u00e9-au-niveau-de-lentr\u00e9e-du-sanctuaire.resized-1024x768.jpg\" alt=\"\" srcset=\"https:\/\/www.eveha.fr\/wp-content\/uploads\/2021\/07\/Fig.8-vue-du-b\u00e2timent-ma\u00e7onn\u00e9-au-niveau-de-lentr\u00e9e-du-sanctuaire.resized.jpg 1024w, https:\/\/www.eveha.fr\/wp-content\/uploads\/2021\/07\/Fig.8-vue-du-b\u00e2timent-ma\u00e7onn\u00e9-au-niveau-de-lentr\u00e9e-du-sanctuaire.resized-300x225.jpg 300w, https:\/\/www.eveha.fr\/wp-content\/uploads\/2021\/07\/Fig.8-vue-du-b\u00e2timent-ma\u00e7onn\u00e9-au-niveau-de-lentr\u00e9e-du-sanctuaire.resized-768x576.jpg 768w\" sizes=\"(max-width: 767px) 89vw, (max-width: 1000px) 54vw, (max-width: 1071px) 543px, 580px\" \/><figcaption><strong>Fig.8 <\/strong>: Vue du b\u00e2timent ma\u00e7onn\u00e9 au niveau de l&rsquo;entr\u00e9e du sanctuaire. Cr\u00e9dit : \u00c9veha, 2021.<\/figcaption><\/figure>\n\n\n<p>\nAu\nsud de ce sanctuaire et \u00e0 l\u2019ouest de la voie, l\u2019occupation est\ncompl\u00e9t\u00e9e par la pr\u00e9sence d\u2019une, voire deux forges, dont l\u2019une\nest abrit\u00e9e par un b\u00e2timent sur poteaux.<\/p>\n\n\n\n<p> Aucune trace d\u2019occupation post\u00e9rieure n\u2019a \u00e9t\u00e9 observ\u00e9e, except\u00e9es les traces laiss\u00e9es par l\u2019exploitation mara\u00eech\u00e8re et notamment les fosses d\u2019implantation des serres, nettement visibles sur les clich\u00e9s a\u00e9riens.<\/p>\n\n\n\n<p>\nLes\n\u00e9tudes du mobilier ainsi que les\ndonn\u00e9es r\u00e9colt\u00e9es se poursuivent actuellement et permettront\nd&rsquo;affiner les\nconnaissances de ce site et de son occupation.<\/p>\n","protected":false},"excerpt":{"rendered":"<p>Les fouilles men\u00e9es sur le site de La Pileti\u00e8re \u00e0 Mauves-sur-Loire (44) ont \u00e9t\u00e9 r\u00e9alis\u00e9es par le bureau d&rsquo;\u00e9tudes \u00c9veha sous la responsabilit\u00e9 de Pierre Dumas-Lattaque assist\u00e9 de Yann Dufay-Garel (fig. 1). Elles interviennent dans le cadre du projet d&rsquo;am\u00e9nagement de Loire Oc\u00e9an D\u00e9veloppement d\u2019un lotissement. Les investigations arch\u00e9ologiques ont permis de mettre au jour &hellip; <\/p>\n<p class=\"link-more\"><a href=\"https:\/\/www.eveha.fr\/index.php\/2021\/07\/26\/mauves-sur-loire-44-lapiletiere-tranche-2\/\" class=\"more-link\">Continuer la lecture<span class=\"screen-reader-text\"> de &laquo;&nbsp;MAUVES-SUR-LOIRE (44) &#8211; LaPileti\u00e8re Tranche 2&nbsp;&raquo;<\/span><\/a><\/p>\n","protected":false},"author":7,"featured_media":1498,"comment_status":"closed","ping_status":"open","sticky":false,"template":"","format":"standard","meta":{"inline_featured_image":false,"footnotes":""},"categories":[1,6,5],"tags":[],"_links":{"self":[{"href":"https:\/\/www.eveha.fr\/index.php\/wp-json\/wp\/v2\/posts\/1479"}],"collection":[{"href":"https:\/\/www.eveha.fr\/index.php\/wp-json\/wp\/v2\/posts"}],"about":[{"href":"https:\/\/www.eveha.fr\/index.php\/wp-json\/wp\/v2\/types\/post"}],"author":[{"embeddable":true,"href":"https:\/\/www.eveha.fr\/index.php\/wp-json\/wp\/v2\/users\/7"}],"replies":[{"embeddable":true,"href":"https:\/\/www.eveha.fr\/index.php\/wp-json\/wp\/v2\/comments?post=1479"}],"version-history":[{"count":5,"href":"https:\/\/www.eveha.fr\/index.php\/wp-json\/wp\/v2\/posts\/1479\/revisions"}],"predecessor-version":[{"id":1544,"href":"https:\/\/www.eveha.fr\/index.php\/wp-json\/wp\/v2\/posts\/1479\/revisions\/1544"}],"wp:featuredmedia":[{"embeddable":true,"href":"https:\/\/www.eveha.fr\/index.php\/wp-json\/wp\/v2\/media\/1498"}],"wp:attachment":[{"href":"https:\/\/www.eveha.fr\/index.php\/wp-json\/wp\/v2\/media?parent=1479"}],"wp:term":[{"taxonomy":"category","embeddable":true,"href":"https:\/\/www.eveha.fr\/index.php\/wp-json\/wp\/v2\/categories?post=1479"},{"taxonomy":"post_tag","embeddable":true,"href":"https:\/\/www.eveha.fr\/index.php\/wp-json\/wp\/v2\/tags?post=1479"}],"curies":[{"name":"wp","href":"https:\/\/api.w.org\/{rel}","templated":true}]}}