{"id":2521,"date":"2022-07-20T14:32:50","date_gmt":"2022-07-20T12:32:50","guid":{"rendered":"http:\/\/www.eveha.fr\/?p=2521"},"modified":"2022-07-20T14:32:50","modified_gmt":"2022-07-20T12:32:50","slug":"hannapes-02-eoliennes-des-lupins","status":"publish","type":"post","link":"https:\/\/www.eveha.fr\/index.php\/2022\/07\/20\/hannapes-02-eoliennes-des-lupins\/","title":{"rendered":"HANNAPES (02) &#8211; \u00c9oliennes des lupins"},"content":{"rendered":"\n<p> Les fouilles men\u00e9es sur le site d\u2019Hannapes, au lieu-dit \u00ab \u00c9oliennes des Lupins \u00bb ont \u00e9t\u00e9 r\u00e9alis\u00e9es par le bureau d&rsquo;\u00e9tudes \u00c9veha sous la responsabilit\u00e9 de B\u00e9n\u00e9dicte Le Dret. Men\u00e9es dans le cadre d\u2019un projet de parc \u00e9olien par la soci\u00e9t\u00e9 H2air sur une emprise de 3500 m\u00b2, ces recherches offraient l\u2019opportunit\u00e9 de documenter un secteur o\u00f9 le manque de donn\u00e9e arch\u00e9ologique \u00e9tait significatif. Les investigations arch\u00e9ologiques ont permis de mettre au jour des indices d\u2019une occupation du <strong>N\u00e9olithique ancien<\/strong> (entre 5300 et 4800 av. J. -C.) en contexte de plateaux, dont la d\u00e9tection et l\u2019\u00e9tude est in\u00e9dite pour la r\u00e9gion, mais \u00e9galement des ph\u00e9nom\u00e8nes naturels assez rares pour \u00eatre soulign\u00e9s. <\/p>\n\n\n\n<!--more-->\n\n\n\n<h4 class=\"wp-block-heading\">Des sp\u00e9cificit\u00e9s g\u00e9omorphologiques locales<\/h4>\n\n\n\n<p> Les d\u00e9couvertes arch\u00e9ologiques se concentrent \u00e0 l\u2019est de l\u2019emprise de fouille, entre un talweg et le point haut, ainsi qu\u2019au sud-est de la parcelle. La majorit\u00e9 d\u2019entre elles se sont av\u00e9r\u00e9es \u00eatre de nature g\u00e9ologique (Fig. 1).<\/p>\n\n\n\n<figure class=\"wp-block-image\"><img decoding=\"async\" loading=\"lazy\" width=\"1024\" height=\"768\" src=\"https:\/\/www.eveha.fr\/wp-content\/uploads\/2022\/07\/Fig.1_Hannapes.resized-1024x768.jpg\" alt=\"\" class=\"wp-image-2573\" srcset=\"https:\/\/www.eveha.fr\/wp-content\/uploads\/2022\/07\/Fig.1_Hannapes.resized.jpg 1024w, https:\/\/www.eveha.fr\/wp-content\/uploads\/2022\/07\/Fig.1_Hannapes.resized-300x225.jpg 300w, https:\/\/www.eveha.fr\/wp-content\/uploads\/2022\/07\/Fig.1_Hannapes.resized-768x576.jpg 768w\" sizes=\"(max-width: 767px) 89vw, (max-width: 1000px) 54vw, (max-width: 1071px) 543px, 580px\" \/><figcaption>Fig. 1 : Photo g\u00e9n\u00e9rale de l\u2019emprise depuis un drone. Cr\u00e9dit : \u00c9veha, 2021.<\/figcaption><\/figure>\n\n\n\n<p>&#8211; Un l\u00e9ger <strong>talweg <\/strong>(correspond \u00e0 une ligne constitu\u00e9e par les points d&rsquo;altitude les plus bas) traverse l\u2019emprise de fouille selon un axe nord-sud. Celui-ci s\u2019est r\u00e9v\u00e9l\u00e9 peu profond, et conserv\u00e9 sur 0,80 m sous la surface actuelle. Trois sondages m\u00e9caniques ont permis de caract\u00e9riser les formations g\u00e9ologiques de ce petit vallon, r\u00e9v\u00e9lant une s\u00e9quence du Pl\u00e9istoc\u00e8ne (premi\u00e8re \u00e9poque g\u00e9ologique du Quaternaire, entre 2,58 millions d&rsquo;ann\u00e9e et 11 700 avant notre \u00e8re) affleurant par endroit sous la terre v\u00e9g\u00e9tale (Fig. 2). Le comblement de colluvions le plus r\u00e9cent \u00e0 livr\u00e9 du mobilier c\u00e9ramique h\u00e9t\u00e9rog\u00e8ne et m\u00e9tallique, sans datation datation pr\u00e9cise.<\/p>\n\n\n\n<figure class=\"wp-block-image\"><img decoding=\"async\" loading=\"lazy\" width=\"1024\" height=\"768\" src=\"https:\/\/www.eveha.fr\/wp-content\/uploads\/2022\/07\/Fig.2_Hannapes.resized-1-1024x768.jpg\" alt=\"\" class=\"wp-image-2571\" srcset=\"https:\/\/www.eveha.fr\/wp-content\/uploads\/2022\/07\/Fig.2_Hannapes.resized-1.jpg 1024w, https:\/\/www.eveha.fr\/wp-content\/uploads\/2022\/07\/Fig.2_Hannapes.resized-1-300x225.jpg 300w, https:\/\/www.eveha.fr\/wp-content\/uploads\/2022\/07\/Fig.2_Hannapes.resized-1-768x576.jpg 768w\" sizes=\"(max-width: 767px) 89vw, (max-width: 1000px) 54vw, (max-width: 1071px) 543px, 580px\" \/><figcaption>Fig. 2 : Vue de la coupe E-O du talweg et des niveaux pl\u00e9istoc\u00e8nes. Cr\u00e9dit : \u00c9veha, 2021.<\/figcaption><\/figure>\n\n\n\n<p>&#8211; Les<strong> sols polygonaux<\/strong> : le sol polygonal est un sol constitu\u00e9  par des polygones form\u00e9s de mat\u00e9riel fin au centre, et s\u00e9par\u00e9s les uns  des autres par des cloisons de pierres en partie redress\u00e9es verticalement. 38 sections lin\u00e9aires de ce type se d\u00e9veloppent majoritairement sur les deux tiers ouest de l\u2019emprise selon un axe ouest-est \u00e0 nord-ouest \/sud-est, et ce dans le sens du pendage naturel de la parcelle (Fig. 3).<\/p>\n\n\n\n<figure class=\"wp-block-image\"><img decoding=\"async\" loading=\"lazy\" width=\"1024\" height=\"768\" src=\"https:\/\/www.eveha.fr\/wp-content\/uploads\/2022\/07\/Fig.3_Hannapes.resized-1024x768.jpg\" alt=\"\" class=\"wp-image-2572\" srcset=\"https:\/\/www.eveha.fr\/wp-content\/uploads\/2022\/07\/Fig.3_Hannapes.resized.jpg 1024w, https:\/\/www.eveha.fr\/wp-content\/uploads\/2022\/07\/Fig.3_Hannapes.resized-300x225.jpg 300w, https:\/\/www.eveha.fr\/wp-content\/uploads\/2022\/07\/Fig.3_Hannapes.resized-768x576.jpg 768w\" sizes=\"(max-width: 767px) 89vw, (max-width: 1000px) 54vw, (max-width: 1071px) 543px, 580px\" \/><figcaption>Fig. 3 : Vue en plan du r\u00e9seau polygonal. Cr\u00e9dit : \u00c9veha, 2021.<\/figcaption><\/figure>\n\n\n\n<p> &#8211; Les <strong>chemin\u00e9es de soutirage <\/strong>(effondrement) de dolines : les dolines sont des formes d&rsquo;\u00e9rosion des calcaires en contexte karstique qui se traduisent par des d\u00e9pressions circulaires de quelques m\u00e8tres de diam\u00e8tres \u00e0 plusieurs centaines de m\u00e8tres. Sur le site des \u00ab \u00c9oliennes des lupins \u00bb,  19 fosses avec des diam\u00e8tres sup\u00e9rieurs \u00e0 1,10 m et des profondeurs d\u00e9passant 5 m ont \u00e9t\u00e9 identifi\u00e9es. Quatre structures formaient un chapelet de \u00ab fosses \u00bb se d\u00e9veloppant suivant un axe nord-sud sur le bord est du talweg (Fig.4). Les sondages r\u00e9alis\u00e9s aux moyens d\u2019engins m\u00e9caniques, sans que les fonds n\u2019aient \u00e9t\u00e9 atteints, ont r\u00e9v\u00e9l\u00e9 des profils en entonnoir. Elles pr\u00e9sentaient des parois verticales se r\u00e9tr\u00e9cissant pour former des chemin\u00e9es aur\u00e9ol\u00e9es de limon argileux orang\u00e9, incisant les niveaux gris pl\u00e9istoc\u00e8nes (Fig.5) Les comblements sont constitu\u00e9s de limon argileux brun clair \u00e0 gris, relativement h\u00e9t\u00e9rog\u00e8nes avec des poches de limon beige. Le mobilier pr\u00e9sent dans ces structures se trouve en position secondaire dans les comblements sup\u00e9rieurs, possiblement une cons\u00e9quence du ruissellement et\/ou de \u00ab l\u2019aspiration \u00bb dans les soutirages. Aucun niveau d\u2019occupation n\u2019a \u00e9t\u00e9 identifi\u00e9 au sein de ces creux, n\u00e9anmoins les pr\u00e9l\u00e8vements de charbons r\u00e9alis\u00e9s vont permettre de dater le comblement de ces cavit\u00e9s et d\u2019\u00e9clairer sur cette dynamique.<\/p>\n\n\n\n<figure class=\"wp-block-image\"><img decoding=\"async\" loading=\"lazy\" width=\"768\" height=\"1024\" src=\"http:\/\/www.eveha.fr\/wp-content\/uploads\/2022\/07\/Fig.4_Hannapes.resized-e1658320183686-768x1024.jpg\" alt=\"\" class=\"wp-image-2574\" srcset=\"https:\/\/www.eveha.fr\/wp-content\/uploads\/2022\/07\/Fig.4_Hannapes.resized-e1658320183686.jpg 768w, https:\/\/www.eveha.fr\/wp-content\/uploads\/2022\/07\/Fig.4_Hannapes.resized-e1658320183686-225x300.jpg 225w\" sizes=\"(max-width: 767px) 89vw, (max-width: 1000px) 54vw, (max-width: 1071px) 543px, 580px\" \/><figcaption>Fig. 4 : Vue g\u00e9n\u00e9rale des chemin\u00e9es de dolines. Cr\u00e9dit : \u00c9veha, 2021.<\/figcaption><\/figure>\n\n\n\n<h4 class=\"wp-block-heading\"> <strong>Des indices d\u2019occupation N\u00e9olithique et Protohistorique<\/strong><\/h4>\n\n\n\n<p>Au sud-ouest du talweg, une fosse test\u00e9e lors du diagnostic et interpr\u00e9t\u00e9e comme un silo d\u2019un diam\u00e8tre de 1,30 m, poss\u00e8de des parois verticales et un fond en cuvette atteignant 1,22 m. Son remplissage de limon argileux brun-gris fonc\u00e9 assez homog\u00e8ne avec des mottes de limon argileux lessiv\u00e9 gris clair \u00e0 orang\u00e9 est similaire \u00e0 celui pr\u00e9sent au sommet des dolines. Il a livr\u00e9 une petite quantit\u00e9 de silex. L\u2019essentiel du mobilier lithique et c\u00e9ramique recueilli dans les comblements sup\u00e9rieurs des dolines t\u00e9moigne de la proximit\u00e9 d\u2019une occupation au N\u00e9olithique. Il s\u2019agit d\u2019\u00e9clats non retouch\u00e9s et d\u2019une pointe de fl\u00e8che issue du comblement d&rsquo;une doline. Le mobilier c\u00e9ramique quant \u00e0 lui, semble homog\u00e8ne avec des p\u00e2tes brunes-orang\u00e9es bien cuites et la pr\u00e9sence de gros d\u00e9graissant.<\/p>\n\n\n\n<p>Au sud-est, deux trous de poteaux de plan ovale, poss\u00e8dent des parois \u00e9vas\u00e9es et un fond plat de 0,15 \u00e0 0,35 m de profondeur. Leur comblement de limon argileux gris moyen, homog\u00e8ne et compact, n\u2019a pas livr\u00e9 de mobilier. A proximit\u00e9 imm\u00e9diate, une portion de foss\u00e9 de 26 m de longueur et d\u2019une largeur variant de 0,30 \u00e0 0,70 m poss\u00e8de des bords \u00e9vas\u00e9s et un fond plat de 0,05 \u00e0 0,40 m de profondeur. Il est combl\u00e9 de limon argileux brun-gris fonc\u00e9 homog\u00e8ne et meuble ayant livr\u00e9 quelques tessons de c\u00e9ramique de la protohistoire au sens large. En surface, il recoupe en des chemin\u00e9es de soutirages de dolines.<\/p>\n\n\n\n<h4 class=\"wp-block-heading\">Conclusion<\/h4>\n\n\n\n<p> Les \u00e9tudes du mobilier ainsi que celles des donn\u00e9es r\u00e9colt\u00e9es se poursuivent actuellement et permettront d&rsquo;affiner nos connaissances de ce site et de son occupation.<\/p>\n","protected":false},"excerpt":{"rendered":"<p>Les fouilles men\u00e9es sur le site d\u2019Hannapes, au lieu-dit \u00ab \u00c9oliennes des Lupins \u00bb ont \u00e9t\u00e9 r\u00e9alis\u00e9es par le bureau d&rsquo;\u00e9tudes \u00c9veha sous la responsabilit\u00e9 de B\u00e9n\u00e9dicte Le Dret. Men\u00e9es dans le cadre d\u2019un projet de parc \u00e9olien par la soci\u00e9t\u00e9 H2air sur une emprise de 3500 m\u00b2, ces recherches offraient l\u2019opportunit\u00e9 de documenter un &hellip; <\/p>\n<p class=\"link-more\"><a href=\"https:\/\/www.eveha.fr\/index.php\/2022\/07\/20\/hannapes-02-eoliennes-des-lupins\/\" class=\"more-link\">Continuer la lecture<span class=\"screen-reader-text\"> de &laquo;&nbsp;HANNAPES (02) &#8211; \u00c9oliennes des lupins&nbsp;&raquo;<\/span><\/a><\/p>\n","protected":false},"author":12,"featured_media":0,"comment_status":"closed","ping_status":"open","sticky":false,"template":"","format":"standard","meta":{"inline_featured_image":false,"footnotes":""},"categories":[1],"tags":[],"_links":{"self":[{"href":"https:\/\/www.eveha.fr\/index.php\/wp-json\/wp\/v2\/posts\/2521"}],"collection":[{"href":"https:\/\/www.eveha.fr\/index.php\/wp-json\/wp\/v2\/posts"}],"about":[{"href":"https:\/\/www.eveha.fr\/index.php\/wp-json\/wp\/v2\/types\/post"}],"author":[{"embeddable":true,"href":"https:\/\/www.eveha.fr\/index.php\/wp-json\/wp\/v2\/users\/12"}],"replies":[{"embeddable":true,"href":"https:\/\/www.eveha.fr\/index.php\/wp-json\/wp\/v2\/comments?post=2521"}],"version-history":[{"count":3,"href":"https:\/\/www.eveha.fr\/index.php\/wp-json\/wp\/v2\/posts\/2521\/revisions"}],"predecessor-version":[{"id":2577,"href":"https:\/\/www.eveha.fr\/index.php\/wp-json\/wp\/v2\/posts\/2521\/revisions\/2577"}],"wp:attachment":[{"href":"https:\/\/www.eveha.fr\/index.php\/wp-json\/wp\/v2\/media?parent=2521"}],"wp:term":[{"taxonomy":"category","embeddable":true,"href":"https:\/\/www.eveha.fr\/index.php\/wp-json\/wp\/v2\/categories?post=2521"},{"taxonomy":"post_tag","embeddable":true,"href":"https:\/\/www.eveha.fr\/index.php\/wp-json\/wp\/v2\/tags?post=2521"}],"curies":[{"name":"wp","href":"https:\/\/api.w.org\/{rel}","templated":true}]}}