{"id":2556,"date":"2022-07-11T11:25:02","date_gmt":"2022-07-11T09:25:02","guid":{"rendered":"http:\/\/www.eveha.fr\/?p=2556"},"modified":"2022-07-11T11:25:02","modified_gmt":"2022-07-11T09:25:02","slug":"trezilide-mespaul-29-lann-ar-march","status":"publish","type":"post","link":"https:\/\/www.eveha.fr\/index.php\/2022\/07\/11\/trezilide-mespaul-29-lann-ar-march\/","title":{"rendered":"TR\u00c9ZILID\u00c9-MESPAUL (29) \u2013 Lann Ar Marc\u2019h"},"content":{"rendered":"\n<p> Les fouilles men\u00e9es sur le site de<strong> <\/strong><em>Lann ar Marc\u2019h<\/em>, \u00e0 cheval sur les communes de Tr\u00e9zilid\u00e9 et Mespaul dans le Finist\u00e8re, ont \u00e9t\u00e9 r\u00e9alis\u00e9es par le bureau d&rsquo;\u00e9tudes \u00c9veha sous la responsabilit\u00e9 de Marine Gourmelon. Elles interviennent dans le cadre du projet d\u2019extension d\u2019une carri\u00e8re exploit\u00e9e par la soci\u00e9t\u00e9 Carri\u00e8res Lagadec. Sur le projet initial de plus de 32 ha, trois phases de fouilles \u00e9tal\u00e9es sur les ann\u00e9es \u00e0 venir ont \u00e9t\u00e9 prescrites par le service r\u00e9gional d\u2019arch\u00e9ologie de Bretagne.  <\/p>\n\n\n\n<!--more-->\n\n\n\n<p> Les investigations pr\u00e9sent\u00e9es ici concernent la phase n\u00b01 sur une emprise totale d\u2019un peu plus de 2,2 ha r\u00e9parties sur<strong> 3 secteurs distincts<\/strong>.<\/p>\n\n\n\n<p> Situ\u00e9 sur un versant nord, <strong>le premier secteur<\/strong> a permis de mettre au jour sur 7 600 m\u00b2 plusieurs occupations anciennes\u00a0: un chemin ax\u00e9 nord-sud le long de l\u2019actuelle parcelle cadastrale pr\u00e9sentant des creusement plus anciens pouvant remonter <strong>\u00e0 la Protohistoire<\/strong>. Plusieurs foss\u00e9s de faible puissance li\u00e9s \u00e0 un parcellaire ancien, en possible lien avec le premier chemin, ont \u00e9galement \u00e9t\u00e9 identifi\u00e9s. <strong>L\u2019hypoth\u00e8se d\u2019un parcellaire lat\u00e9nien<\/strong>, en lien avec le domaine identifi\u00e9 sur le secteur 2, est pour le moment envisag\u00e9e dans l\u2019attente d\u2019analyses plus pouss\u00e9es. Une petite zone de b\u00e2ti sur poteaux, attribu\u00e9e<strong> \u00e0 la transition entre la fin de la p\u00e9riode lat\u00e9nienne et la p\u00e9riode antique, a \u00e9galement pu \u00eatre identifi\u00e9e.<\/strong><\/p>\n\n\n\n<p> \u00c0 environ 150 m plus au sud, le <strong>secteur 2<\/strong> r\u00e9v\u00e8le un enclos principal de forme quadrangulaire partiellement mis au jour dont la superficie est estim\u00e9e <em>a minima<\/em> autour de 3000&nbsp;m\u00b2.  Le mobilier arch\u00e9ologique date l\u2019ensemble <strong>de la fin de la p\u00e9riode lat\u00e9nienne, \u00e0 la transition avec l\u2019Antiquit\u00e9<\/strong>. La pr\u00e9sence de nombreux recoupements de foss\u00e9s \u00e9voquent des remaniements successifs de l\u2019occupation. Outre un b\u00e2ti sur poteaux bien connu pour ce type d\u2019occupation, la particularit\u00e9 de cette ferme est la pr\u00e9sence de b\u00e2timent aux fondations empierr\u00e9es (Fig. 1). Ce type d\u2019architecture est notamment connu dans la r\u00e9gion pour <strong>les habitats c\u00f4tiers de l\u2019\u00e2ge du Fer<\/strong>. Plusieurs zones rub\u00e9fi\u00e9es indiquent \u00e9galement la pr\u00e9sence d\u2019activit\u00e9s artisanales.<\/p>\n\n\n\n<figure class=\"wp-block-image\"><img decoding=\"async\" loading=\"lazy\" width=\"1024\" height=\"768\" src=\"https:\/\/www.eveha.fr\/wp-content\/uploads\/2022\/07\/Fig1-2-1024x768.jpg\" alt=\"\" class=\"wp-image-2559\" srcset=\"https:\/\/www.eveha.fr\/wp-content\/uploads\/2022\/07\/Fig1-2.jpg 1024w, https:\/\/www.eveha.fr\/wp-content\/uploads\/2022\/07\/Fig1-2-300x225.jpg 300w, https:\/\/www.eveha.fr\/wp-content\/uploads\/2022\/07\/Fig1-2-768x576.jpg 768w\" sizes=\"(max-width: 767px) 89vw, (max-width: 1000px) 54vw, (max-width: 1071px) 543px, 580px\" \/><figcaption>Fig. 1. B\u00e2timent de la fin de la T\u00e8ne. Cr\u00e9dit : \u00c9veha 2022. <\/figcaption><\/figure>\n\n\n\n<p> Situ\u00e9 \u00e0 l\u2019ouest de l\u2019actuelle carri\u00e8re de granite, le <strong>secteur 3<\/strong> est scind\u00e9 en deux zones. La zone sud est relativement peu fournie en vestiges arch\u00e9ologiques. Un petit enclos aux foss\u00e9s de faibles puissances est partiellement visible. Sa fa\u00e7ade nord se poursuit hors des limites de fouilles vers les futures zones prescrites de l\u2019am\u00e9nagement. Un r\u00e9seau de foss\u00e9s de<strong> l\u2019\u00e2ge du Fer<\/strong> est \u00e9galement perceptible. Leur position g\u00e9ographique, suivant la ligne sinueuse d\u2019un talweg orient\u00e9 nord-sud, associ\u00e9 \u00e0 des comblements inf\u00e9rieurs tr\u00e8s hydromorphe, sugg\u00e8rent des probl\u00e9matiques li\u00e9es \u00e0 la gestion de l\u2019eau. \u00c0 noter \u00e9galement la pr\u00e9sence de structures identifi\u00e9es comme des charbonni\u00e8res (Fig. 2) d\u2019\u00e9poque protohistorique ou antique, que l\u2019on retrouve r\u00e9guli\u00e8rement sur les sites du nord Finist\u00e8re. Le secteur nord de la zone 3 se d\u00e9marque par la pr\u00e9sence <strong>de vestiges dat\u00e9s du bas Moyen \u00c2ge<\/strong>. Il s\u2019agit de b\u00e2timents sur fondations empierr\u00e9es poss\u00e9dant pour certains, un foyer central (Fig. 3). Des niveaux de sol indur\u00e9s associ\u00e9s ont \u00e9galement \u00e9t\u00e9 retrouv\u00e9s. Sur le b\u00e2timent principal, diff\u00e9rents \u00e9tats sont visibles, t\u00e9moignant de remaniements successifs. Un possible lien avec une ancienne motte f\u00e9odale situ\u00e9e \u00e0 quelques centaines de m\u00e8tres au nord-ouest du site peut \u00eatre envisag\u00e9.<\/p>\n\n\n\n<figure class=\"wp-block-image\"><img decoding=\"async\" loading=\"lazy\" width=\"1024\" height=\"768\" src=\"https:\/\/www.eveha.fr\/wp-content\/uploads\/2022\/07\/Fig2-1024x768.jpg\" alt=\"\" class=\"wp-image-2560\" srcset=\"https:\/\/www.eveha.fr\/wp-content\/uploads\/2022\/07\/Fig2.jpg 1024w, https:\/\/www.eveha.fr\/wp-content\/uploads\/2022\/07\/Fig2-300x225.jpg 300w, https:\/\/www.eveha.fr\/wp-content\/uploads\/2022\/07\/Fig2-768x576.jpg 768w\" sizes=\"(max-width: 767px) 89vw, (max-width: 1000px) 54vw, (max-width: 1071px) 543px, 580px\" \/><figcaption>Fig.2 . Exemple d&rsquo;une charbonni\u00e8re d\u00e9couverte sur le site. Cr\u00e9dit : \u00c9veha 2022. <\/figcaption><\/figure>\n\n\n\n<figure class=\"wp-block-image\"><img decoding=\"async\" loading=\"lazy\" width=\"1024\" height=\"768\" src=\"https:\/\/www.eveha.fr\/wp-content\/uploads\/2022\/07\/Fig3-1024x768.jpg\" alt=\"\" class=\"wp-image-2561\" srcset=\"https:\/\/www.eveha.fr\/wp-content\/uploads\/2022\/07\/Fig3.jpg 1024w, https:\/\/www.eveha.fr\/wp-content\/uploads\/2022\/07\/Fig3-300x225.jpg 300w, https:\/\/www.eveha.fr\/wp-content\/uploads\/2022\/07\/Fig3-768x576.jpg 768w\" sizes=\"(max-width: 767px) 89vw, (max-width: 1000px) 54vw, (max-width: 1071px) 543px, 580px\" \/><figcaption>Fig. 3. B\u00e2timent m\u00e9di\u00e9val au niveau du secteur 3. Cr\u00e9dit : \u00c9veha 2022. <\/figcaption><\/figure>\n\n\n\n<p>\nLes\n\u00e9tudes du mobilier\net des\ndonn\u00e9es r\u00e9colt\u00e9es se poursuivent actuellement et permettront\nd&rsquo;affiner nos connaissances de ce site et ses\ndiff\u00e9rentes\noccupations\nchronologiques.<\/p>\n","protected":false},"excerpt":{"rendered":"<p>Les fouilles men\u00e9es sur le site de Lann ar Marc\u2019h, \u00e0 cheval sur les communes de Tr\u00e9zilid\u00e9 et Mespaul dans le Finist\u00e8re, ont \u00e9t\u00e9 r\u00e9alis\u00e9es par le bureau d&rsquo;\u00e9tudes \u00c9veha sous la responsabilit\u00e9 de Marine Gourmelon. Elles interviennent dans le cadre du projet d\u2019extension d\u2019une carri\u00e8re exploit\u00e9e par la soci\u00e9t\u00e9 Carri\u00e8res Lagadec. Sur le projet &hellip; <\/p>\n<p class=\"link-more\"><a href=\"https:\/\/www.eveha.fr\/index.php\/2022\/07\/11\/trezilide-mespaul-29-lann-ar-march\/\" class=\"more-link\">Continuer la lecture<span class=\"screen-reader-text\"> de &laquo;&nbsp;TR\u00c9ZILID\u00c9-MESPAUL (29) \u2013 Lann Ar Marc\u2019h&nbsp;&raquo;<\/span><\/a><\/p>\n","protected":false},"author":7,"featured_media":2562,"comment_status":"closed","ping_status":"open","sticky":false,"template":"","format":"standard","meta":{"inline_featured_image":false,"footnotes":""},"categories":[1,6,8,5],"tags":[],"_links":{"self":[{"href":"https:\/\/www.eveha.fr\/index.php\/wp-json\/wp\/v2\/posts\/2556"}],"collection":[{"href":"https:\/\/www.eveha.fr\/index.php\/wp-json\/wp\/v2\/posts"}],"about":[{"href":"https:\/\/www.eveha.fr\/index.php\/wp-json\/wp\/v2\/types\/post"}],"author":[{"embeddable":true,"href":"https:\/\/www.eveha.fr\/index.php\/wp-json\/wp\/v2\/users\/7"}],"replies":[{"embeddable":true,"href":"https:\/\/www.eveha.fr\/index.php\/wp-json\/wp\/v2\/comments?post=2556"}],"version-history":[{"count":4,"href":"https:\/\/www.eveha.fr\/index.php\/wp-json\/wp\/v2\/posts\/2556\/revisions"}],"predecessor-version":[{"id":2566,"href":"https:\/\/www.eveha.fr\/index.php\/wp-json\/wp\/v2\/posts\/2556\/revisions\/2566"}],"wp:featuredmedia":[{"embeddable":true,"href":"https:\/\/www.eveha.fr\/index.php\/wp-json\/wp\/v2\/media\/2562"}],"wp:attachment":[{"href":"https:\/\/www.eveha.fr\/index.php\/wp-json\/wp\/v2\/media?parent=2556"}],"wp:term":[{"taxonomy":"category","embeddable":true,"href":"https:\/\/www.eveha.fr\/index.php\/wp-json\/wp\/v2\/categories?post=2556"},{"taxonomy":"post_tag","embeddable":true,"href":"https:\/\/www.eveha.fr\/index.php\/wp-json\/wp\/v2\/tags?post=2556"}],"curies":[{"name":"wp","href":"https:\/\/api.w.org\/{rel}","templated":true}]}}