{"id":306,"date":"2019-11-26T09:56:47","date_gmt":"2019-11-26T08:56:47","guid":{"rendered":"http:\/\/www.eveha.fr\/?p=306"},"modified":"2019-11-26T09:56:47","modified_gmt":"2019-11-26T08:56:47","slug":"exposition-chefs-doeuvre-romans-de-saint-martial-de-limoges","status":"publish","type":"post","link":"https:\/\/www.eveha.fr\/index.php\/2019\/11\/26\/exposition-chefs-doeuvre-romans-de-saint-martial-de-limoges\/","title":{"rendered":"Exposition : \u00ab Chefs-d\u2019\u0153uvre romans de Saint Martial de Limoges \u00bb"},"content":{"rendered":"\n<p>\u00c0 l\u2019occasion de l\u2019exposition \u00ab Chefs-d\u2019\u0153uvre romans de Saint-Martial de Limoges \u00bb, quatorze manuscrits richement enlumin\u00e9s provenant de l\u2019ancienne abbaye sont exceptionnellement pr\u00e9sent\u00e9s au public ! <\/p>\n\n\n\n<!--more-->\n\n\n\n<p>Le parcours pr\u00e9sent\u00e9 par le mus\u00e9e des Beaux-Arts de la Ville de Limoges rassemble diff\u00e9rents t\u00e9moignages artistiques de l\u2019abbaye au temps de sa  prosp\u00e9rit\u00e9, mettant en regard une s\u00e9lection de manuscrits,  exceptionnellement pr\u00eat\u00e9s par la BnF, avec des chapiteaux sculpt\u00e9s ou  des \u00e9maux champlev\u00e9s. L\u2019exposition aborde tout \u00e0 la fois des th\u00e9matiques  arch\u00e9ologiques et historiques, esth\u00e9tiques, liturgiques et musicales,  et apporte un point de vue didactique sur les techniques de sculpture,  d\u2019\u00e9mail et d\u2019enluminure. <\/p>\n\n\n\n<p>Des enduits peints, d\u00e9couverts lors des fouilles de la place de la R\u00e9publique r\u00e9alis\u00e9e par \u00c9veha, ont \u00e9t\u00e9 pr\u00eat\u00e9s pour enrichir la pr\u00e9sentation des richesses artistiques de l&rsquo;abbaye.<\/p>\n\n\n\n<p><strong>Lieu<\/strong> : Mus\u00e9e des Beaux-Arts de Limoges<\/p>\n\n\n\n<p><strong>Dates<\/strong> : du 23 novembre 2019 au 24 f\u00e9vrier 2020<\/p>\n\n\n\n<p><a rel=\"noreferrer noopener\" aria-label=\"Pr\u00e9sentation du Mus\u00e9e (s\u2019ouvre dans un nouvel onglet)\" href=\"http:\/\/www.museebal.fr\/fr\/node\/1838\" target=\"_blank\">Pr\u00e9sentation du Mus\u00e9e<\/a><\/p>\n\n\n\n<p><a rel=\"noreferrer noopener\" aria-label=\" (s\u2019ouvre dans un nouvel onglet)\" href=\"https:\/\/www.bnf.fr\/fr\/agenda\/chefs-doeuvre-romans-de-saint-martial-de-limoges\" target=\"_blank\">Pr\u00e9sentation de la BnF<\/a><\/p>\n\n\n\n<figure class=\"wp-block-image\"><img decoding=\"async\" loading=\"lazy\" width=\"724\" height=\"1024\" src=\"http:\/\/www.eveha.fr\/wp-content\/uploads\/2019\/11\/carton_bal-724x1024.jpg\" alt=\"\" class=\"wp-image-309\" srcset=\"https:\/\/www.eveha.fr\/wp-content\/uploads\/2019\/11\/carton_bal-724x1024.jpg 724w, https:\/\/www.eveha.fr\/wp-content\/uploads\/2019\/11\/carton_bal-212x300.jpg 212w, https:\/\/www.eveha.fr\/wp-content\/uploads\/2019\/11\/carton_bal-768x1086.jpg 768w, https:\/\/www.eveha.fr\/wp-content\/uploads\/2019\/11\/carton_bal.jpg 1000w\" sizes=\"(max-width: 724px) 100vw, 724px\" \/><\/figure>\n","protected":false},"excerpt":{"rendered":"<p>\u00c0 l\u2019occasion de l\u2019exposition \u00ab Chefs-d\u2019\u0153uvre romans de Saint-Martial de Limoges \u00bb, quatorze manuscrits richement enlumin\u00e9s provenant de l\u2019ancienne abbaye sont exceptionnellement pr\u00e9sent\u00e9s au public !<\/p>\n","protected":false},"author":3,"featured_media":307,"comment_status":"closed","ping_status":"open","sticky":false,"template":"","format":"standard","meta":{"inline_featured_image":false,"footnotes":""},"categories":[1],"tags":[],"_links":{"self":[{"href":"https:\/\/www.eveha.fr\/index.php\/wp-json\/wp\/v2\/posts\/306"}],"collection":[{"href":"https:\/\/www.eveha.fr\/index.php\/wp-json\/wp\/v2\/posts"}],"about":[{"href":"https:\/\/www.eveha.fr\/index.php\/wp-json\/wp\/v2\/types\/post"}],"author":[{"embeddable":true,"href":"https:\/\/www.eveha.fr\/index.php\/wp-json\/wp\/v2\/users\/3"}],"replies":[{"embeddable":true,"href":"https:\/\/www.eveha.fr\/index.php\/wp-json\/wp\/v2\/comments?post=306"}],"version-history":[{"count":4,"href":"https:\/\/www.eveha.fr\/index.php\/wp-json\/wp\/v2\/posts\/306\/revisions"}],"predecessor-version":[{"id":312,"href":"https:\/\/www.eveha.fr\/index.php\/wp-json\/wp\/v2\/posts\/306\/revisions\/312"}],"wp:featuredmedia":[{"embeddable":true,"href":"https:\/\/www.eveha.fr\/index.php\/wp-json\/wp\/v2\/media\/307"}],"wp:attachment":[{"href":"https:\/\/www.eveha.fr\/index.php\/wp-json\/wp\/v2\/media?parent=306"}],"wp:term":[{"taxonomy":"category","embeddable":true,"href":"https:\/\/www.eveha.fr\/index.php\/wp-json\/wp\/v2\/categories?post=306"},{"taxonomy":"post_tag","embeddable":true,"href":"https:\/\/www.eveha.fr\/index.php\/wp-json\/wp\/v2\/tags?post=306"}],"curies":[{"name":"wp","href":"https:\/\/api.w.org\/{rel}","templated":true}]}}