{"id":315,"date":"2019-12-03T16:32:46","date_gmt":"2019-12-03T15:32:46","guid":{"rendered":"http:\/\/www.eveha.fr\/?p=315"},"modified":"2019-12-03T16:32:46","modified_gmt":"2019-12-03T15:32:46","slug":"conference-retour-sur-les-fouilles-de-clermont-ferrand","status":"publish","type":"post","link":"https:\/\/www.eveha.fr\/index.php\/2019\/12\/03\/conference-retour-sur-les-fouilles-de-clermont-ferrand\/","title":{"rendered":"Conf\u00e9rence : retour sur les fouilles de Clermont-Ferrand !"},"content":{"rendered":"\n<p>Cyril Driard (Responsable d&rsquo;op\u00e9ration, \u00c9veha)  viendra parler de la  fouille pr\u00e9ventive de l&rsquo;H\u00f4tel-Dieu \u00e0 Clermont-Ferrand (avenue Vercing\u00e9torix) \u00e0 l&rsquo;occasion d&rsquo;une conf\u00e9rence men\u00e9e \u00e0 la Maison des Sciences de l&rsquo;Homme (MSH) par l&rsquo;association Utere Felix.<\/p>\n\n\n\n<p>Cette pr\u00e9sentation sera l&rsquo;occasion de revenir sur les nombreuses d\u00e9couvertes et l&rsquo;incroyable potentiel arch\u00e9ologique de ce secteur de la ville.<\/p>\n\n\n\n<!--more-->\n\n\n\n<p><strong>Date<\/strong> :  jeudi 5 d\u00e9cembre  \u00e0 18h30<\/p>\n\n\n\n<p><strong>Lieu<\/strong> : amphi 125 (1e \u00e9tage), MSH, rue Ledru, Clermont-Ferrand<\/p>\n\n\n\n<h3 class=\"wp-block-heading\">Rapide retour sur les d\u00e9couvertes<\/h3>\n\n\n\n<h4 class=\"wp-block-heading\">Des vestiges de l&rsquo;\u00c9poque moderne<\/h4>\n\n\n\n<p> Au XVIIIe si\u00e8cle, le site est occup\u00e9 par le Refuge, une institution g\u00e9r\u00e9e par des religieuses et charg\u00e9e de l&rsquo;accueil et\/ou de l&rsquo;enfermement des femmes pour des raisons diverses, parfois obscures et souvent pour des probl\u00e8mes de m\u0153urs. Le b\u00e2timent principal \u00e9tait constitu\u00e9 de quatre ailes d\u00e9limitant une cour centrale. Les fouilles arch\u00e9ologiques ont permis de retrouver le plan original du rez-de-chauss\u00e9e de l&rsquo;\u00e9tablissement avec diff\u00e9rentes cellules comportant encore parfois le pavage original, des galeries, une latrine, les caves et diff\u00e9rents espaces de service. Le r\u00e9seau hydraulique de cet ensemble a \u00e9t\u00e9 \u00e9galement mis au jour avec notamment le bassin monumental situ\u00e9 au centre du jardin principal.<\/p>\n\n\n\n<h4 class=\"wp-block-heading\">L&rsquo;occupation antique<\/h4>\n\n\n\n<p> Durant l&rsquo;Antiquit\u00e9, ce secteur est localis\u00e9 dans le quart sud-ouest de la ville <em>d&rsquo;Augustonemetum.<\/em> Trois \u00eelots urbains bordant le <em>cardo maximus<\/em> et s\u00e9par\u00e9s par deux voies <em>decumanes<\/em> ont \u00e9t\u00e9 partiellement \u00e9tudi\u00e9s. Il s&rsquo;agit essentiellement d&rsquo;un quartier d&rsquo;habitat avec des maisons de diff\u00e9rentes tailles, allant de la simple domus \u00e0 des \u00e9difices plus imposants aux airs de petit palais. Le long du <em>cardo maximus<\/em>, bord\u00e9 par une galerie, des traces d&rsquo;activit\u00e9s artisanales et probablement culinaires ont \u00e9t\u00e9 mises en \u00e9vidence. Elles sont associ\u00e9es \u00e0 des espaces dont certains pourraient \u00eatre interpr\u00e9t\u00e9s comme des boutiques. Cette fouille a \u00e9galement permis de restituer les diff\u00e9rentes \u00e9tapes du d\u00e9veloppement de l&rsquo;urbanisme dans ce secteur au d\u00e9but du Haut-Empire et m\u00eame, de mettre au jour toute une s\u00e9rie de carri\u00e8res certainement li\u00e9e \u00e0 la construction de la ville.<\/p>\n\n\n\n<h4 class=\"wp-block-heading\">Les occupations proto- et pr\u00e9historiques <\/h4>\n\n\n\n<p>\nAu\nsud-est de l&#8217;emprise de fouille, une occupation dat\u00e9e provisoirement\nde la transition \u00e2ge du Bronze ancien \/ \u00e2ge du Bronze moyen a \u00e9t\u00e9\nmise au jour. Il s&rsquo;agit d&rsquo;un habitat, auquel pourrait \u00eatre associ\u00e9\nun petit enclos circulaire, des traces agraires et une \u00ab&nbsp;st\u00e8le&nbsp;\u00bb\nretrouv\u00e9e en place.<\/p>\n\n\n\n<p>\nLe\nsous-sol g\u00e9ologique peu profond du site est constitu\u00e9\nessentiellement de d\u00e9p\u00f4ts alluviaux li\u00e9s \u00e0 d&rsquo; anciens cours d&rsquo;eau\ndont la Tiretaine pourrait \u00eatre l&rsquo;h\u00e9riti\u00e8re. Il est \u00e9galement\nconstitu\u00e9 de d\u00e9chets phr\u00e9omagmatiques li\u00e9s aux explosions\nsuccessives du maar de Jaude, dat\u00e9es entre 150 et 160000 ans. La\nzone de fouille se situe en limite probable de l&rsquo;anneau de tuf\nentourant les anciens crat\u00e8res, sur le rivage d&rsquo;un ancien cours\nd&rsquo;eau. Les recherches men\u00e9es sous les d\u00e9p\u00f4ts phr\u00e9omagmatiques ont\npermis de mettre au jour quelques composantes d&rsquo;un paysage de l&rsquo;\u00e2ge\nglaciaire intact, scell\u00e9s par les d\u00e9p\u00f4ts du maar. Les traces d&rsquo;une\nactivit\u00e9 volcanique non identifi\u00e9e, provenant de l&rsquo;ouest (en\ndirection de la cha\u00eene des Puys), ant\u00e9rieure au maar de Jaude et\nscell\u00e9e par des d\u00e9p\u00f4ts alluviaux ont \u00e9t\u00e9 \u00e9galement d\u00e9couvertes.<\/p>\n\n\n\n<ul class=\"wp-block-gallery columns-3 is-cropped wp-block-gallery-1 is-layout-flex wp-block-gallery-is-layout-flex\"><li class=\"blocks-gallery-item\"><figure><img decoding=\"async\" loading=\"lazy\" width=\"1024\" height=\"768\" src=\"http:\/\/www.eveha.fr\/wp-content\/uploads\/2019\/11\/Clermont_H\u00f4tel-Dieu_Fig2-1024x768.jpg\" alt=\"\" data-id=\"316\" data-link=\"http:\/\/www.eveha.fr\/?attachment_id=316\" class=\"wp-image-316\" srcset=\"https:\/\/www.eveha.fr\/wp-content\/uploads\/2019\/11\/Clermont_H\u00f4tel-Dieu_Fig2.jpg 1024w, https:\/\/www.eveha.fr\/wp-content\/uploads\/2019\/11\/Clermont_H\u00f4tel-Dieu_Fig2-300x225.jpg 300w, https:\/\/www.eveha.fr\/wp-content\/uploads\/2019\/11\/Clermont_H\u00f4tel-Dieu_Fig2-768x576.jpg 768w\" sizes=\"(max-width: 767px) 89vw, (max-width: 1000px) 54vw, (max-width: 1071px) 543px, 580px\" \/><\/figure><\/li><li class=\"blocks-gallery-item\"><figure><img decoding=\"async\" loading=\"lazy\" width=\"1024\" height=\"768\" src=\"http:\/\/www.eveha.fr\/wp-content\/uploads\/2019\/11\/Clermont_H\u00f4tel-Dieu_Fig3-1024x768.jpg\" alt=\"\" data-id=\"317\" data-link=\"http:\/\/www.eveha.fr\/?attachment_id=317\" class=\"wp-image-317\" srcset=\"https:\/\/www.eveha.fr\/wp-content\/uploads\/2019\/11\/Clermont_H\u00f4tel-Dieu_Fig3.jpg 1024w, https:\/\/www.eveha.fr\/wp-content\/uploads\/2019\/11\/Clermont_H\u00f4tel-Dieu_Fig3-300x225.jpg 300w, https:\/\/www.eveha.fr\/wp-content\/uploads\/2019\/11\/Clermont_H\u00f4tel-Dieu_Fig3-768x576.jpg 768w\" sizes=\"(max-width: 767px) 89vw, (max-width: 1000px) 54vw, (max-width: 1071px) 543px, 580px\" \/><\/figure><\/li><li class=\"blocks-gallery-item\"><figure><img decoding=\"async\" loading=\"lazy\" width=\"1024\" height=\"768\" src=\"http:\/\/www.eveha.fr\/wp-content\/uploads\/2019\/11\/Clermont_H\u00f4tel-Dieu_Fig4-1024x768.jpg\" alt=\"\" data-id=\"318\" data-link=\"http:\/\/www.eveha.fr\/?attachment_id=318\" class=\"wp-image-318\" srcset=\"https:\/\/www.eveha.fr\/wp-content\/uploads\/2019\/11\/Clermont_H\u00f4tel-Dieu_Fig4.jpg 1024w, https:\/\/www.eveha.fr\/wp-content\/uploads\/2019\/11\/Clermont_H\u00f4tel-Dieu_Fig4-300x225.jpg 300w, https:\/\/www.eveha.fr\/wp-content\/uploads\/2019\/11\/Clermont_H\u00f4tel-Dieu_Fig4-768x576.jpg 768w\" sizes=\"(max-width: 767px) 89vw, (max-width: 1000px) 54vw, (max-width: 1071px) 543px, 580px\" \/><\/figure><\/li><li class=\"blocks-gallery-item\"><figure><img decoding=\"async\" loading=\"lazy\" width=\"768\" height=\"1024\" src=\"http:\/\/www.eveha.fr\/wp-content\/uploads\/2019\/11\/Clermont_H\u00f4tel-Dieu_Fig5-768x1024.jpg\" alt=\"\" data-id=\"319\" data-link=\"http:\/\/www.eveha.fr\/?attachment_id=319\" class=\"wp-image-319\" srcset=\"https:\/\/www.eveha.fr\/wp-content\/uploads\/2019\/11\/Clermont_H\u00f4tel-Dieu_Fig5.jpg 768w, https:\/\/www.eveha.fr\/wp-content\/uploads\/2019\/11\/Clermont_H\u00f4tel-Dieu_Fig5-225x300.jpg 225w\" sizes=\"(max-width: 767px) 89vw, (max-width: 1000px) 54vw, (max-width: 1071px) 543px, 580px\" \/><\/figure><\/li><li class=\"blocks-gallery-item\"><figure><img decoding=\"async\" loading=\"lazy\" width=\"768\" height=\"1024\" src=\"http:\/\/www.eveha.fr\/wp-content\/uploads\/2019\/11\/Clermont_H\u00f4tel-Dieu_Fig6-768x1024.jpg\" alt=\"\" data-id=\"320\" data-link=\"http:\/\/www.eveha.fr\/?attachment_id=320\" class=\"wp-image-320\" srcset=\"https:\/\/www.eveha.fr\/wp-content\/uploads\/2019\/11\/Clermont_H\u00f4tel-Dieu_Fig6.jpg 768w, https:\/\/www.eveha.fr\/wp-content\/uploads\/2019\/11\/Clermont_H\u00f4tel-Dieu_Fig6-225x300.jpg 225w\" sizes=\"(max-width: 767px) 89vw, (max-width: 1000px) 54vw, (max-width: 1071px) 543px, 580px\" \/><\/figure><\/li><li class=\"blocks-gallery-item\"><figure><img decoding=\"async\" loading=\"lazy\" width=\"768\" height=\"1024\" src=\"http:\/\/www.eveha.fr\/wp-content\/uploads\/2019\/11\/Clermont_H\u00f4tel-Dieu_Fig7-768x1024.jpg\" alt=\"\" data-id=\"321\" data-link=\"http:\/\/www.eveha.fr\/?attachment_id=321\" class=\"wp-image-321\" srcset=\"https:\/\/www.eveha.fr\/wp-content\/uploads\/2019\/11\/Clermont_H\u00f4tel-Dieu_Fig7.jpg 768w, https:\/\/www.eveha.fr\/wp-content\/uploads\/2019\/11\/Clermont_H\u00f4tel-Dieu_Fig7-225x300.jpg 225w\" sizes=\"(max-width: 767px) 89vw, (max-width: 1000px) 54vw, (max-width: 1071px) 543px, 580px\" \/><\/figure><\/li><li class=\"blocks-gallery-item\"><figure><img decoding=\"async\" loading=\"lazy\" width=\"1024\" height=\"768\" src=\"http:\/\/www.eveha.fr\/wp-content\/uploads\/2019\/11\/Clermont_H\u00f4tel-Dieu_Fig8-1024x768.jpg\" alt=\"\" data-id=\"322\" data-link=\"http:\/\/www.eveha.fr\/?attachment_id=322\" class=\"wp-image-322\" srcset=\"https:\/\/www.eveha.fr\/wp-content\/uploads\/2019\/11\/Clermont_H\u00f4tel-Dieu_Fig8.jpg 1024w, https:\/\/www.eveha.fr\/wp-content\/uploads\/2019\/11\/Clermont_H\u00f4tel-Dieu_Fig8-300x225.jpg 300w, https:\/\/www.eveha.fr\/wp-content\/uploads\/2019\/11\/Clermont_H\u00f4tel-Dieu_Fig8-768x576.jpg 768w\" sizes=\"(max-width: 767px) 89vw, (max-width: 1000px) 54vw, (max-width: 1071px) 543px, 580px\" \/><\/figure><\/li><li class=\"blocks-gallery-item\"><figure><img decoding=\"async\" loading=\"lazy\" width=\"1024\" height=\"768\" src=\"http:\/\/www.eveha.fr\/wp-content\/uploads\/2019\/11\/Clermont_H\u00f4tel-Dieu_Fig9-1024x768.jpg\" alt=\"\" data-id=\"323\" data-link=\"http:\/\/www.eveha.fr\/?attachment_id=323\" class=\"wp-image-323\" srcset=\"https:\/\/www.eveha.fr\/wp-content\/uploads\/2019\/11\/Clermont_H\u00f4tel-Dieu_Fig9.jpg 1024w, https:\/\/www.eveha.fr\/wp-content\/uploads\/2019\/11\/Clermont_H\u00f4tel-Dieu_Fig9-300x225.jpg 300w, https:\/\/www.eveha.fr\/wp-content\/uploads\/2019\/11\/Clermont_H\u00f4tel-Dieu_Fig9-768x576.jpg 768w\" sizes=\"(max-width: 767px) 89vw, (max-width: 1000px) 54vw, (max-width: 1071px) 543px, 580px\" \/><\/figure><\/li><li class=\"blocks-gallery-item\"><figure><img decoding=\"async\" loading=\"lazy\" width=\"768\" height=\"1024\" src=\"http:\/\/www.eveha.fr\/wp-content\/uploads\/2019\/11\/Clermont_H\u00f4tel-Dieu_Fig10-768x1024.jpg\" alt=\"\" data-id=\"324\" data-link=\"http:\/\/www.eveha.fr\/?attachment_id=324\" class=\"wp-image-324\" srcset=\"https:\/\/www.eveha.fr\/wp-content\/uploads\/2019\/11\/Clermont_H\u00f4tel-Dieu_Fig10.jpg 768w, https:\/\/www.eveha.fr\/wp-content\/uploads\/2019\/11\/Clermont_H\u00f4tel-Dieu_Fig10-225x300.jpg 225w\" sizes=\"(max-width: 767px) 89vw, (max-width: 1000px) 54vw, (max-width: 1071px) 543px, 580px\" \/><\/figure><\/li><\/ul>\n","protected":false},"excerpt":{"rendered":"<p>Cyril Driard (Responsable d&rsquo;op\u00e9ration, \u00c9veha) viendra parler de la fouille pr\u00e9ventive de l&rsquo;H\u00f4tel-Dieu \u00e0 Clermont-Ferrand (avenue Vercing\u00e9torix) \u00e0 l&rsquo;occasion d&rsquo;une conf\u00e9rence men\u00e9e \u00e0 la Maison des Sciences de l&rsquo;Homme (MSH) par l&rsquo;association Utere Felix. Cette pr\u00e9sentation sera l&rsquo;occasion de revenir sur les nombreuses d\u00e9couvertes et l&rsquo;incroyable potentiel arch\u00e9ologique de ce secteur de la ville.<\/p>\n","protected":false},"author":3,"featured_media":325,"comment_status":"closed","ping_status":"open","sticky":false,"template":"","format":"standard","meta":{"inline_featured_image":false,"footnotes":""},"categories":[1,6,9,8],"tags":[],"_links":{"self":[{"href":"https:\/\/www.eveha.fr\/index.php\/wp-json\/wp\/v2\/posts\/315"}],"collection":[{"href":"https:\/\/www.eveha.fr\/index.php\/wp-json\/wp\/v2\/posts"}],"about":[{"href":"https:\/\/www.eveha.fr\/index.php\/wp-json\/wp\/v2\/types\/post"}],"author":[{"embeddable":true,"href":"https:\/\/www.eveha.fr\/index.php\/wp-json\/wp\/v2\/users\/3"}],"replies":[{"embeddable":true,"href":"https:\/\/www.eveha.fr\/index.php\/wp-json\/wp\/v2\/comments?post=315"}],"version-history":[{"count":2,"href":"https:\/\/www.eveha.fr\/index.php\/wp-json\/wp\/v2\/posts\/315\/revisions"}],"predecessor-version":[{"id":327,"href":"https:\/\/www.eveha.fr\/index.php\/wp-json\/wp\/v2\/posts\/315\/revisions\/327"}],"wp:featuredmedia":[{"embeddable":true,"href":"https:\/\/www.eveha.fr\/index.php\/wp-json\/wp\/v2\/media\/325"}],"wp:attachment":[{"href":"https:\/\/www.eveha.fr\/index.php\/wp-json\/wp\/v2\/media?parent=315"}],"wp:term":[{"taxonomy":"category","embeddable":true,"href":"https:\/\/www.eveha.fr\/index.php\/wp-json\/wp\/v2\/categories?post=315"},{"taxonomy":"post_tag","embeddable":true,"href":"https:\/\/www.eveha.fr\/index.php\/wp-json\/wp\/v2\/tags?post=315"}],"curies":[{"name":"wp","href":"https:\/\/api.w.org\/{rel}","templated":true}]}}