{"id":329,"date":"2019-12-11T10:38:01","date_gmt":"2019-12-11T09:38:01","guid":{"rendered":"http:\/\/www.eveha.fr\/?p=329"},"modified":"2019-12-10T13:55:26","modified_gmt":"2019-12-10T12:55:26","slug":"cosse-le-vivien-53-contournement-lot-1","status":"publish","type":"post","link":"https:\/\/www.eveha.fr\/index.php\/2019\/12\/11\/cosse-le-vivien-53-contournement-lot-1\/","title":{"rendered":"COSS\u00c9-LE-VIVIEN (53) &#8211; Contournement &#8211; lot 1"},"content":{"rendered":"\n<p> Le lot 1 des fouilles men\u00e9es en Mayenne dans le cadre du projet d&rsquo;am\u00e9nagement d&rsquo;un contournement routier du bourg de Coss\u00e9-Le-Vivien (RD n\u00b0771\/RD n\u00b04) a \u00e9t\u00e9 r\u00e9alis\u00e9 durant 4 mois, entre le 6 mai et le 27 ao\u00fbt 2019, par le bureau d&rsquo;\u00e9tudes \u00c9veha, sous la responsabilit\u00e9 de Laurence Le Cl\u00e9zio. <\/p>\n\n\n\n<p>Dans le cadre de ce lot de fouilles arch\u00e9ologiques, les investigations ont port\u00e9 sur trois emprises distinctes&nbsp;:<\/p>\n\n\n\n<!--more-->\n\n\n\n<ul><li>\nAu\n\tlieu-dit <em>Le\n\tPont<\/em>,\n\tle site 1 a \u00e9t\u00e9 ouvert sur 2,6 ha. Plusieurs enclos d&rsquo;habitats,\n\tvoies d&rsquo;acc\u00e8s (secondaire et principale) ainsi que des vestiges en\n\tlien avec des activit\u00e9s annexes \u00e0 l&rsquo;habitat ont pu \u00eatre\n\tobserv\u00e9es. Elle semblent se mettre en place durant la fin de la\n\tProtohistoire et se d\u00e9velopper durant l&rsquo;Antiquit\u00e9. La fin de\n\tl&rsquo;occupation de ce secteur est marqu\u00e9e\n\tpar quelques vestiges du haut Moyen \u00c2ge et la cr\u00e9ation d&rsquo;un chemin\n\tcreux reprenant le trac\u00e9 de l&rsquo;axe principal de circulation antique.\n\tLa fouille du Lot 2 de ce m\u00eame projet de contournement a \u00e9t\u00e9\n\tr\u00e9alis\u00e9e en juin-juillet 2019 par le bureau d&rsquo;\u00e9tudes \u00c9veha, sous\n\tla responsabilit\u00e9 de Fran\u00e7ois Pinaud. Sur cette emprise, situ\u00e9e \u00e0\n\tseulement 70 m au nord-ouest du site 1 (Lot 1), une occupation\n\t\u00e9galement centr\u00e9e sur le haut Moyen \u00c2ge viendra compl\u00e9ter les\n\td\u00e9couvertes du\n\tsite 1 pour\n\tcette p\u00e9riode.\n<\/li><\/ul>\n\n\n\n<ul><li>\nLocalis\u00e9e\n\t\u00e0 1 km \u00e0 vol d&rsquo;oiseau au nord du site 1, l&#8217;emprise du site 2, au\n\tlieu-dit <em>La\n\tGauley\u00e8re<\/em>,\n\tcouvre\n\t9 600 m\u00b2. Ce secteur comprend un enclos gaulois partiellement mis\n\tau jour, enclos qui avait d\u00e9j\u00e0 \u00e9t\u00e9 identifi\u00e9 en prospection\n\ta\u00e9rienne. Son trac\u00e9 semble avoir \u00e9t\u00e9 repris et compl\u00e9t\u00e9 durant\n\tl&rsquo;\u00e9poque antique.\n\tC&rsquo;est \u00e9galement durant cette p\u00e9riode, qu&rsquo;un parcellaire est\n\tvenu\n\tse greffer aux foss\u00e9s d&rsquo;enclos et que deux plus petits enclos \u00e0\n\tpartition viennent s&rsquo;installer au sud de la zone. Des b\u00e2timents sur\n\tpoteaux porteurs et des fosses comprenant parfois des rejets\n\trub\u00e9fi\u00e9s viennent compl\u00e9ter les d\u00e9couvertes r\u00e9alis\u00e9es pour ces\n\tp\u00e9riodes.\n<\/li><\/ul>\n\n\n\n<ul><li>\nPour\n\tle site 3, localis\u00e9 aux lieux-dit <em>Le\n\tPlessis<\/em>\n\tet <em>Montsion\n\t<\/em><em>N<\/em><em>euf,\n\t<\/em>\u00e0\n\t300 m au nord du site 2, l&#8217;emprise ouverte s&rsquo;\u00e9tend sur un peu plus\n\tde 1,5 ha. Un autre enclos gaulois, lui aussi d\u00e9j\u00e0 identifi\u00e9 en\n\tprospection a\u00e9rienne, a \u00e9t\u00e9 partiellement retrouv\u00e9. Un second\n\tenclos nettement moins cons\u00e9quent ainsi que quelques b\u00e2timents sur\n\tpoteaux porteurs compl\u00e8tent probablement cette occupation.\n\tPlusieurs fosses contenant des rejets rub\u00e9fi\u00e9s sont les indices\n\td&rsquo;activit\u00e9s anthropiques en lien avec ces habitats. Par la suite,\n\tune occupation plus t\u00e9nue du Moyen \u00c2ge classique\n\tsemble s&rsquo;installer sur cette zone. Elle est marqu\u00e9e notamment par\n\tla pr\u00e9sence de rejets rub\u00e9fi\u00e9s en fosses et s&rsquo;ach\u00e8ve par un\n\tnivellement de la zone. Enfin, un potentiel filon de quartz aurif\u00e8re\n\tpourrait avoir \u00e9t\u00e9 exploit\u00e9 durant les \u00e9poques Moderne et\n\tContemporaine.\n<\/li><\/ul>\n\n\n\n<p>\nLes\n\u00e9tudes du mobilier ainsi que des donn\u00e9es r\u00e9colt\u00e9es se poursuivent\nactuellement et permettront d&rsquo;affiner nos connaissances des\noccupations, du parcellaire et des voies de circulation qui se\nd\u00e9veloppent \u00e0 la p\u00e9riph\u00e9rie ouest de la ville actuelle de\nCoss\u00e9-Le-Vivien depuis la fin du second \u00e2ge du Fer et jusqu&rsquo;aux\n\u00e9poques Moderne et Contemporaine.<\/p>\n\n\n\n<ul class=\"wp-block-gallery columns-3 is-cropped wp-block-gallery-1 is-layout-flex wp-block-gallery-is-layout-flex\"><li class=\"blocks-gallery-item\"><figure><img decoding=\"async\" loading=\"lazy\" width=\"1024\" height=\"768\" src=\"http:\/\/www.eveha.fr\/wp-content\/uploads\/2019\/12\/B\u00e2timents-sur-quatre-poteaux-porteurs-Site-3-Le-Plessis-Montsion-neuf-1024x768.jpg\" alt=\"\" data-id=\"333\" data-link=\"http:\/\/www.eveha.fr\/?attachment_id=333\" class=\"wp-image-333\" srcset=\"https:\/\/www.eveha.fr\/wp-content\/uploads\/2019\/12\/B\u00e2timents-sur-quatre-poteaux-porteurs-Site-3-Le-Plessis-Montsion-neuf.jpg 1024w, https:\/\/www.eveha.fr\/wp-content\/uploads\/2019\/12\/B\u00e2timents-sur-quatre-poteaux-porteurs-Site-3-Le-Plessis-Montsion-neuf-300x225.jpg 300w, https:\/\/www.eveha.fr\/wp-content\/uploads\/2019\/12\/B\u00e2timents-sur-quatre-poteaux-porteurs-Site-3-Le-Plessis-Montsion-neuf-768x576.jpg 768w\" sizes=\"(max-width: 767px) 89vw, (max-width: 1000px) 54vw, (max-width: 1071px) 543px, 580px\" \/><\/figure><\/li><li class=\"blocks-gallery-item\"><figure><img decoding=\"async\" loading=\"lazy\" width=\"1024\" height=\"768\" src=\"http:\/\/www.eveha.fr\/wp-content\/uploads\/2019\/12\/Chemin-creux-Site-1-Le-Pont-1024x768.jpg\" alt=\"\" data-id=\"334\" data-link=\"http:\/\/www.eveha.fr\/?attachment_id=334\" class=\"wp-image-334\" srcset=\"https:\/\/www.eveha.fr\/wp-content\/uploads\/2019\/12\/Chemin-creux-Site-1-Le-Pont.jpg 1024w, https:\/\/www.eveha.fr\/wp-content\/uploads\/2019\/12\/Chemin-creux-Site-1-Le-Pont-300x225.jpg 300w, https:\/\/www.eveha.fr\/wp-content\/uploads\/2019\/12\/Chemin-creux-Site-1-Le-Pont-768x576.jpg 768w\" sizes=\"(max-width: 767px) 89vw, (max-width: 1000px) 54vw, (max-width: 1071px) 543px, 580px\" \/><\/figure><\/li><li class=\"blocks-gallery-item\"><figure><img decoding=\"async\" loading=\"lazy\" width=\"1024\" height=\"768\" src=\"http:\/\/www.eveha.fr\/wp-content\/uploads\/2019\/12\/D\u00e9capage-des-terres-superficielles-site-1-Le-Pont-1024x768.jpg\" alt=\"\" data-id=\"335\" data-link=\"http:\/\/www.eveha.fr\/?attachment_id=335\" class=\"wp-image-335\" srcset=\"https:\/\/www.eveha.fr\/wp-content\/uploads\/2019\/12\/D\u00e9capage-des-terres-superficielles-site-1-Le-Pont.jpg 1024w, https:\/\/www.eveha.fr\/wp-content\/uploads\/2019\/12\/D\u00e9capage-des-terres-superficielles-site-1-Le-Pont-300x225.jpg 300w, https:\/\/www.eveha.fr\/wp-content\/uploads\/2019\/12\/D\u00e9capage-des-terres-superficielles-site-1-Le-Pont-768x576.jpg 768w\" sizes=\"(max-width: 767px) 89vw, (max-width: 1000px) 54vw, (max-width: 1071px) 543px, 580px\" \/><\/figure><\/li><li class=\"blocks-gallery-item\"><figure><img decoding=\"async\" loading=\"lazy\" width=\"1024\" height=\"768\" src=\"http:\/\/www.eveha.fr\/wp-content\/uploads\/2019\/12\/Fosse-contenant-des-rejets-rub\u00e9fi\u00e9s-Site-2-La-Gauley\u00e8re-1024x768.jpg\" alt=\"\" data-id=\"336\" data-link=\"http:\/\/www.eveha.fr\/?attachment_id=336\" class=\"wp-image-336\" srcset=\"https:\/\/www.eveha.fr\/wp-content\/uploads\/2019\/12\/Fosse-contenant-des-rejets-rub\u00e9fi\u00e9s-Site-2-La-Gauley\u00e8re.jpg 1024w, https:\/\/www.eveha.fr\/wp-content\/uploads\/2019\/12\/Fosse-contenant-des-rejets-rub\u00e9fi\u00e9s-Site-2-La-Gauley\u00e8re-300x225.jpg 300w, https:\/\/www.eveha.fr\/wp-content\/uploads\/2019\/12\/Fosse-contenant-des-rejets-rub\u00e9fi\u00e9s-Site-2-La-Gauley\u00e8re-768x576.jpg 768w\" sizes=\"(max-width: 767px) 89vw, (max-width: 1000px) 54vw, (max-width: 1071px) 543px, 580px\" \/><\/figure><\/li><li class=\"blocks-gallery-item\"><figure><img decoding=\"async\" loading=\"lazy\" width=\"1024\" height=\"768\" src=\"http:\/\/www.eveha.fr\/wp-content\/uploads\/2019\/12\/Fouille-m\u00e9canique-de-lint\u00e9gralit\u00e9-dun-foss\u00e9-denclos-gaulois-Site-2-La-Gauley\u00e8re-1024x768.jpg\" alt=\"\" data-id=\"337\" data-link=\"http:\/\/www.eveha.fr\/?attachment_id=337\" class=\"wp-image-337\" srcset=\"https:\/\/www.eveha.fr\/wp-content\/uploads\/2019\/12\/Fouille-m\u00e9canique-de-lint\u00e9gralit\u00e9-dun-foss\u00e9-denclos-gaulois-Site-2-La-Gauley\u00e8re.jpg 1024w, https:\/\/www.eveha.fr\/wp-content\/uploads\/2019\/12\/Fouille-m\u00e9canique-de-lint\u00e9gralit\u00e9-dun-foss\u00e9-denclos-gaulois-Site-2-La-Gauley\u00e8re-300x225.jpg 300w, https:\/\/www.eveha.fr\/wp-content\/uploads\/2019\/12\/Fouille-m\u00e9canique-de-lint\u00e9gralit\u00e9-dun-foss\u00e9-denclos-gaulois-Site-2-La-Gauley\u00e8re-768x576.jpg 768w\" sizes=\"(max-width: 767px) 89vw, (max-width: 1000px) 54vw, (max-width: 1071px) 543px, 580px\" \/><\/figure><\/li><li class=\"blocks-gallery-item\"><figure><img decoding=\"async\" loading=\"lazy\" width=\"1024\" height=\"768\" src=\"http:\/\/www.eveha.fr\/wp-content\/uploads\/2019\/12\/Sondage-en-cours-dans-un-angle-de-foss\u00e9-denclos-gallo-romain-site-1-Le-Pont-1024x768.jpg\" alt=\"\" data-id=\"338\" data-link=\"http:\/\/www.eveha.fr\/?attachment_id=338\" class=\"wp-image-338\" srcset=\"https:\/\/www.eveha.fr\/wp-content\/uploads\/2019\/12\/Sondage-en-cours-dans-un-angle-de-foss\u00e9-denclos-gallo-romain-site-1-Le-Pont.jpg 1024w, https:\/\/www.eveha.fr\/wp-content\/uploads\/2019\/12\/Sondage-en-cours-dans-un-angle-de-foss\u00e9-denclos-gallo-romain-site-1-Le-Pont-300x225.jpg 300w, https:\/\/www.eveha.fr\/wp-content\/uploads\/2019\/12\/Sondage-en-cours-dans-un-angle-de-foss\u00e9-denclos-gallo-romain-site-1-Le-Pont-768x576.jpg 768w\" sizes=\"(max-width: 767px) 89vw, (max-width: 1000px) 54vw, (max-width: 1071px) 543px, 580px\" \/><\/figure><\/li><li class=\"blocks-gallery-item\"><figure><img decoding=\"async\" loading=\"lazy\" width=\"1024\" height=\"768\" src=\"http:\/\/www.eveha.fr\/wp-content\/uploads\/2019\/12\/Sondage-m\u00e9canique-dans-un-foss\u00e9-denclos-gaulois-Site-3-Le-Plessis-Montsion-neuf-1024x768.jpg\" alt=\"\" data-id=\"339\" data-link=\"http:\/\/www.eveha.fr\/?attachment_id=339\" class=\"wp-image-339\" srcset=\"https:\/\/www.eveha.fr\/wp-content\/uploads\/2019\/12\/Sondage-m\u00e9canique-dans-un-foss\u00e9-denclos-gaulois-Site-3-Le-Plessis-Montsion-neuf.jpg 1024w, https:\/\/www.eveha.fr\/wp-content\/uploads\/2019\/12\/Sondage-m\u00e9canique-dans-un-foss\u00e9-denclos-gaulois-Site-3-Le-Plessis-Montsion-neuf-300x225.jpg 300w, https:\/\/www.eveha.fr\/wp-content\/uploads\/2019\/12\/Sondage-m\u00e9canique-dans-un-foss\u00e9-denclos-gaulois-Site-3-Le-Plessis-Montsion-neuf-768x576.jpg 768w\" sizes=\"(max-width: 767px) 89vw, (max-width: 1000px) 54vw, (max-width: 1071px) 543px, 580px\" \/><\/figure><\/li><\/ul>\n","protected":false},"excerpt":{"rendered":"<p>Le lot 1 des fouilles men\u00e9es en Mayenne dans le cadre du projet d&rsquo;am\u00e9nagement d&rsquo;un contournement routier du bourg de Coss\u00e9-Le-Vivien (RD n\u00b0771\/RD n\u00b04) a \u00e9t\u00e9 r\u00e9alis\u00e9 durant 4 mois, entre le 6 mai et le 27 ao\u00fbt 2019, par le bureau d&rsquo;\u00e9tudes \u00c9veha, sous la responsabilit\u00e9 de Laurence Le Cl\u00e9zio. Dans le cadre de &hellip; <\/p>\n<p class=\"link-more\"><a href=\"https:\/\/www.eveha.fr\/index.php\/2019\/12\/11\/cosse-le-vivien-53-contournement-lot-1\/\" class=\"more-link\">Continuer la lecture<span class=\"screen-reader-text\"> de &laquo;&nbsp;COSS\u00c9-LE-VIVIEN (53) &#8211; Contournement &#8211; lot 1&nbsp;&raquo;<\/span><\/a><\/p>\n","protected":false},"author":7,"featured_media":343,"comment_status":"closed","ping_status":"open","sticky":false,"template":"","format":"standard","meta":{"inline_featured_image":false,"footnotes":""},"categories":[1,6,10,9,8,5],"tags":[],"_links":{"self":[{"href":"https:\/\/www.eveha.fr\/index.php\/wp-json\/wp\/v2\/posts\/329"}],"collection":[{"href":"https:\/\/www.eveha.fr\/index.php\/wp-json\/wp\/v2\/posts"}],"about":[{"href":"https:\/\/www.eveha.fr\/index.php\/wp-json\/wp\/v2\/types\/post"}],"author":[{"embeddable":true,"href":"https:\/\/www.eveha.fr\/index.php\/wp-json\/wp\/v2\/users\/7"}],"replies":[{"embeddable":true,"href":"https:\/\/www.eveha.fr\/index.php\/wp-json\/wp\/v2\/comments?post=329"}],"version-history":[{"count":4,"href":"https:\/\/www.eveha.fr\/index.php\/wp-json\/wp\/v2\/posts\/329\/revisions"}],"predecessor-version":[{"id":342,"href":"https:\/\/www.eveha.fr\/index.php\/wp-json\/wp\/v2\/posts\/329\/revisions\/342"}],"wp:featuredmedia":[{"embeddable":true,"href":"https:\/\/www.eveha.fr\/index.php\/wp-json\/wp\/v2\/media\/343"}],"wp:attachment":[{"href":"https:\/\/www.eveha.fr\/index.php\/wp-json\/wp\/v2\/media?parent=329"}],"wp:term":[{"taxonomy":"category","embeddable":true,"href":"https:\/\/www.eveha.fr\/index.php\/wp-json\/wp\/v2\/categories?post=329"},{"taxonomy":"post_tag","embeddable":true,"href":"https:\/\/www.eveha.fr\/index.php\/wp-json\/wp\/v2\/tags?post=329"}],"curies":[{"name":"wp","href":"https:\/\/api.w.org\/{rel}","templated":true}]}}