{"id":3486,"date":"2023-06-01T13:05:02","date_gmt":"2023-06-01T11:05:02","guid":{"rendered":"http:\/\/www.eveha.fr\/?p=3486"},"modified":"2023-06-01T13:05:53","modified_gmt":"2023-06-01T11:05:53","slug":"saint-junien-87-cloitre-de-la-collegiale","status":"publish","type":"post","link":"https:\/\/www.eveha.fr\/index.php\/2023\/06\/01\/saint-junien-87-cloitre-de-la-collegiale\/","title":{"rendered":"SAINT-JUNIEN (87) \u2013 Clo\u00eetre de la coll\u00e9giale"},"content":{"rendered":"\n<p>Les op\u00e9rations arch\u00e9ologiques men\u00e9es sur le site du clo\u00eetre de la coll\u00e9giale de Saint-Junien ont \u00e9t\u00e9 r\u00e9alis\u00e9es par le bureau d&rsquo;\u00e9tudes \u00c9veha sous la responsabilit\u00e9 de Xavier Lhermite, en collaboration avec Boris Hollemaert et J\u00e9r\u00f4me Lachaud. Elles interviennent en amont d\u2019un projet de valorisation port\u00e9 par la commune. L\u2019op\u00e9ration s\u2019est d\u00e9roul\u00e9e en trois phases. La premi\u00e8re phase consistait en la d\u00e9molition d\u2019un mur de terrasse et le d\u00e9caissement des terres apport\u00e9es au 19e s. La deuxi\u00e8me phase concernait la r\u00e9alisation de sondages au sein des galeries du clo\u00eetre dans le but de conna\u00eetre tant les niveaux de circulation que de d\u00e9tecter la pr\u00e9sence de s\u00e9pultures et de comprendre les liens entre ces niveaux anciens et un puits conserv\u00e9 aujourd\u2019hui \u00e0 proximit\u00e9 de la galerie sud. La derni\u00e8re phase a \u00e9t\u00e9 consacr\u00e9e \u00e0 une \u00e9tude de b\u00e2ti des murs entourant cet espace du clo\u00eetre.<\/p>\n\n\n\n<!--more-->\n\n\n\n<h4 class=\"wp-block-heading\"><strong>La premi\u00e8re phase d&rsquo;intervention<\/strong><\/h4>\n\n\n\n<p>Lors de la premi\u00e8re phase de l\u2019op\u00e9ration, la destruction du mur a livr\u00e9 un certain nombre d\u2019\u00e9l\u00e9ments lapidaires, tels que des \u00e9l\u00e9ments d\u2019encadrement d\u2019ouverture, des nervures de vo\u00fbte, mortier, etc. Le d\u00e9caissement des terres de remblais n\u2019a r\u00e9v\u00e9l\u00e9 qu\u2019une seule structure remarquable, \u00e0 savoir un puits qui figure sur des documents de la fin du 19e s. Ce puits \u00e9tait construit en aveugle dans les niveaux de remblais du 19e s. et doit donc \u00eatre consid\u00e9r\u00e9 comme une cr\u00e9ation r\u00e9cente. En fond de d\u00e9caissement sont apparues des zones riches en rejets du 19e s. (bouteilles en verre, c\u00e9ramiques, gazettes&#8230;). Ces espaces, non circonscrits, ont \u00e9t\u00e9 consid\u00e9r\u00e9s comme des remblais plut\u00f4t que comme des fosses. Plusieurs sondages ont \u00e9t\u00e9 r\u00e9alis\u00e9s dans le talus jusqu\u2019au contact des murs pour permettre d\u2019\u00e9tudier ponctuellement ces derniers sur toute leur \u00e9l\u00e9vation.<\/p>\n\n\n\n<h4 class=\"wp-block-heading\"><strong>La deuxi\u00e8me phase d&rsquo;intervention<\/strong><\/h4>\n\n\n\n<p>Deux sondages ont \u00e9t\u00e9 r\u00e9alis\u00e9s lors de la deuxi\u00e8me phase de l\u2019op\u00e9ration. Un premier sondage contre le mur nord de l\u2019\u00e9glise a \u00e9t\u00e9 pr\u00e9conis\u00e9 par le service r\u00e9gional de l\u2019Arch\u00e9ologie (DRAC-SRA Nouvelle-Aquitaine) \u00e0 cet emplacement du fait du projet de la mairie de Saint-Junien d\u2019ouvrir une porte sous un arc visible dans ce mur. Cet arc, avant m\u00eame de creuser le sondage, a \u00e9t\u00e9 identifi\u00e9 non comme le couvrement d\u2019une porte mais bien plut\u00f4t comme la vo\u00fbte cass\u00e9e d\u2019un am\u00e9nagement plus grand (chapelle, enfeu) encore bien visible sur le parement interne du mur. L\u2019objectif du sondage devenait alors plut\u00f4t de retrouver les murs de cet am\u00e9nagement. Or, les creusements ont tout d\u2019abord r\u00e9v\u00e9l\u00e9 des vestiges post\u00e9rieurs \u00e0 la R\u00e9volution, li\u00e9s \u00e0 la cour se d\u00e9veloppant alors dans l\u2019angle form\u00e9 par la nef et le transept et aux b\u00e2timents encadrant cette cour (fig. 1). Mais sous les niveaux de celle-ci ont \u00e9t\u00e9 mis au jour seulement des remblais r\u00e9cents (19e s.). Tout cet espace a \u00e9t\u00e9 creus\u00e9 jusqu\u2019au substrat, peut-\u00eatre en lien avec une restauration de toutes les fondations de l\u2019\u00e9glise \u00e0 cet emplacement, qui ont \u00e9t\u00e9 rejointoy\u00e9es avec un mortier rose (tuileau) sans doute pour assurer l\u2019\u00e9tanch\u00e9it\u00e9 \u2013 les probl\u00e8mes d\u2019infiltration d\u2019eau \u00e9tant, encore \u00e0 l\u2019heure actuelle, r\u00e9currents au sein de la coll\u00e9giale. \u00c0 l\u2019extr\u00e9mit\u00e9 ouest du sondage, les niveaux anciens \u00e9taient en partie conserv\u00e9s, ce qui a permis de retrouver les assises de fondation de l\u2019angle du mur bahut (fig. 2).<\/p>\n\n\n\n<div class=\"wp-block-image\"><figure class=\"aligncenter\"><img decoding=\"async\" loading=\"lazy\" width=\"576\" height=\"768\" src=\"https:\/\/www.eveha.fr\/wp-content\/uploads\/2023\/05\/fig.1.resized.jpg\" alt=\"\" class=\"wp-image-3487\" srcset=\"https:\/\/www.eveha.fr\/wp-content\/uploads\/2023\/05\/fig.1.resized.jpg 576w, https:\/\/www.eveha.fr\/wp-content\/uploads\/2023\/05\/fig.1.resized-225x300.jpg 225w\" sizes=\"(max-width: 576px) 100vw, 576px\" \/><figcaption><strong>Fig.\u00a01<\/strong> : Niveaux contemporains au sein du sondage perpendiculaire au bras nord du transept. Cr\u00e9dit : \u00c9veha, 2023. <\/figcaption><\/figure><\/div>\n\n\n\n<div class=\"wp-block-image\"><figure class=\"aligncenter\"><img decoding=\"async\" loading=\"lazy\" width=\"450\" height=\"600\" src=\"https:\/\/www.eveha.fr\/wp-content\/uploads\/2023\/05\/fig.2.resized.resized.jpg\" alt=\"\" class=\"wp-image-3496\" srcset=\"https:\/\/www.eveha.fr\/wp-content\/uploads\/2023\/05\/fig.2.resized.resized.jpg 450w, https:\/\/www.eveha.fr\/wp-content\/uploads\/2023\/05\/fig.2.resized.resized-225x300.jpg 225w\" sizes=\"(max-width: 450px) 100vw, 450px\" \/><figcaption><strong>Fig.\u00a02<\/strong>\u00a0: Niveaux anciens au sein du sondage perpendiculaire au bras nord du transept<em>. Cr\u00e9dit : \u00c9veha, 2023. <\/em><\/figcaption><\/figure><\/div>\n\n\n\n<p>Le second sondage avait pour but de reconna\u00eetre les niveaux du clo\u00eetre, de v\u00e9rifier la pr\u00e9sence de s\u00e9pultures et d\u2019\u00e9tablir la relation entre le mur bahut et un puits bordant cette ma\u00e7onnerie. Ce sondage a permis de mettre au jour de nombreux \u00e9l\u00e9ments anciens. Le mur bahut \u00e9tait bien conserv\u00e9, \u00e0 l\u2019exception de sa derni\u00e8re assise. Entre celui-ci et l\u2019\u00e9glise ont \u00e9t\u00e9 d\u00e9couverts, sous les remblais r\u00e9cents, diff\u00e9rents niveaux de sol, circulation ou pr\u00e9paration de sol, en lien avec la galerie de clo\u00eetre. Si le dernier niveau au moins correspond \u00e0 une r\u00e9occupation r\u00e9cente (post\u00e9rieure \u00e0 la R\u00e9volution) certains d\u2019entre eux sont en lien avec le clo\u00eetre de la coll\u00e9giale. Au sein de ces niveaux, quatre fosses ont \u00e9t\u00e9 identifi\u00e9es comme \u00e9tant des s\u00e9pultures (fig. 3). Pour l\u2019une d\u2019entre elle, sa localisation, en bord de coupe, n\u2019a pas permis de conna\u00eetre ses dispositions. Les trois autres \u00e9taient des fosses creus\u00e9es dans le substrat et couvertes par des dalles de pierre. Une de ces s\u00e9pultures pr\u00e9sentait une couverture ma\u00e7onn\u00e9e, du mortier jointoyant ces diff\u00e9rentes dalles. Une autre s\u00e9pulture, dont une des dalles de couverture avait bascul\u00e9, a \u00e9t\u00e9, \u00e0 la demande du SRA, ouverte pour conna\u00eetre l\u2019\u00e9tat de conservation des ossements. Une rapide prise en compte a r\u00e9v\u00e9l\u00e9 que les ossements des pieds \u00e9taient tr\u00e8s bien conserv\u00e9s, ce qui sugg\u00e8re une probable tr\u00e8s bonne conservation de l\u2019ensemble des squelettes (conforme avec ce qui avait d\u00e9j\u00e0 \u00e9t\u00e9 remarqu\u00e9 dans les pr\u00e9c\u00e9dentes fouilles r\u00e9alis\u00e9es autour de la coll\u00e9giale). Au sein de ce second sondage, la question de la relation du puits avec le mur bahut se posait \u00e9galement. Les fouilles ont r\u00e9v\u00e9l\u00e9 un puits de facture m\u00e9diocre&nbsp;: de plan ovale, il est r\u00e9alis\u00e9 en moellons bruts et ne pr\u00e9sente quasiment aucun mortier (tout juste en comblement des joints sur sa face interne). Sa mise en place a n\u00e9cessit\u00e9 un b\u00fbchage de la fondation du mur bahut. Int\u00e9gr\u00e9 de fa\u00e7on coh\u00e9rente dans des niveaux de cour du 19e s., il doit avoir \u00e9t\u00e9 creus\u00e9 apr\u00e8s la division de l\u2019espace du clo\u00eetre en deux parties apr\u00e8s la R\u00e9volution (fig. 4).<\/p>\n\n\n\n<div class=\"wp-block-image\"><figure class=\"aligncenter\"><img decoding=\"async\" loading=\"lazy\" width=\"1024\" height=\"768\" src=\"https:\/\/www.eveha.fr\/wp-content\/uploads\/2023\/05\/fig.3.resized-1024x768.jpg\" alt=\"\" class=\"wp-image-3492\" srcset=\"https:\/\/www.eveha.fr\/wp-content\/uploads\/2023\/05\/fig.3.resized.jpg 1024w, https:\/\/www.eveha.fr\/wp-content\/uploads\/2023\/05\/fig.3.resized-300x225.jpg 300w, https:\/\/www.eveha.fr\/wp-content\/uploads\/2023\/05\/fig.3.resized-768x576.jpg 768w\" sizes=\"(max-width: 767px) 89vw, (max-width: 1000px) 54vw, (max-width: 1071px) 543px, 580px\" \/><figcaption><strong>Fig.\u00a03<\/strong>\u00a0: S\u00e9pultures au sein du sondage perpendiculaire \u00e0 la nef de l\u2019\u00e9glise<em>. Cr\u00e9dit : \u00c9veha, 2023. <\/em><\/figcaption><\/figure><\/div>\n\n\n\n<div class=\"wp-block-image\"><figure class=\"aligncenter\"><img decoding=\"async\" loading=\"lazy\" width=\"1024\" height=\"695\" src=\"https:\/\/www.eveha.fr\/wp-content\/uploads\/2023\/05\/fig.4.resized-1024x695.jpg\" alt=\"\" class=\"wp-image-3493\" srcset=\"https:\/\/www.eveha.fr\/wp-content\/uploads\/2023\/05\/fig.4.resized.jpg 1024w, https:\/\/www.eveha.fr\/wp-content\/uploads\/2023\/05\/fig.4.resized-300x204.jpg 300w, https:\/\/www.eveha.fr\/wp-content\/uploads\/2023\/05\/fig.4.resized-768x521.jpg 768w\" sizes=\"(max-width: 767px) 89vw, (max-width: 1000px) 54vw, (max-width: 1071px) 543px, 580px\" \/><figcaption><strong>Fig.\u00a04<\/strong>\u00a0: Mur bahut et puits au sein du sondage perpendiculaire \u00e0 la nef de l\u2019\u00e9glise<em>. Cr\u00e9dit : \u00c9veha, 2023. <\/em><\/figcaption><\/figure><\/div>\n\n\n\n<h4 class=\"wp-block-heading\"><strong>La troisi\u00e8me phase d&rsquo;intervention<\/strong><\/h4>\n\n\n\n<p>Les premiers r\u00e9sultats de l\u2019\u00e9tude de b\u00e2ti se r\u00e9v\u00e8lent particuli\u00e8rement importants pour l\u2019histoire du site. Le pilier sud-ouest du clo\u00eetre, encore conserv\u00e9, permet de restituer certaines dispositions de celui-ci dans les ann\u00e9es 1200 (fig. 5). Il tenait encore, jusqu\u2019en 2020, un angle de toiture \u2013 aujourd\u2019hui d\u00e9truit \u2013 se singularisant de toutes les couvertures des b\u00e2timents se d\u00e9veloppant au nord de la coll\u00e9giale, qui correspondait tr\u00e8s certainement aux vestiges d\u2019une charpente ancienne (m\u00e9di\u00e9vale ?) du clo\u00eetre. Diff\u00e9rents \u00e9l\u00e9ments t\u00e9moignant de l\u2019accroche de la toiture de ce clo\u00eetre d\u2019\u00e9poque 1200 sont visibles. Plus int\u00e9ressant encore, au sein du mur gouttereau (mur terminant le versant d\u2019une toiture et en recevant les eaux) de l\u2019\u00e9glise, des trous d\u2019ancrage sont visibles. Ils ont \u00e9t\u00e9 pr\u00e9vu au sein des ma\u00e7onneries d\u00e8s la construction du mur de l\u2019\u00e9glise (mur datant d\u2019avant 1100 selon les derni\u00e8res hypoth\u00e8ses d\u2019Eric Sparhubert). Ces trous situ\u00e9s trop bas par rapport \u00e0 la corniche soutenant la toiture du clo\u00eetre 1200 t\u00e9moignent incontestablement du projet de mise en place d\u2019une galerie d\u00e8s la construction de la nef de l\u2019\u00e9glise. Autre d\u00e9couverte importante, le mur bordant l\u2019espace du clo\u00eetre au nord pr\u00e9sente un premier \u00e9tat fait de grand appareil. Ce grand appareil pr\u00e9sente des modules identiques \u00e0 celui de l\u2019\u00e9glise et au sein de celui-ci, des espaces destin\u00e9s \u00e0 l\u2019encastrement de poutres ont \u00e9t\u00e9 pr\u00e9vus d\u00e8s sa r\u00e9alisation et \u00e0 la m\u00eame altitude que ceux pr\u00e9sents dans l\u2019\u00e9glise. Rattacher ce mur a une campagne pr\u00e9coce et \u00e0 un premier clo\u00eetre (tout d\u00e9but du 12e s.) est donc envisageable. Une visite dans les b\u00e2timents bordant l\u2019espace du clo\u00eetre au nord r\u00e9v\u00e8le d\u2019autres vestiges de mur en grand appareil sugg\u00e9rant l\u2019existence d\u2019un programme architectural ambitieux au nord de l\u2019\u00e9glise sans doute assez pr\u00e9coce (d\u00e8s le d\u00e9but du 12e s.), dans la continuit\u00e9 des travaux de la coll\u00e9giale ou peut-\u00eatre m\u00eame en partie r\u00e9alis\u00e9e parall\u00e8lement \u00e0 ceux-ci. Diff\u00e9rentes reprises et r\u00e9fections du clo\u00eetre et des b\u00e2timents dispos\u00e9s autour de celui-ci sont visibles et seront pr\u00e9cis\u00e9s dans le cadre du rapport.<\/p>\n\n\n\n<div class=\"wp-block-image\"><figure class=\"aligncenter\"><img decoding=\"async\" loading=\"lazy\" width=\"640\" height=\"480\" src=\"https:\/\/www.eveha.fr\/wp-content\/uploads\/2023\/05\/fig.5.resized.resized.jpg\" alt=\"\" class=\"wp-image-3495\" srcset=\"https:\/\/www.eveha.fr\/wp-content\/uploads\/2023\/05\/fig.5.resized.resized.jpg 640w, https:\/\/www.eveha.fr\/wp-content\/uploads\/2023\/05\/fig.5.resized.resized-300x225.jpg 300w\" sizes=\"(max-width: 640px) 100vw, 640px\" \/><figcaption><strong>Fig.\u00a05<\/strong>\u00a0: Pilier sud-ouest du clo\u00eetre conserv\u00e9 avec le d\u00e9part des arcs et la corniche le couronnant<em>. Cr\u00e9dit : \u00c9veha, 2023. <\/em><\/figcaption><\/figure><\/div>\n\n\n\n<p>Les \u00e9tudes du mobilier ainsi que des donn\u00e9es r\u00e9colt\u00e9es se poursuivent actuellement et permettront d&rsquo;affiner nos connaissances de ce site et de son occupation.<\/p>\n","protected":false},"excerpt":{"rendered":"<p>Les op\u00e9rations arch\u00e9ologiques men\u00e9es sur le site du clo\u00eetre de la coll\u00e9giale de Saint-Junien ont \u00e9t\u00e9 r\u00e9alis\u00e9es par le bureau d&rsquo;\u00e9tudes \u00c9veha sous la responsabilit\u00e9 de Xavier Lhermite, en collaboration avec Boris Hollemaert et J\u00e9r\u00f4me Lachaud. Elles interviennent en amont d\u2019un projet de valorisation port\u00e9 par la commune. L\u2019op\u00e9ration s\u2019est d\u00e9roul\u00e9e en trois phases. La &hellip; <\/p>\n<p class=\"link-more\"><a href=\"https:\/\/www.eveha.fr\/index.php\/2023\/06\/01\/saint-junien-87-cloitre-de-la-collegiale\/\" class=\"more-link\">Continuer la lecture<span class=\"screen-reader-text\"> de &laquo;&nbsp;SAINT-JUNIEN (87) \u2013 Clo\u00eetre de la coll\u00e9giale&nbsp;&raquo;<\/span><\/a><\/p>\n","protected":false},"author":12,"featured_media":3497,"comment_status":"closed","ping_status":"open","sticky":false,"template":"","format":"standard","meta":{"inline_featured_image":false,"footnotes":""},"categories":[1,10,9,8],"tags":[],"_links":{"self":[{"href":"https:\/\/www.eveha.fr\/index.php\/wp-json\/wp\/v2\/posts\/3486"}],"collection":[{"href":"https:\/\/www.eveha.fr\/index.php\/wp-json\/wp\/v2\/posts"}],"about":[{"href":"https:\/\/www.eveha.fr\/index.php\/wp-json\/wp\/v2\/types\/post"}],"author":[{"embeddable":true,"href":"https:\/\/www.eveha.fr\/index.php\/wp-json\/wp\/v2\/users\/12"}],"replies":[{"embeddable":true,"href":"https:\/\/www.eveha.fr\/index.php\/wp-json\/wp\/v2\/comments?post=3486"}],"version-history":[{"count":5,"href":"https:\/\/www.eveha.fr\/index.php\/wp-json\/wp\/v2\/posts\/3486\/revisions"}],"predecessor-version":[{"id":3509,"href":"https:\/\/www.eveha.fr\/index.php\/wp-json\/wp\/v2\/posts\/3486\/revisions\/3509"}],"wp:featuredmedia":[{"embeddable":true,"href":"https:\/\/www.eveha.fr\/index.php\/wp-json\/wp\/v2\/media\/3497"}],"wp:attachment":[{"href":"https:\/\/www.eveha.fr\/index.php\/wp-json\/wp\/v2\/media?parent=3486"}],"wp:term":[{"taxonomy":"category","embeddable":true,"href":"https:\/\/www.eveha.fr\/index.php\/wp-json\/wp\/v2\/categories?post=3486"},{"taxonomy":"post_tag","embeddable":true,"href":"https:\/\/www.eveha.fr\/index.php\/wp-json\/wp\/v2\/tags?post=3486"}],"curies":[{"name":"wp","href":"https:\/\/api.w.org\/{rel}","templated":true}]}}