{"id":4649,"date":"2023-11-23T17:26:59","date_gmt":"2023-11-23T16:26:59","guid":{"rendered":"https:\/\/www.eveha.fr\/?p=4649"},"modified":"2024-03-08T12:22:49","modified_gmt":"2024-03-08T11:22:49","slug":"decize-58-zac-du-four-a-chaux","status":"publish","type":"post","link":"https:\/\/www.eveha.fr\/index.php\/2023\/11\/23\/decize-58-zac-du-four-a-chaux\/","title":{"rendered":"DECIZE (58) \u2013 ZAC du Four \u00e0 Chaux"},"content":{"rendered":"\n<p>Les fouilles men\u00e9es sur la commune de Decize sur le site de la <em>Zac du Four \u00e0 Chaux <\/em>ont \u00e9t\u00e9 r\u00e9alis\u00e9es par le bureau d&rsquo;\u00e9tudes \u00c9veha, sous la responsabilit\u00e9 de Lucie Christin. Elles interviennent dans le cadre du projet d\u2019am\u00e9nagement de l\u2019extension d\u2019une zone d\u2019activit\u00e9 commerciale, port\u00e9 par la Communaut\u00e9 de Communes Sud Nivernais. <strong>Les investigations arch\u00e9ologiques ont permis de mettre au jour un enclos fun\u00e9raire du d\u00e9but du second \u00e2ge du Fer (La T\u00e8ne ancienne).<\/strong><\/p>\n\n\n\n<!--more-->\n\n\n\n<h4 class=\"wp-block-heading\">L&rsquo;organisation g\u00e9n\u00e9rale de l&rsquo;enclos<\/h4>\n\n\n\n<p><strong>De forme quadrangulaire, l&rsquo;enclos fun\u00e9raire mesure environ 25&nbsp;m de c\u00f4t\u00e9 et comprend 16 inhumations dat\u00e9es du d\u00e9but de La T\u00e8ne<\/strong> (<strong>Fig. 1<\/strong>). Le foss\u00e9 continu au profil en V mesure au maximum 1,70&nbsp;m de large pour une profondeur conserv\u00e9e d\u2019environ 1&nbsp;m (<strong>Fig. 2<\/strong>). De plus, la fouille de son comblement a r\u00e9v\u00e9l\u00e9<strong> l\u2019existence de poteaux sugg\u00e9rant la pr\u00e9sence d\u2019une palissade.<\/strong><\/p>\n\n\n<div class=\"wp-block-image\">\n<figure class=\"alignleft size-full\"><img decoding=\"async\" loading=\"lazy\" width=\"1024\" height=\"724\" src=\"http:\/\/www.eveha.fr\/wp-content\/uploads\/2023\/11\/Figure-1.png\" alt=\"\" class=\"wp-image-4646\" srcset=\"https:\/\/www.eveha.fr\/wp-content\/uploads\/2023\/11\/Figure-1.png 1024w, https:\/\/www.eveha.fr\/wp-content\/uploads\/2023\/11\/Figure-1-300x212.png 300w, https:\/\/www.eveha.fr\/wp-content\/uploads\/2023\/11\/Figure-1-768x543.png 768w\" sizes=\"(max-width: 767px) 89vw, (max-width: 1000px) 54vw, (max-width: 1071px) 543px, 580px\" \/><figcaption class=\"wp-element-caption\">Fig 1 : Plan du site de la ZAC du Four \u00e0 Chaux. Cr\u00e9dit : \u00c9veha 2023<\/figcaption><\/figure><\/div>\n\n<div class=\"wp-block-image\">\n<figure class=\"alignleft size-full\"><img decoding=\"async\" loading=\"lazy\" width=\"1024\" height=\"576\" src=\"http:\/\/www.eveha.fr\/wp-content\/uploads\/2023\/11\/Figure-2.jpg\" alt=\"\" class=\"wp-image-4647\" srcset=\"https:\/\/www.eveha.fr\/wp-content\/uploads\/2023\/11\/Figure-2.jpg 1024w, https:\/\/www.eveha.fr\/wp-content\/uploads\/2023\/11\/Figure-2-300x169.jpg 300w, https:\/\/www.eveha.fr\/wp-content\/uploads\/2023\/11\/Figure-2-768x432.jpg 768w\" sizes=\"(max-width: 767px) 89vw, (max-width: 1000px) 54vw, (max-width: 1071px) 543px, 580px\" \/><figcaption class=\"wp-element-caption\">Fig 2 : Vue a\u00e9rienne du site. Cr\u00e9dit : \u00c9veha 2023<\/figcaption><\/figure><\/div>\n\n\n<h4 class=\"wp-block-heading\">Les inhumations au sein de l&rsquo;enclos<\/h4>\n\n\n\n<p><strong>Quinze inhumations <\/strong>d\u2019orientation nord-est sud-ouest \u00e9taient r\u00e9parties dans les deux tiers est de l\u2019enclos. <strong>Une seizi\u00e8me s\u00e9pulture<\/strong>, int\u00e9gralement fouill\u00e9e lors du diagnostic, se distingue des autres \u00e0 la fois par son orientation perpendiculaire \u00e0 l&rsquo;ensemble et<strong> par la pr\u00e9sence d\u2019armes qui accompagnaient le d\u00e9funt<\/strong>. Certaines s\u00e9pultures semblent regroup\u00e9es par deux sans qu\u2019il y ait pour autant de recoupements visibles.<\/p>\n\n\n\n<p><strong>La conservation des ossements humains diff\u00e8re<\/strong> fortement d\u2019une s\u00e9pulture \u00e0 l\u2019autre, ne permettant pas toujours de d\u00e9finir avec certitude <strong>les modes d\u2019inhumation mis en \u0153uvre<\/strong> (<strong>Fig. 3<\/strong>). N\u00e9anmoins, certaines s\u00e9pultures pr\u00e9sentent <strong>des coffrages en pierres<\/strong> (<strong>Fig. 4<\/strong>) <strong>ou en mat\u00e9riaux p\u00e9rissables dont certains monoxyles<\/strong> (<strong>Fig. 5<\/strong>), alors que d\u2019autres semblent \u00eatre <strong>inhum\u00e9es en pleine terre<\/strong>. Une certaine diversit\u00e9 a \u00e9galement pu \u00eatre observ\u00e9e dans la position des d\u00e9funts parfois sur le dos, sur le ventre ou sur le c\u00f4t\u00e9.<\/p>\n\n\n\n<figure class=\"wp-block-image size-full\"><img decoding=\"async\" loading=\"lazy\" width=\"1024\" height=\"768\" src=\"http:\/\/www.eveha.fr\/wp-content\/uploads\/2023\/11\/Figure-3.jpg\" alt=\"\" class=\"wp-image-4650\" srcset=\"https:\/\/www.eveha.fr\/wp-content\/uploads\/2023\/11\/Figure-3.jpg 1024w, https:\/\/www.eveha.fr\/wp-content\/uploads\/2023\/11\/Figure-3-300x225.jpg 300w, https:\/\/www.eveha.fr\/wp-content\/uploads\/2023\/11\/Figure-3-768x576.jpg 768w\" sizes=\"(max-width: 767px) 89vw, (max-width: 1000px) 54vw, (max-width: 1071px) 543px, 580px\" \/><figcaption class=\"wp-element-caption\">Fig 3 : Vue en plan d&rsquo;une des s\u00e9pultures. Cr\u00e9dit : \u00c9veha 2023<\/figcaption><\/figure>\n\n\n\n<figure class=\"wp-block-image size-full\"><img decoding=\"async\" loading=\"lazy\" width=\"1024\" height=\"768\" src=\"http:\/\/www.eveha.fr\/wp-content\/uploads\/2023\/11\/Figure-4.jpg\" alt=\"\" class=\"wp-image-4651\" srcset=\"https:\/\/www.eveha.fr\/wp-content\/uploads\/2023\/11\/Figure-4.jpg 1024w, https:\/\/www.eveha.fr\/wp-content\/uploads\/2023\/11\/Figure-4-300x225.jpg 300w, https:\/\/www.eveha.fr\/wp-content\/uploads\/2023\/11\/Figure-4-768x576.jpg 768w\" sizes=\"(max-width: 767px) 89vw, (max-width: 1000px) 54vw, (max-width: 1071px) 543px, 580px\" \/><figcaption class=\"wp-element-caption\">Fig 4 : Vue en plan d&rsquo;une des s\u00e9pultures avec son coffrage en pierres. Cr\u00e9dite : \u00c9veha 2023<\/figcaption><\/figure>\n\n\n\n<figure class=\"wp-block-image size-full\"><img decoding=\"async\" loading=\"lazy\" width=\"1024\" height=\"768\" src=\"http:\/\/www.eveha.fr\/wp-content\/uploads\/2023\/11\/Figure-5.jpg\" alt=\"\" class=\"wp-image-4652\" srcset=\"https:\/\/www.eveha.fr\/wp-content\/uploads\/2023\/11\/Figure-5.jpg 1024w, https:\/\/www.eveha.fr\/wp-content\/uploads\/2023\/11\/Figure-5-300x225.jpg 300w, https:\/\/www.eveha.fr\/wp-content\/uploads\/2023\/11\/Figure-5-768x576.jpg 768w\" sizes=\"(max-width: 767px) 89vw, (max-width: 1000px) 54vw, (max-width: 1071px) 543px, 580px\" \/><figcaption class=\"wp-element-caption\">Fig 5 : Vue en plan d&rsquo;une des s\u00e9pultures avec les traces d&rsquo;un contenant monoxyle. Cr\u00e9dit : \u00c9veha 2023<\/figcaption><\/figure>\n\n\n\n<p><strong>La quasi-totalit\u00e9 des inhumations comporte du mobilier m\u00e9tallique en excellent \u00e9tat de conservation <\/strong>(<strong>Fig. 6<\/strong>). Ce dernier, majoritairement compos\u00e9 de<strong> parures en alliage cuivreux<\/strong> est remarquable tant par sa vari\u00e9t\u00e9 (<strong>bracelets, torque, fibules, ceinture<\/strong>) que par sa qualit\u00e9 de manufacture.<\/p>\n\n\n\n<figure class=\"wp-block-image size-full\"><img decoding=\"async\" loading=\"lazy\" width=\"768\" height=\"1024\" src=\"http:\/\/www.eveha.fr\/wp-content\/uploads\/2023\/11\/Figure-6-rotated.jpg\" alt=\"\" class=\"wp-image-4653\" srcset=\"https:\/\/www.eveha.fr\/wp-content\/uploads\/2023\/11\/Figure-6-rotated.jpg 768w, https:\/\/www.eveha.fr\/wp-content\/uploads\/2023\/11\/Figure-6-225x300.jpg 225w\" sizes=\"(max-width: 767px) 89vw, (max-width: 1000px) 54vw, (max-width: 1071px) 543px, 580px\" \/><figcaption class=\"wp-element-caption\">Fig 6 : D\u00e9tail du mobilier m\u00e9tallique d\u00e9couvert dans une des s\u00e9pultures. Cr\u00e9dit : \u00c9veha 2023<\/figcaption><\/figure>\n\n\n\n<p><strong>Enfin, sept trous de poteaux <\/strong>ont \u00e9t\u00e9 mis au jour, dont trois directement en lien avec certaines tombes, impliquant possiblement <strong>la pr\u00e9sence d\u2019\u00e9l\u00e9ments de marquage au sol.<\/strong> Deux de ces trous de poteaux se distinguent par leurs dimensions et leurs emplacements. Situ\u00e9s au nord et au sud en partie interne de l\u2019enclos,<strong> ils constituent peut-\u00eatre des \u00e9l\u00e9ments architecturaux en lien avec l\u2019espace s\u00e9pulcral.<\/strong><\/p>\n\n\n\n<p><strong>Le site de la <em>Zac du four \u00e0 chaux<\/em> est le premier enclos fun\u00e9raire fouill\u00e9 r\u00e9cemment dans le d\u00e9partement de la Ni\u00e8vre<\/strong>. Son \u00e9tude permettra certainement d\u2019enrichir et d\u2019affiner les connaissances li\u00e9es aux pratiques fun\u00e9raires lat\u00e9niennes sur le territoire et ainsi \u00e9toffer un corpus du petit mobilier m\u00e9tallique encore peu repr\u00e9sent\u00e9 dans la r\u00e9gion.<\/p>\n","protected":false},"excerpt":{"rendered":"<p>Les fouilles men\u00e9es sur la commune de Decize sur le site de la Zac du Four \u00e0 Chaux ont \u00e9t\u00e9 r\u00e9alis\u00e9es par le bureau d&rsquo;\u00e9tudes \u00c9veha, sous la responsabilit\u00e9 de Lucie Christin. Elles interviennent dans le cadre du projet d\u2019am\u00e9nagement de l\u2019extension d\u2019une zone d\u2019activit\u00e9 commerciale, port\u00e9 par la Communaut\u00e9 de Communes Sud Nivernais. Les &hellip; <\/p>\n<p class=\"link-more\"><a href=\"https:\/\/www.eveha.fr\/index.php\/2023\/11\/23\/decize-58-zac-du-four-a-chaux\/\" class=\"more-link\">Continuer la lecture<span class=\"screen-reader-text\"> de &laquo;&nbsp;DECIZE (58) \u2013 ZAC du Four \u00e0 Chaux&nbsp;&raquo;<\/span><\/a><\/p>\n","protected":false},"author":8,"featured_media":4656,"comment_status":"closed","ping_status":"open","sticky":false,"template":"","format":"standard","meta":{"inline_featured_image":false,"footnotes":""},"categories":[1,5],"tags":[],"_links":{"self":[{"href":"https:\/\/www.eveha.fr\/index.php\/wp-json\/wp\/v2\/posts\/4649"}],"collection":[{"href":"https:\/\/www.eveha.fr\/index.php\/wp-json\/wp\/v2\/posts"}],"about":[{"href":"https:\/\/www.eveha.fr\/index.php\/wp-json\/wp\/v2\/types\/post"}],"author":[{"embeddable":true,"href":"https:\/\/www.eveha.fr\/index.php\/wp-json\/wp\/v2\/users\/8"}],"replies":[{"embeddable":true,"href":"https:\/\/www.eveha.fr\/index.php\/wp-json\/wp\/v2\/comments?post=4649"}],"version-history":[{"count":5,"href":"https:\/\/www.eveha.fr\/index.php\/wp-json\/wp\/v2\/posts\/4649\/revisions"}],"predecessor-version":[{"id":5399,"href":"https:\/\/www.eveha.fr\/index.php\/wp-json\/wp\/v2\/posts\/4649\/revisions\/5399"}],"wp:featuredmedia":[{"embeddable":true,"href":"https:\/\/www.eveha.fr\/index.php\/wp-json\/wp\/v2\/media\/4656"}],"wp:attachment":[{"href":"https:\/\/www.eveha.fr\/index.php\/wp-json\/wp\/v2\/media?parent=4649"}],"wp:term":[{"taxonomy":"category","embeddable":true,"href":"https:\/\/www.eveha.fr\/index.php\/wp-json\/wp\/v2\/categories?post=4649"},{"taxonomy":"post_tag","embeddable":true,"href":"https:\/\/www.eveha.fr\/index.php\/wp-json\/wp\/v2\/tags?post=4649"}],"curies":[{"name":"wp","href":"https:\/\/api.w.org\/{rel}","templated":true}]}}