{"id":4709,"date":"2023-12-05T11:38:36","date_gmt":"2023-12-05T10:38:36","guid":{"rendered":"https:\/\/www.eveha.fr\/?p=4709"},"modified":"2024-03-08T09:25:16","modified_gmt":"2024-03-08T08:25:16","slug":"chartres-28-15-rue-victor-gilbert","status":"publish","type":"post","link":"https:\/\/www.eveha.fr\/index.php\/2023\/12\/05\/chartres-28-15-rue-victor-gilbert\/","title":{"rendered":"CHARTRES (28) \u2013 15 rue Victor Gilbert"},"content":{"rendered":"\n<p>Les fouilles men\u00e9es au 15 rue Victor Gilbert \u00e0 Chartres (Eure-et-Loir) par le bureau d&rsquo;\u00e9tudes \u00c9veha, sous la responsabilit\u00e9 de M\u00e9lanie Jouet ont \u00e9t\u00e9 r\u00e9alis\u00e9es en amont du projet de construction d\u2019un immeuble d\u2019habitation par la soci\u00e9t\u00e9 SCCV Clos Courtille. Ce projet a \u00e9t\u00e9 op\u00e9r\u00e9 sur une parcelle de 1&nbsp;609&nbsp;m\u00b2, localis\u00e9e \u00e0 la jonction topographique entre la ville haute et la ville basse. Bien que la ville de Chartres a donn\u00e9 lieu \u00e0 de tr\u00e8s nombreuses observations arch\u00e9ologiques (pr\u00e8s de 400 sites), <strong>ces recherches offrent l\u2019opportunit\u00e9 d\u2019ouvrir une fen\u00eatre d\u2019observation sur un quartier d\u2019habitat antique permettant de documenter plus largement l\u2019organisation et l\u2019\u00e9volution du tissu urbain de cette p\u00e9riode.<\/strong><\/p>\n\n\n\n<!--more-->\n\n\n\n<p>\u00c0 la sortie de terrain, l\u2019inventaire fait \u00e9tat de <strong>253 faits arch\u00e9ologiques attribuables au Haut-Empire<\/strong>, concentr\u00e9s sur les deux tiers est du site (Fig. 1). La partie occidentale ayant fait l\u2019objet d\u2019un d\u00e9rasement r\u00e9cent pour l\u2019am\u00e9nagement d\u2019un parking, aucun autre vestige arch\u00e9ologique n\u2019y a \u00e9t\u00e9 d\u00e9couvert.<\/p>\n\n\n\n<figure class=\"wp-block-image size-full\"><img decoding=\"async\" loading=\"lazy\" width=\"1024\" height=\"753\" src=\"http:\/\/www.eveha.fr\/wp-content\/uploads\/2023\/12\/Fig.-1.jpg\" alt=\"\" class=\"wp-image-4710\" srcset=\"https:\/\/www.eveha.fr\/wp-content\/uploads\/2023\/12\/Fig.-1.jpg 1024w, https:\/\/www.eveha.fr\/wp-content\/uploads\/2023\/12\/Fig.-1-300x221.jpg 300w, https:\/\/www.eveha.fr\/wp-content\/uploads\/2023\/12\/Fig.-1-768x565.jpg 768w\" sizes=\"(max-width: 767px) 89vw, (max-width: 1000px) 54vw, (max-width: 1071px) 543px, 580px\" \/><figcaption class=\"wp-element-caption\">Fig. 1 : Plan masse des vestiges \u00e0 l\u2019issue de la phase terrain. Cr\u00e9dit : \u00c9veha 2023<\/figcaption><\/figure>\n\n\n\n<h4 class=\"wp-block-heading\">Des traces d\u2019exploitation<\/h4>\n\n\n\n<p>Le site faisant l\u2019objet de la prescription de fouille <strong>se situe au sud de la ville antique, \u00e0 l&rsquo;int\u00e9rieur du foss\u00e9 limitant l&rsquo;espace civique<\/strong> (celui-ci se trouvant \u00e0 pr\u00e8s de 200 m au sud). Localis\u00e9 dans la pente de la vall\u00e9e de l\u2019Eure, il s\u2019\u00e9tablit sur un coteau abrupt vers l\u2019ouest et en pente douce vers le sud.<\/p>\n\n\n\n<p>Avant ou simultan\u00e9ment \u00e0 l\u2019am\u00e9nagement du quartier antique, <strong>une premi\u00e8re occupation semble avoir exist\u00e9 sur ce coteau, caract\u00e9ris\u00e9e par une exploitation du limon et du calcaire.<\/strong> Cette activit\u00e9, mat\u00e9rialis\u00e9e par des fosses, des galeries et probablement des puits d\u2019extraction est vraisemblablement<strong> ant\u00e9rieure \u00e0 la mise en place d\u2019un niveau de circulation antique.<\/strong><\/p>\n\n\n\n<h4 class=\"wp-block-heading\">Un quartier d\u2019habitat d\u2019<em>Autricum<\/em> dat\u00e9 du Haut-Empire<\/h4>\n\n\n\n<p>La topographie du site n\u2019a visiblement pas contraint la phase de<strong> <\/strong>structuration urbaine de <strong>la ville qui bat son plein au cours du Haut-Empire, notamment aux I<sup>er<\/sup> et II<sup>e <\/sup>s. ap. J.-C.<\/strong> De direction ouest-est,<strong> un niveau de circulation, large de pr\u00e8s de 4&nbsp;m<\/strong>,<strong> est mis en place<\/strong> dans la partie nord du site en direction de la vall\u00e9e. Il correspond \u00e0 l\u2019une des voies d\u00e9couvertes en 2011 au 32 boulevard de la Courtille (fouille pr\u00e9ventive de L. Coulon, Chartres M\u00e9tropole). Cet axe de circulation constitu\u00e9 de <strong>cailloutis est am\u00e9nag\u00e9 de foss\u00e9s bordiers<\/strong> mal conserv\u00e9s et au faci\u00e8s hydromorphe.<\/p>\n\n\n\n<p>La partie m\u00e9diane de la parcelle (partie haute et plane du site) comprend <strong>un \u00eelot de constructions creus\u00e9es et ma\u00e7onn\u00e9es, structur\u00e9 selon la trame du r\u00e9seau viaire.<\/strong> Au total, <strong>dix ensembles<\/strong> ont \u00e9t\u00e9 document\u00e9s, correspondant \u00e0 <strong>deux pi\u00e8ces et huit caves<\/strong>, formant au moins<strong> quatre unit\u00e9s d\u2019habitation<\/strong> (Fig. 2). Aucune mitoyennet\u00e9 n\u2019a \u00e9t\u00e9 per\u00e7ue \u00e0 ce stade des recherches. De plus, la fouille de ces \u00e9l\u00e9ments b\u00e2tis a permis de d\u00e9terminer au moins deux \u00e9tats d\u2019occupation distincts et visibles par une diff\u00e9rence d\u2019orientation des vestiges. Ces constructions relativement bien soign\u00e9es dans l\u2019ensemble ont <strong>une superficie variant entre 7 et 30&nbsp;m\u00b2. <\/strong>Si elles pr\u00e9sentent diff\u00e9rents modes de construction et l\u2019emploi de plusieurs mortiers, une recherche esth\u00e9tique est pressentie \u00e0 travers la combinaison de mat\u00e9riaux de construction (blocs de silex et calcaires, fragments de<em> tegulae<\/em>, torchis et bois). Elles sont \u00e9galement<strong> <\/strong>dot\u00e9es d\u2019am\u00e9nagements&nbsp;: <strong>escaliers, recharges de sols en terre battue et en b\u00e9ton, bloc de support d\u2019une pi\u00e8ce de bois, trous de piquet, puisard, cloisons, etc.<\/strong> Deux d\u2019entre elles pr\u00e9sentent des ma\u00e7onneries dont le parement interne est enduit \u00e0 l\u2019aide d\u2019un <strong>mortier hydraulique<\/strong> (<strong>mortier de tuileau), lui-m\u00eame d\u00e9cor\u00e9 d\u2019un badigeon rouge (Fig. 3)<\/strong>. <strong>Au contact avec le sol, les murs sont dot\u00e9s d\u2019un bourrelet d\u2019\u00e9tanch\u00e9it\u00e9 construit de la m\u00eame mani\u00e8re, traduisant probablement des pr\u00e9occupations li\u00e9es \u00e0 l\u2019humidit\u00e9. <\/strong>Dans leur phase d\u2019abandon, certaines structures sont combl\u00e9es d\u2019\u00e9l\u00e9ments de construction (fragments de terres cuites architecturales, torchis, bois) marqu\u00e9s par <strong>un \u00e9pisode d\u2019incendie survenu entre la moiti\u00e9 du I<sup>er<\/sup> s. et le d\u00e9but du II<sup>e<\/sup> s. ap. J.-C.<\/strong><\/p>\n\n\n\n<figure class=\"wp-block-image size-full\"><img decoding=\"async\" loading=\"lazy\" width=\"1024\" height=\"683\" src=\"http:\/\/www.eveha.fr\/wp-content\/uploads\/2023\/12\/Fig.-2.jpg\" alt=\"\" class=\"wp-image-4711\" srcset=\"https:\/\/www.eveha.fr\/wp-content\/uploads\/2023\/12\/Fig.-2.jpg 1024w, https:\/\/www.eveha.fr\/wp-content\/uploads\/2023\/12\/Fig.-2-300x200.jpg 300w, https:\/\/www.eveha.fr\/wp-content\/uploads\/2023\/12\/Fig.-2-768x512.jpg 768w\" sizes=\"(max-width: 767px) 89vw, (max-width: 1000px) 54vw, (max-width: 1071px) 543px, 580px\" \/><figcaption class=\"wp-element-caption\">Fig. 2 : Vue des pi\u00e8ces et caves ma\u00e7onn\u00e9es apr\u00e8s la fouille. Cr\u00e9dit : \u00c9veha 2023<\/figcaption><\/figure>\n\n\n\n<figure class=\"wp-block-image size-full\"><img decoding=\"async\" loading=\"lazy\" width=\"1024\" height=\"683\" src=\"http:\/\/www.eveha.fr\/wp-content\/uploads\/2023\/12\/Fig.-3.jpg\" alt=\"\" class=\"wp-image-4712\" srcset=\"https:\/\/www.eveha.fr\/wp-content\/uploads\/2023\/12\/Fig.-3.jpg 1024w, https:\/\/www.eveha.fr\/wp-content\/uploads\/2023\/12\/Fig.-3-300x200.jpg 300w, https:\/\/www.eveha.fr\/wp-content\/uploads\/2023\/12\/Fig.-3-768x512.jpg 768w\" sizes=\"(max-width: 767px) 89vw, (max-width: 1000px) 54vw, (max-width: 1071px) 543px, 580px\" \/><figcaption class=\"wp-element-caption\">Fig. 3 :  Cave ma\u00e7onn\u00e9e antique. Cr\u00e9dit : \u00c9veha 2023<\/figcaption><\/figure>\n\n\n\n<p>Ce b\u00e2ti domine de peu la partie orientale du site, occup\u00e9e par des structures en creux, associ\u00e9es aux unit\u00e9s d\u2019habitation. Ici encore, aucune limite de propri\u00e9t\u00e9 parcellaire n\u2019a \u00e9t\u00e9 d\u00e9tect\u00e9e, \u00e0 l\u2019exception d\u2019un muret dont peu d\u2019\u00e9l\u00e9ments ont \u00e9t\u00e9 conserv\u00e9s. Ce constat peut probablement r\u00e9sulter des travaux d\u2019arasement modernes ou de la pr\u00e9sence de perturbations r\u00e9centes (longrines notamment). <strong>Dans au moins deux cas, l\u2019acc\u00e8s aux caves s\u2019effectue depuis le fond de la parcelle, au moyen d\u2019escaliers.<\/strong> D\u2019une mani\u00e8re g\u00e9n\u00e9rale, l\u2019arri\u00e8re des b\u00e2timents comprend au plus proche, <strong>des fosses de type cellier ou des petites caves dont la superficie varie entre 1 et 4&nbsp;m\u00b2, diverses fosses d\u00e9tritiques, des puits et une douzaine de fosses dont les caract\u00e9ristiques \u00e9voquent celles des latrines.<\/strong> Il s\u2019agit de structures simples, de plans circulaires et quadrangulaires, pr\u00e9sentant pour certaines des traces de parois verticales (Fig. 4).<strong> Les comblements phosphat\u00e9s sont pratiquement tous similaires et<\/strong> <strong>la partie sup\u00e9rieure de la fosse comprend le rejet de remblais massifs de terre naturelle, indices de l\u2019assainissement et de la condamnation de la structure <\/strong>(Fig. 5). Leur nombre non n\u00e9gligeable ainsi que leurs caract\u00e9ristiques donnent des informations sur leur gestion, et plus largement, sur le comportement des habitants face au traitement de leurs d\u00e9chets dans ce quartier antique.<\/p>\n\n\n\n<figure class=\"wp-block-image size-full\"><img decoding=\"async\" loading=\"lazy\" width=\"768\" height=\"1024\" src=\"http:\/\/www.eveha.fr\/wp-content\/uploads\/2023\/12\/Fig.-4-rotated.jpg\" alt=\"\" class=\"wp-image-4713\" srcset=\"https:\/\/www.eveha.fr\/wp-content\/uploads\/2023\/12\/Fig.-4-rotated.jpg 768w, https:\/\/www.eveha.fr\/wp-content\/uploads\/2023\/12\/Fig.-4-225x300.jpg 225w\" sizes=\"(max-width: 767px) 89vw, (max-width: 1000px) 54vw, (max-width: 1071px) 543px, 580px\" \/><figcaption class=\"wp-element-caption\">Fig. 4 :  Vue en coupe d&rsquo;une fosse d&rsquo;aisance (latrine). Cr\u00e9dit : \u00c9veha 2023<\/figcaption><\/figure>\n\n\n\n<figure class=\"wp-block-image size-full\"><img decoding=\"async\" loading=\"lazy\" width=\"768\" height=\"1024\" src=\"http:\/\/www.eveha.fr\/wp-content\/uploads\/2023\/12\/Fig.-5-rotated.jpg\" alt=\"\" class=\"wp-image-4714\" srcset=\"https:\/\/www.eveha.fr\/wp-content\/uploads\/2023\/12\/Fig.-5-rotated.jpg 768w, https:\/\/www.eveha.fr\/wp-content\/uploads\/2023\/12\/Fig.-5-225x300.jpg 225w\" sizes=\"(max-width: 767px) 89vw, (max-width: 1000px) 54vw, (max-width: 1071px) 543px, 580px\" \/><figcaption class=\"wp-element-caption\">Fig. 5 :  Vue en coupe partielle d&rsquo;une fosse d&rsquo;aisance (latrine). Cr\u00e9dit : \u00c9veha 2023<\/figcaption><\/figure>\n\n\n\n<p><strong>La pr\u00e9sence marqu\u00e9e de pesons<\/strong> <strong>dans l\u2019une des parcelles constitue un indice ind\u00e9niable d\u2019artisanat \u00e0 proximit\u00e9 de la voie.<\/strong> Enfin, il semble que le site soit progressivement <strong>abandonn\u00e9 au cours du III<sup>e<\/sup> s. ap. J.-C. <\/strong>Les b\u00e2timents sont alors d\u00e9truits puis combl\u00e9s et les murs r\u00e9cup\u00e9r\u00e9s par endroits.<\/p>\n\n\n\n<h4 class=\"wp-block-heading\">Les occupations suivantes<\/h4>\n\n\n\n<p><strong>Le Bas-Empire et l\u2019Antiquit\u00e9 tardive n\u2019ont pour l\u2019instant pas \u00e9t\u00e9 caract\u00e9ris\u00e9s sur le site.<\/strong> Ce manque r\u00e9sulte peut-\u00eatre des travaux d\u2019arasement ou de d\u00e9caissement r\u00e9alis\u00e9s \u00e0 partir de l\u2019\u00c9poque moderne jusqu\u2019\u00e0 l\u2019\u00c9poque industrielle (fin du XVIII<sup>e<\/sup> s.). D\u2019apr\u00e8s les textes, cette partie sud de la ville localis\u00e9e hors de la ville m\u00e9di\u00e9vale \u00e9tait destin\u00e9e \u00e0 <strong>des espaces cultiv\u00e9s<\/strong> (m\u00e9lange de mobiliers antique, m\u00e9di\u00e9vale et moderne), notamment li\u00e9s \u00e0 <strong>l\u2019exploitation viticole par l\u2019abbaye de Saint-P\u00e8re-en-Vall\u00e9e.<\/strong><\/p>\n\n\n\n<p><strong>\u00c0 l\u2019\u00c9poque moderne,<\/strong> le site semble \u00eatre li\u00e9 \u00e0 <strong>une exploitation agricole puis massivement remblay\u00e9e \u00e0 l\u2019\u00c9poque industrielle<\/strong> dans le cadre du r\u00e9am\u00e9nagement du boulevard de la Courtille, avec la construction de nouveaux b\u00e2timents en front de rue.<\/p>\n\n\n\n<p>Les \u00e9tudes du mobilier et des donn\u00e9es r\u00e9colt\u00e9es se poursuivent actuellement en laboratoire. Elles permettront d\u2019affiner nos connaissances et de r\u00e9pondre aux probl\u00e9matiques laiss\u00e9es par ce quartier urbain au cours du temps.<\/p>\n","protected":false},"excerpt":{"rendered":"<p>Les fouilles men\u00e9es au 15 rue Victor Gilbert \u00e0 Chartres (Eure-et-Loir) par le bureau d&rsquo;\u00e9tudes \u00c9veha, sous la responsabilit\u00e9 de M\u00e9lanie Jouet ont \u00e9t\u00e9 r\u00e9alis\u00e9es en amont du projet de construction d\u2019un immeuble d\u2019habitation par la soci\u00e9t\u00e9 SCCV Clos Courtille. Ce projet a \u00e9t\u00e9 op\u00e9r\u00e9 sur une parcelle de 1&nbsp;609&nbsp;m\u00b2, localis\u00e9e \u00e0 la jonction topographique &hellip; <\/p>\n<p class=\"link-more\"><a href=\"https:\/\/www.eveha.fr\/index.php\/2023\/12\/05\/chartres-28-15-rue-victor-gilbert\/\" class=\"more-link\">Continuer la lecture<span class=\"screen-reader-text\"> de &laquo;&nbsp;CHARTRES (28) \u2013 15 rue Victor Gilbert&nbsp;&raquo;<\/span><\/a><\/p>\n","protected":false},"author":13,"featured_media":4715,"comment_status":"closed","ping_status":"open","sticky":false,"template":"","format":"standard","meta":{"inline_featured_image":false,"footnotes":""},"categories":[1,6,10,9],"tags":[],"_links":{"self":[{"href":"https:\/\/www.eveha.fr\/index.php\/wp-json\/wp\/v2\/posts\/4709"}],"collection":[{"href":"https:\/\/www.eveha.fr\/index.php\/wp-json\/wp\/v2\/posts"}],"about":[{"href":"https:\/\/www.eveha.fr\/index.php\/wp-json\/wp\/v2\/types\/post"}],"author":[{"embeddable":true,"href":"https:\/\/www.eveha.fr\/index.php\/wp-json\/wp\/v2\/users\/13"}],"replies":[{"embeddable":true,"href":"https:\/\/www.eveha.fr\/index.php\/wp-json\/wp\/v2\/comments?post=4709"}],"version-history":[{"count":5,"href":"https:\/\/www.eveha.fr\/index.php\/wp-json\/wp\/v2\/posts\/4709\/revisions"}],"predecessor-version":[{"id":5395,"href":"https:\/\/www.eveha.fr\/index.php\/wp-json\/wp\/v2\/posts\/4709\/revisions\/5395"}],"wp:featuredmedia":[{"embeddable":true,"href":"https:\/\/www.eveha.fr\/index.php\/wp-json\/wp\/v2\/media\/4715"}],"wp:attachment":[{"href":"https:\/\/www.eveha.fr\/index.php\/wp-json\/wp\/v2\/media?parent=4709"}],"wp:term":[{"taxonomy":"category","embeddable":true,"href":"https:\/\/www.eveha.fr\/index.php\/wp-json\/wp\/v2\/categories?post=4709"},{"taxonomy":"post_tag","embeddable":true,"href":"https:\/\/www.eveha.fr\/index.php\/wp-json\/wp\/v2\/tags?post=4709"}],"curies":[{"name":"wp","href":"https:\/\/api.w.org\/{rel}","templated":true}]}}