{"id":4872,"date":"2024-01-25T11:04:06","date_gmt":"2024-01-25T10:04:06","guid":{"rendered":"https:\/\/www.eveha.fr\/?p=4872"},"modified":"2024-01-25T11:04:06","modified_gmt":"2024-01-25T10:04:06","slug":"gradignan-33-90-92-avenue-de-la-poterie","status":"publish","type":"post","link":"https:\/\/www.eveha.fr\/index.php\/2024\/01\/25\/gradignan-33-90-92-avenue-de-la-poterie\/","title":{"rendered":"GRADIGNAN (33) &#8211; 90-92 avenue de la Poterie"},"content":{"rendered":"\n<p>L\u2019intervention men\u00e9e sur le site du 90-92 avenue de la Poterie \u00e0 Gradignan a \u00e9t\u00e9 r\u00e9alis\u00e9e par le bureau d&rsquo;\u00e9tudes \u00c9veha sous la responsabilit\u00e9 de Guillaume Demeure dans le cadre du projet de restauration et de mise en valeur d\u2019<strong>un four bouteille <\/strong>par la ville de Gradignan. Elle comportait une phase de suivi arch\u00e9ologique sur des tranch\u00e9es de r\u00e9seaux, accompagn\u00e9e d\u2019une \u00e9tude architecturale des \u00e9l\u00e9vations touch\u00e9es par le projet.<\/p>\n\n\n\n<!--more-->\n\n\n\n<h4 class=\"wp-block-heading\">Bref historique<\/h4>\n\n\n\n<p>Sur le cadastre Napol\u00e9onien, le site de la Poterie dite \u00ab\u00a0La Pointe\u00a0\u00bb appara\u00eet vierge de toute construction : ce n\u2019est qu\u2019en 1854 qu\u2019un acte notari\u00e9 mentionne la poterie pour la premi\u00e8re fois. Celle-ci restera active jusqu\u2019en 1955, date \u00e0 laquelle les b\u00e2timents sont largement laiss\u00e9s \u00e0 l\u2019abandon jusqu\u2019au rachat de l&rsquo;ensemble par la ville en 1982.<\/p>\n\n\n\n<p><strong>La poterie a compt\u00e9 jusqu\u2019\u00e0 trois fours bouteilles<\/strong> destin\u00e9s \u00e0 la cuisson de pots \u00e0 r\u00e9sine, de pots \u00e0 fleurs, d\u2019objets en gr\u00e8s et d\u2019ustensiles de cuisine en fa\u00efence verniss\u00e9e brune ou \u00e0 gla\u00e7ure blanche ou bleue. Un quatri\u00e8me four plus simple servait \u00e0 la cuisson de tuiles.<\/p>\n\n\n\n<p>Actuellement, <strong>il ne subsiste qu\u2019un b\u00e2timent abritant l\u2019un des fours bouteille<\/strong>, tandis qu&rsquo;<strong>un autre four bouteille se trouve \u00e0 l\u2019air libre<\/strong>. Les investigations ont permis l\u2019analyse des fa\u00e7ades nord, est et ouest du b\u00e2timent et de l\u2019int\u00e9gralit\u00e9 des \u00e9l\u00e9vations du second four.<\/p>\n\n\n\n<h4 class=\"wp-block-heading\">Le b\u00e2timent<\/h4>\n\n\n\n<p><strong>Le b\u00e2timent conserv\u00e9 semble le plus ancien de la poterie<\/strong> (b\u00e2timent A, Fig. 1). Il est construit en briques et moellons et forme un parall\u00e9l\u00e9pip\u00e8de de 12 m de c\u00f4t\u00e9 sur deux niveaux. Le b\u00e2timent porte des traces d\u2019accroches de murs et de toitures se rattachant \u00e0 diverses constructions p\u00e9riph\u00e9riques disparues. Quelques vestiges de fondations de ces derni\u00e8res ont aussi \u00e9t\u00e9 observ\u00e9s au sein des tranch\u00e9es et des sondages suivis arch\u00e9ologiquement. Ce travail a \u00e9galement permis le recueil d\u2019<strong>un petit ensemble de tessons de c\u00e9ramique pouvant correspondre aux productions du lieu<\/strong>. De m\u00eame, quelques \u00e9l\u00e9ments d\u2019enfournement ont \u00e9t\u00e9 retrouv\u00e9s. L\u2019int\u00e9gralit\u00e9 du mobilier provient de niveaux de remblais de d\u00e9molition post\u00e9rieurs \u00e0 l\u2019abandon du site.<\/p>\n\n\n\n<figure class=\"wp-block-image size-full\"><img decoding=\"async\" loading=\"lazy\" width=\"1024\" height=\"768\" src=\"https:\/\/www.eveha.fr\/wp-content\/uploads\/2024\/01\/fig1-gradignan.resized.jpg\" alt=\"\" class=\"wp-image-4873\" srcset=\"https:\/\/www.eveha.fr\/wp-content\/uploads\/2024\/01\/fig1-gradignan.resized.jpg 1024w, https:\/\/www.eveha.fr\/wp-content\/uploads\/2024\/01\/fig1-gradignan.resized-300x225.jpg 300w, https:\/\/www.eveha.fr\/wp-content\/uploads\/2024\/01\/fig1-gradignan.resized-768x576.jpg 768w\" sizes=\"(max-width: 767px) 89vw, (max-width: 1000px) 54vw, (max-width: 1071px) 543px, 580px\" \/><figcaption class=\"wp-element-caption\"><br>Fig.\u00a01 \u00a0: le b\u00e2timent A. Cr\u00e9dit : \u00c9veha, 2023.<\/figcaption><\/figure>\n\n\n\n<h4 class=\"wp-block-heading\">Le four bouteille<\/h4>\n\n\n\n<p>De son c\u00f4t\u00e9, le four bouteille ext\u00e9rieur est<strong> conserv\u00e9 sur toute son \u00e9l\u00e9vation<\/strong> m\u00eame si son \u00e9tat sanitaire est pr\u00e9occupant avec un lessivage avanc\u00e9 des joints et de nombreux d\u00e9sordres de ma\u00e7onnerie occasionn\u00e9s par une v\u00e9g\u00e9tation envahissante (Fig. 2). Il s\u2019agit d\u2019une construction de 11 m de haut pour 5,30 m de diam\u00e8tre au maximum. En partie basse, quatre alandiers permettaient l\u2019alimentation en combustible sous une premi\u00e8re chambre de cuisson. L\u2019enfournement des pi\u00e8ces se faisait par une haute porte c\u00f4t\u00e9 sud. Au-dessus, et apr\u00e8s un fort r\u00e9tr\u00e9cissement de la structure, se trouve une seconde chambre de cuisson munie d\u2019un acc\u00e8s c\u00f4t\u00e9 ouest. Une chemin\u00e9e compl\u00e8te la structure. Les parois int\u00e9rieures des chambres sont tr\u00e8s largement vitrifi\u00e9es.<\/p>\n\n\n\n<figure class=\"wp-block-image size-full\"><img decoding=\"async\" loading=\"lazy\" width=\"1024\" height=\"630\" src=\"https:\/\/www.eveha.fr\/wp-content\/uploads\/2024\/01\/Four.resized.png\" alt=\"\" class=\"wp-image-4875\" srcset=\"https:\/\/www.eveha.fr\/wp-content\/uploads\/2024\/01\/Four.resized.png 1024w, https:\/\/www.eveha.fr\/wp-content\/uploads\/2024\/01\/Four.resized-300x185.png 300w, https:\/\/www.eveha.fr\/wp-content\/uploads\/2024\/01\/Four.resized-768x473.png 768w\" sizes=\"(max-width: 767px) 89vw, (max-width: 1000px) 54vw, (max-width: 1071px) 543px, 580px\" \/><figcaption class=\"wp-element-caption\"><br>Fig.\u00a0 2 \u00a0: vue photogramm\u00e9trique du four-bouteille c\u00f4t\u00e9 est. Cr\u00e9dit : \u00c9veha, 2023.<\/figcaption><\/figure>\n\n\n\n<p>L\u2019ensemble est construit principalement en briques mais quelques \u00e9l\u00e9ments en molasse sont \u00e9galement pr\u00e9sents. <strong>Plusieurs reprises de ma\u00e7onnerie indiquent l\u2019usure et la r\u00e9fection de certaines parties du four.<\/strong> Les divers types et modules de briques identifi\u00e9s t\u00e9moignent de ces travaux. Par ailleurs, <strong>le sol de carreaux de c\u00e9ramique fonctionnant initialement avec le four a \u00e9t\u00e9 rep\u00e9r\u00e9 dans deux sondages <\/strong>(Fig. 3) \u00e0 environ 20 cm sous le niveau de circulation actuel.<\/p>\n\n\n\n<figure class=\"wp-block-image size-full\"><img decoding=\"async\" loading=\"lazy\" width=\"1024\" height=\"768\" src=\"https:\/\/www.eveha.fr\/wp-content\/uploads\/2024\/01\/Fig3-gradignan.resized.jpg\" alt=\"\" class=\"wp-image-4874\" srcset=\"https:\/\/www.eveha.fr\/wp-content\/uploads\/2024\/01\/Fig3-gradignan.resized.jpg 1024w, https:\/\/www.eveha.fr\/wp-content\/uploads\/2024\/01\/Fig3-gradignan.resized-300x225.jpg 300w, https:\/\/www.eveha.fr\/wp-content\/uploads\/2024\/01\/Fig3-gradignan.resized-768x576.jpg 768w\" sizes=\"(max-width: 767px) 89vw, (max-width: 1000px) 54vw, (max-width: 1071px) 543px, 580px\" \/><figcaption class=\"wp-element-caption\"><br>Fig.\u00a0 3 \u00a0: le sol fonctionnant avec le four visible au fond du sondage. Cr\u00e9dit : \u00c9veha, 2023.<\/figcaption><\/figure>\n\n\n\n<h4 class=\"wp-block-heading\">En conclusion&#8230;<\/h4>\n\n\n\n<p>Le compl\u00e9ment de recherche documentaire \u00e0 venir, l\u2019analyse des relev\u00e9s photogramm\u00e9triques et les \u00e9tudes de mobilier permettront d&rsquo;affiner nos connaissances sur l\u2019histoire de cette poterie contemporaine. En outre, des comparaisons pourront \u00eatre men\u00e9es avec d\u2019autres fours bouteilles connus dans la r\u00e9gion (Limoges).<\/p>\n","protected":false},"excerpt":{"rendered":"<p>L\u2019intervention men\u00e9e sur le site du 90-92 avenue de la Poterie \u00e0 Gradignan a \u00e9t\u00e9 r\u00e9alis\u00e9e par le bureau d&rsquo;\u00e9tudes \u00c9veha sous la responsabilit\u00e9 de Guillaume Demeure dans le cadre du projet de restauration et de mise en valeur d\u2019un four bouteille par la ville de Gradignan. Elle comportait une phase de suivi arch\u00e9ologique sur &hellip; <\/p>\n<p class=\"link-more\"><a href=\"https:\/\/www.eveha.fr\/index.php\/2024\/01\/25\/gradignan-33-90-92-avenue-de-la-poterie\/\" class=\"more-link\">Continuer la lecture<span class=\"screen-reader-text\"> de &laquo;&nbsp;GRADIGNAN (33) &#8211; 90-92 avenue de la Poterie&nbsp;&raquo;<\/span><\/a><\/p>\n","protected":false},"author":12,"featured_media":4886,"comment_status":"closed","ping_status":"open","sticky":false,"template":"","format":"standard","meta":{"inline_featured_image":false,"footnotes":""},"categories":[1,10],"tags":[],"_links":{"self":[{"href":"https:\/\/www.eveha.fr\/index.php\/wp-json\/wp\/v2\/posts\/4872"}],"collection":[{"href":"https:\/\/www.eveha.fr\/index.php\/wp-json\/wp\/v2\/posts"}],"about":[{"href":"https:\/\/www.eveha.fr\/index.php\/wp-json\/wp\/v2\/types\/post"}],"author":[{"embeddable":true,"href":"https:\/\/www.eveha.fr\/index.php\/wp-json\/wp\/v2\/users\/12"}],"replies":[{"embeddable":true,"href":"https:\/\/www.eveha.fr\/index.php\/wp-json\/wp\/v2\/comments?post=4872"}],"version-history":[{"count":4,"href":"https:\/\/www.eveha.fr\/index.php\/wp-json\/wp\/v2\/posts\/4872\/revisions"}],"predecessor-version":[{"id":4887,"href":"https:\/\/www.eveha.fr\/index.php\/wp-json\/wp\/v2\/posts\/4872\/revisions\/4887"}],"wp:featuredmedia":[{"embeddable":true,"href":"https:\/\/www.eveha.fr\/index.php\/wp-json\/wp\/v2\/media\/4886"}],"wp:attachment":[{"href":"https:\/\/www.eveha.fr\/index.php\/wp-json\/wp\/v2\/media?parent=4872"}],"wp:term":[{"taxonomy":"category","embeddable":true,"href":"https:\/\/www.eveha.fr\/index.php\/wp-json\/wp\/v2\/categories?post=4872"},{"taxonomy":"post_tag","embeddable":true,"href":"https:\/\/www.eveha.fr\/index.php\/wp-json\/wp\/v2\/tags?post=4872"}],"curies":[{"name":"wp","href":"https:\/\/api.w.org\/{rel}","templated":true}]}}