{"id":4899,"date":"2024-02-01T09:06:23","date_gmt":"2024-02-01T08:06:23","guid":{"rendered":"https:\/\/www.eveha.fr\/?p=4899"},"modified":"2024-02-01T15:05:29","modified_gmt":"2024-02-01T14:05:29","slug":"la-villeneuve-au-chatelot-10-les-pres-bidault-les-montilliers-zone-nord","status":"publish","type":"post","link":"https:\/\/www.eveha.fr\/index.php\/2024\/02\/01\/la-villeneuve-au-chatelot-10-les-pres-bidault-les-montilliers-zone-nord\/","title":{"rendered":"LA VILLENEUVE-AU-CHATELOT (10) &#8211; Les Pr\u00e9s Bidault, Les Montilliers, zone nord"},"content":{"rendered":"\n<p>L\u2019op\u00e9ration arch\u00e9ologique de La Villeneuve-au-Ch\u00e2telot, \u00ab&nbsp;Les Pr\u00e9s Bidault, Les Montilliers&nbsp;\u00bb zone nord<em><strong> <\/strong><\/em>a \u00e9t\u00e9 men\u00e9e en 2023 par le bureau d\u2019\u00e9tudes \u00c9veha sous la responsabilit\u00e9 de Mathilde Petit. Cette intervention fait suite \u00e0 celle men\u00e9e en 2022 sur la zone sud, portant la fen\u00eatre de fouille totale \u00e0 10 hectares. L\u2019op\u00e9ration a \u00e9t\u00e9 rendue n\u00e9cessaire par l&rsquo;extension d&rsquo;une gravi\u00e8re dans la vall\u00e9e de la Seine par la soci\u00e9t\u00e9 Eqiom. Cette op\u00e9ration a permis de mettre au jour <strong>sur une zone de fouille de pr\u00e8s de 7 hectares, 1700 structures arch\u00e9ologiques, dat\u00e9es entre le M\u00e9solithique et le Moyen \u00c2ge<\/strong>.<\/p>\n\n\n\n<!--more-->\n\n\n<div class=\"wp-block-image\">\n<figure class=\"aligncenter size-full\"><img decoding=\"async\" loading=\"lazy\" width=\"1024\" height=\"768\" src=\"https:\/\/www.eveha.fr\/wp-content\/uploads\/2024\/01\/Fig.1.resized.jpg\" alt=\"\" class=\"wp-image-4900\" srcset=\"https:\/\/www.eveha.fr\/wp-content\/uploads\/2024\/01\/Fig.1.resized.jpg 1024w, https:\/\/www.eveha.fr\/wp-content\/uploads\/2024\/01\/Fig.1.resized-300x225.jpg 300w, https:\/\/www.eveha.fr\/wp-content\/uploads\/2024\/01\/Fig.1.resized-768x576.jpg 768w\" sizes=\"(max-width: 767px) 89vw, (max-width: 1000px) 54vw, (max-width: 1071px) 543px, 580px\" \/><figcaption class=\"wp-element-caption\">Vue g\u00e9n\u00e9rale du site apr\u00e8s d\u00e9capage. Cr\u00e9dit : \u00c9veha 2023.                                                                                                                   <\/figcaption><\/figure><\/div>\n\n\n<h4 class=\"wp-block-heading\">Une pr\u00e9sence humaine attest\u00e9e d\u00e8s le M\u00e9solithique<\/h4>\n\n\n\n<p>L\u2019occupation la plus ancienne d\u00e9couverte sur le site consiste en une s\u00e9rie de <strong>fosses dites \u00ab&nbsp;m\u00e9solithiques&nbsp;\u00bb<\/strong> au comblement indur\u00e9. Les profils sont vari\u00e9s, tout comme les comblements et leurs dimensions. Aucune r\u00e9partition particuli\u00e8re ne se d\u00e9gage de ces fosses, bien qu\u2019elles soient essentiellement concentr\u00e9es en bordure est de l\u2019emprise.<\/p>\n\n\n\n<figure class=\"wp-block-image size-full\"><img decoding=\"async\" loading=\"lazy\" width=\"1024\" height=\"768\" src=\"https:\/\/www.eveha.fr\/wp-content\/uploads\/2024\/01\/P1050911.resized.jpg\" alt=\"\" class=\"wp-image-4906\" srcset=\"https:\/\/www.eveha.fr\/wp-content\/uploads\/2024\/01\/P1050911.resized.jpg 1024w, https:\/\/www.eveha.fr\/wp-content\/uploads\/2024\/01\/P1050911.resized-300x225.jpg 300w, https:\/\/www.eveha.fr\/wp-content\/uploads\/2024\/01\/P1050911.resized-768x576.jpg 768w\" sizes=\"(max-width: 767px) 89vw, (max-width: 1000px) 54vw, (max-width: 1071px) 543px, 580px\" \/><figcaption class=\"wp-element-caption\">Fosse m\u00e9solithique. Cr\u00e9dit : \u00c9veha 2023.                                                                                                                                          <\/figcaption><\/figure>\n\n\n\n<h4 class=\"wp-block-heading\">Une installation principalement protohistorique<\/h4>\n\n\n\n<p>La majeure partie des vestiges mis au jour illustrent principalement une occupation protohistorique dont la chronologie reste large puisqu\u2019elle court de l\u2019<strong>\u00e2ge du Bronze jusqu\u2019\u00e0 l&rsquo;\u00e2ge du Fer (La T\u00e8ne).<\/strong><\/p>\n\n\n\n<h5 class=\"wp-block-heading\">L&rsquo;\u00e2ge du bronze<\/h5>\n\n\n\n<p>Une s\u00e9rie de fosses implant\u00e9es dans la d\u00e9pression situ\u00e9e au centre de l\u2019emprise ont livr\u00e9 de la c\u00e9ramique attribu\u00e9e \u00e0 l\u2019\u00e2ge du Bronze.<\/p>\n\n\n\n<figure class=\"wp-block-image size-full\"><img decoding=\"async\" loading=\"lazy\" width=\"1024\" height=\"768\" src=\"https:\/\/www.eveha.fr\/wp-content\/uploads\/2024\/01\/871.resized.jpg\" alt=\"\" class=\"wp-image-4907\" srcset=\"https:\/\/www.eveha.fr\/wp-content\/uploads\/2024\/01\/871.resized.jpg 1024w, https:\/\/www.eveha.fr\/wp-content\/uploads\/2024\/01\/871.resized-300x225.jpg 300w, https:\/\/www.eveha.fr\/wp-content\/uploads\/2024\/01\/871.resized-768x576.jpg 768w\" sizes=\"(max-width: 767px) 89vw, (max-width: 1000px) 54vw, (max-width: 1071px) 543px, 580px\" \/><figcaption class=\"wp-element-caption\">C\u00e9ramique enti\u00e8re dat\u00e9e de l&rsquo;\u00e2ge du bronze. Cr\u00e9dit : \u00c9veha 2023.                                                                                                       <\/figcaption><\/figure>\n\n\n\n<h5 class=\"wp-block-heading\">L&rsquo;\u00e2ge du fer<\/h5>\n\n\n\n<p>Plusieurs <strong>structures d\u2019extraction<\/strong> ont \u00e9t\u00e9 mises au jour. De plan complexe, elles sont form\u00e9es de creusements multiples et successifs et sont g\u00e9n\u00e9ralement consid\u00e9r\u00e9es comme des <strong>espaces d\u2019extraction de mat\u00e9riaux bruts (limon) en lien avec l\u2019architecture en bois pour la r\u00e9alisation des parois ou encore des sols.<\/strong> Les rejets d\u00e9tritiques mis au jour dans ces structures t\u00e9moignent de leur r\u00e9utilisation comme fosse-d\u00e9potoir dans un second temps. <strong>L\u2019une d\u2019elle a livr\u00e9 un d\u00e9vidoir entier en terre cuite<\/strong>. Ce type d\u2019objet se retrouve principalement dans des contextes dat\u00e9s de la fin du premier \u00e2ge du Fer et il permet de renseigner sur la pratique de l\u2019artisanat textile sur le site.<br>On retrouve d\u2019autre part, tout particuli\u00e8rement dans la moiti\u00e9 sud et est du site, de nombreux <strong>b\u00e2timents sur poteaux de type grenier<\/strong> (de quatre \u00e0 six poteaux). Les creusements ont livr\u00e9 tr\u00e8s peu de mobilier datant dans leur comblement. <br>On notera la pr\u00e9sence d\u2019un <strong>b\u00e2timent \u00e0 pans coup\u00e9s <\/strong>au centre de l\u2019emprise. Son module principal de forme rectangulaire repose sur sept poteaux et les absides sur trois poteaux. On retrouve \u00e9galement deux poteaux centraux. <strong>Ce type de b\u00e2timent est g\u00e9n\u00e9ralement rattach\u00e9 au deuxi\u00e8me \u00e2ge du Fer (La T\u00e8ne).<\/strong><\/p>\n\n\n\n<figure class=\"wp-block-image size-full is-resized\"><img decoding=\"async\" loading=\"lazy\" src=\"https:\/\/www.eveha.fr\/wp-content\/uploads\/2024\/01\/Fig.3.resized.jpg\" alt=\"\" class=\"wp-image-4911\" style=\"width:674px;height:506px\" width=\"674\" height=\"506\" srcset=\"https:\/\/www.eveha.fr\/wp-content\/uploads\/2024\/01\/Fig.3.resized.jpg 1024w, https:\/\/www.eveha.fr\/wp-content\/uploads\/2024\/01\/Fig.3.resized-300x225.jpg 300w, https:\/\/www.eveha.fr\/wp-content\/uploads\/2024\/01\/Fig.3.resized-768x576.jpg 768w\" sizes=\"(max-width: 674px) 100vw, 674px\" \/><figcaption class=\"wp-element-caption\">Vue z\u00e9nithale du b\u00e2timent en abside de l&rsquo;\u00e2ge du Fer. Cr\u00e9dit : \u00c9veha 2023.                                                                                                               <\/figcaption><\/figure>\n\n\n\n<h6 class=\"wp-block-heading\">Une n\u00e9cropole dat\u00e9e de la T\u00e8ne<\/h6>\n\n\n\n<p>L&rsquo;occupation de l&rsquo;\u00e2ge du Fer est \u00e9galement marqu\u00e9e par la pr\u00e9sence d\u2019une <strong>n\u00e9cropole <\/strong>situ\u00e9e au nord-ouest de l\u2019emprise. Elle se compose de <strong>quatre enclos fossoy\u00e9s quadrangulaires <\/strong>implant\u00e9s sur une montille sableuse ainsi que de <strong>onze inhumations et d\u2019une cr\u00e9mation<\/strong>. Les enclos sont de dimensions tr\u00e8s variables, mais le mobilier mis au jour tend \u00e0 dater l\u2019ensemble de La T\u00e8ne. <\/p>\n\n\n\n<p>Un <strong>enclos circulaire de 16 m de diam\u00e8tre<\/strong> a en outre \u00e9t\u00e9 mis au jour dans la partie est de l\u2019emprise. Il n\u2019est associ\u00e9 a aucun vestige fun\u00e9raire. <\/p>\n\n\n\n<figure class=\"wp-block-image size-full\"><img decoding=\"async\" loading=\"lazy\" width=\"1024\" height=\"768\" src=\"https:\/\/www.eveha.fr\/wp-content\/uploads\/2024\/01\/Fig.4.resized.jpg\" alt=\"\" class=\"wp-image-4912\" srcset=\"https:\/\/www.eveha.fr\/wp-content\/uploads\/2024\/01\/Fig.4.resized.jpg 1024w, https:\/\/www.eveha.fr\/wp-content\/uploads\/2024\/01\/Fig.4.resized-300x225.jpg 300w, https:\/\/www.eveha.fr\/wp-content\/uploads\/2024\/01\/Fig.4.resized-768x576.jpg 768w\" sizes=\"(max-width: 767px) 89vw, (max-width: 1000px) 54vw, (max-width: 1071px) 543px, 580px\" \/><figcaption class=\"wp-element-caption\">Vue a\u00e9rienne des enclos fun\u00e9raires lat\u00e9niens. Cr\u00e9dit : \u00c9veha 2023.                                                                                                      <\/figcaption><\/figure>\n\n\n\n<figure class=\"wp-block-image size-full\"><img decoding=\"async\" loading=\"lazy\" width=\"1024\" height=\"768\" src=\"https:\/\/www.eveha.fr\/wp-content\/uploads\/2024\/01\/P1070682.resized.jpg\" alt=\"\" class=\"wp-image-4913\" srcset=\"https:\/\/www.eveha.fr\/wp-content\/uploads\/2024\/01\/P1070682.resized.jpg 1024w, https:\/\/www.eveha.fr\/wp-content\/uploads\/2024\/01\/P1070682.resized-300x225.jpg 300w, https:\/\/www.eveha.fr\/wp-content\/uploads\/2024\/01\/P1070682.resized-768x576.jpg 768w\" sizes=\"(max-width: 767px) 89vw, (max-width: 1000px) 54vw, (max-width: 1071px) 543px, 580px\" \/><figcaption class=\"wp-element-caption\">S\u00e9pulture lat\u00e9nienne. Cr\u00e9dit : \u00c9veha 2023.                                                                                                                                                           <\/figcaption><\/figure>\n\n\n\n<h4 class=\"wp-block-heading\">Des occupations plus r\u00e9centes, de l&rsquo;Antiquit\u00e9 au Moyen \u00c2ge<\/h4>\n\n\n\n<p>La <strong>p\u00e9riode antique<\/strong> est largement attest\u00e9e par la pr\u00e9sence de <strong>voies de circulation<\/strong>. Un axe principal a \u00e9t\u00e9 identifi\u00e9 : il est form\u00e9 de deux foss\u00e9s parall\u00e8les distants d\u2019environ 12,5 m, parfois doubl\u00e9s \u00e0 certains endroits, et orient\u00e9s selon un axe nord-est\/sud-ouest. Deux autres chemins constitu\u00e9s de foss\u00e9s bordiers distants en moyenne de 3,5 m, apparaissent perpendiculaires \u00e0 la voie principale. Quelques<strong> b\u00e2timents sur poteaux <\/strong>peuvent \u00eatre rattach\u00e9s \u00e0 cette p\u00e9riode au regard de la c\u00e9ramique d\u00e9couverte dans les comblements des creusements. Ces trous de poteau ont pour particularit\u00e9 de disposer syst\u00e9matiquement d\u2019un syst\u00e8me de calage en terres cuites architecturales et\/ou en gr\u00e8s. <strong>Un puits<\/strong>, d\u00e9couvert au centre de l\u2019emprise, au comblement constitu\u00e9 de blocs de gr\u00e8s, est vraisemblablement associ\u00e9 \u00e0 cette p\u00e9riode.<\/p>\n\n\n\n<p>Enfin, plusieurs foss\u00e9s dans la moiti\u00e9 ouest de l\u2019emprise semblent renvoyer \u00e0 une occupation m\u00e9di\u00e9vale. Ils compl\u00e8tent les donn\u00e9es issues de la fouille r\u00e9alis\u00e9e en bordure de berme ouest, \u00e0 l\u2019emplacement du trac\u00e9 du Gazoduc arc de Dierrey (Stark 2014) qui a mis en \u00e9vidence la pr\u00e9sence d\u2019une ferme fossoy\u00e9e m\u00e9di\u00e9vale (XII<sup>e<\/sup>-XIV<sup>e <\/sup>si\u00e8cles).<\/p>\n\n\n\n<p><strong>Les \u00e9tudes du mobilier ainsi que des donn\u00e9es r\u00e9colt\u00e9es se poursuivent actuellement et permettront d\u2019affiner nos connaissances de ce site. Les d\u00e9couvertes sont \u00e9galement \u00e0 mettre en perspective avec l\u2019ensemble des fouilles r\u00e9alis\u00e9es dans le secteur.<\/strong><\/p>\n","protected":false},"excerpt":{"rendered":"<p>L\u2019op\u00e9ration arch\u00e9ologique de La Villeneuve-au-Ch\u00e2telot, \u00ab&nbsp;Les Pr\u00e9s Bidault, Les Montilliers&nbsp;\u00bb zone nord a \u00e9t\u00e9 men\u00e9e en 2023 par le bureau d\u2019\u00e9tudes \u00c9veha sous la responsabilit\u00e9 de Mathilde Petit. Cette intervention fait suite \u00e0 celle men\u00e9e en 2022 sur la zone sud, portant la fen\u00eatre de fouille totale \u00e0 10 hectares. L\u2019op\u00e9ration a \u00e9t\u00e9 rendue n\u00e9cessaire &hellip; <\/p>\n<p class=\"link-more\"><a href=\"https:\/\/www.eveha.fr\/index.php\/2024\/02\/01\/la-villeneuve-au-chatelot-10-les-pres-bidault-les-montilliers-zone-nord\/\" class=\"more-link\">Continuer la lecture<span class=\"screen-reader-text\"> de &laquo;&nbsp;LA VILLENEUVE-AU-CHATELOT (10) &#8211; Les Pr\u00e9s Bidault, Les Montilliers, zone nord&nbsp;&raquo;<\/span><\/a><\/p>\n","protected":false},"author":2,"featured_media":4914,"comment_status":"closed","ping_status":"open","sticky":false,"template":"","format":"standard","meta":{"inline_featured_image":false,"footnotes":""},"categories":[1,6,8,5],"tags":[],"_links":{"self":[{"href":"https:\/\/www.eveha.fr\/index.php\/wp-json\/wp\/v2\/posts\/4899"}],"collection":[{"href":"https:\/\/www.eveha.fr\/index.php\/wp-json\/wp\/v2\/posts"}],"about":[{"href":"https:\/\/www.eveha.fr\/index.php\/wp-json\/wp\/v2\/types\/post"}],"author":[{"embeddable":true,"href":"https:\/\/www.eveha.fr\/index.php\/wp-json\/wp\/v2\/users\/2"}],"replies":[{"embeddable":true,"href":"https:\/\/www.eveha.fr\/index.php\/wp-json\/wp\/v2\/comments?post=4899"}],"version-history":[{"count":8,"href":"https:\/\/www.eveha.fr\/index.php\/wp-json\/wp\/v2\/posts\/4899\/revisions"}],"predecessor-version":[{"id":4940,"href":"https:\/\/www.eveha.fr\/index.php\/wp-json\/wp\/v2\/posts\/4899\/revisions\/4940"}],"wp:featuredmedia":[{"embeddable":true,"href":"https:\/\/www.eveha.fr\/index.php\/wp-json\/wp\/v2\/media\/4914"}],"wp:attachment":[{"href":"https:\/\/www.eveha.fr\/index.php\/wp-json\/wp\/v2\/media?parent=4899"}],"wp:term":[{"taxonomy":"category","embeddable":true,"href":"https:\/\/www.eveha.fr\/index.php\/wp-json\/wp\/v2\/categories?post=4899"},{"taxonomy":"post_tag","embeddable":true,"href":"https:\/\/www.eveha.fr\/index.php\/wp-json\/wp\/v2\/tags?post=4899"}],"curies":[{"name":"wp","href":"https:\/\/api.w.org\/{rel}","templated":true}]}}