{"id":4921,"date":"2024-02-01T10:01:18","date_gmt":"2024-02-01T09:01:18","guid":{"rendered":"https:\/\/www.eveha.fr\/?p=4921"},"modified":"2024-02-01T10:01:18","modified_gmt":"2024-02-01T09:01:18","slug":"montgiscard-31-zac-du-rivel","status":"publish","type":"post","link":"https:\/\/www.eveha.fr\/index.php\/2024\/02\/01\/montgiscard-31-zac-du-rivel\/","title":{"rendered":"MONTGISCARD (31) &#8211; ZAC du Rivel"},"content":{"rendered":"\n<p>Les fouilles men\u00e9es sur le site de Majouret ont \u00e9t\u00e9 r\u00e9alis\u00e9es par le bureau d&rsquo;\u00e9tudes \u00c9veha sous la responsabilit\u00e9 de Emilie Roques, second\u00e9e par Marie-Caroline Di Palma et Cindy Lavail. Elles interviennent dans le cadre du projet d&rsquo;am\u00e9nagement d\u2019une ZAC par Enova Am\u00e9nagement. Les investigations arch\u00e9ologiques men\u00e9es sur pr\u00e8s de 9 ha ont permis de mettre au jour <strong>une occupation n\u00e9olithique <\/strong>et <strong>des vestiges d\u2019un \u00e9tablissement rural antique <\/strong>(Fig. 1).<\/p>\n\n\n\n<!--more-->\n\n\n\n<figure class=\"wp-block-image size-large\"><img decoding=\"async\" loading=\"lazy\" width=\"1024\" height=\"704\" src=\"https:\/\/www.eveha.fr\/wp-content\/uploads\/2024\/01\/Fig.-1-1024x704.png\" alt=\"\" class=\"wp-image-4922\" srcset=\"https:\/\/www.eveha.fr\/wp-content\/uploads\/2024\/01\/Fig.-1-1024x704.png 1024w, https:\/\/www.eveha.fr\/wp-content\/uploads\/2024\/01\/Fig.-1-300x206.png 300w, https:\/\/www.eveha.fr\/wp-content\/uploads\/2024\/01\/Fig.-1-768x528.png 768w, https:\/\/www.eveha.fr\/wp-content\/uploads\/2024\/01\/Fig.-1-1536x1055.png 1536w, https:\/\/www.eveha.fr\/wp-content\/uploads\/2024\/01\/Fig.-1-2048x1407.png 2048w\" sizes=\"(max-width: 767px) 89vw, (max-width: 1000px) 54vw, (max-width: 1071px) 543px, 580px\" \/><figcaption class=\"wp-element-caption\"><strong>Fig. 1 <\/strong>: Plan masse des vestiges au 1 \/2000. Cr\u00e9dit : \u00c9veha, 2023.<\/figcaption><\/figure>\n\n\n\n<h4 class=\"wp-block-heading\">La p\u00e9riode du N\u00e9olithique<\/h4>\n\n\n\n<p>L\u2019occupation n\u00e9olithique est mat\u00e9rialis\u00e9e par <strong>une dizaine de fosses et trous de poteau<\/strong>. Ces structures ne semblent pas dessiner de plan particulier mais la pr\u00e9sence d\u2019\u00e9pandages de limon gris fonc\u00e9 m\u00eal\u00e9 \u00e0 des petits graviers tr\u00e8s localis\u00e9s pourraient correspondre \u00e0 des zones d\u2019occupation pour le moment ind\u00e9termin\u00e9es. Des pr\u00e9l\u00e8vements ont \u00e9t\u00e9 effectu\u00e9s dans le but de r\u00e9aliser des analyses micro-morphologiques et pal\u00e9o-environnementales. Le comblements de ces structures s\u2019est av\u00e9r\u00e9 tr\u00e8s riche en mobilier c\u00e9ramique,  particuli\u00e8rement bien conserv\u00e9 et <strong>marqueur de la culture v\u00e9razienne<\/strong>, dont l\u2019aire d\u2019influence est principalement concentr\u00e9e de l\u2019Aude \u00e0 la Catalogne et s\u2019\u00e9tendant jusqu\u2019au toulousain (Fig. 2).<\/p>\n\n\n\n<figure class=\"wp-block-image size-large\"><img decoding=\"async\" loading=\"lazy\" width=\"1024\" height=\"768\" src=\"https:\/\/www.eveha.fr\/wp-content\/uploads\/2024\/01\/Fig-compressed-1024x768.jpg\" alt=\"\" class=\"wp-image-4923\" srcset=\"https:\/\/www.eveha.fr\/wp-content\/uploads\/2024\/01\/Fig-compressed-1024x768.jpg 1024w, https:\/\/www.eveha.fr\/wp-content\/uploads\/2024\/01\/Fig-compressed-300x225.jpg 300w, https:\/\/www.eveha.fr\/wp-content\/uploads\/2024\/01\/Fig-compressed-768x576.jpg 768w, https:\/\/www.eveha.fr\/wp-content\/uploads\/2024\/01\/Fig-compressed-1536x1152.jpg 1536w, https:\/\/www.eveha.fr\/wp-content\/uploads\/2024\/01\/Fig-compressed-2048x1536.jpg 2048w\" sizes=\"(max-width: 767px) 89vw, (max-width: 1000px) 54vw, (max-width: 1071px) 543px, 580px\" \/><figcaption class=\"wp-element-caption\">Fig. 2 : Fosse v\u00e9razienne. Cr\u00e9dit : \u00c9veha, 2023.<\/figcaption><\/figure>\n\n\n\n<h4 class=\"wp-block-heading\">La p\u00e9riode antique<\/h4>\n\n\n\n<p>L\u2019occupation principale du site est un <strong>habitat rural antique<\/strong>, situ\u00e9 \u00e0 1,5 km au nord de la <em>via Aquitania<\/em>, reliant Toulouse \u00e0 Carcassonne. <strong>Quatre b\u00e2timents <\/strong>fortement aras\u00e9s ont \u00e9t\u00e9 mis au jour. Trois d\u2019entre-eux appartiennent \u00e0 la <em>pars rustica<\/em> de la villa. Un petit b\u00e2timent (B\u00e2t. 4) de 4 x 4 m pourrait \u00eatre<strong> un appentis <\/strong>construit en mat\u00e9riaux p\u00e9rissables dont il ne subsiste que neuf trous de poteaux (Fig. 3). Un b\u00e2timent de plus grandes dimensions (B\u00e2t. 1, 30 x 10 m), avec l\u2019ajout d\u2019une petite pi\u00e8ce au sud- est, sans cloisonnement interne, serait \u00e0 vocation agricole (Fig. 4). Il ne reste au maximum que 10 cm de fondations qui sont constitu\u00e9es de blocs et fragments de molasse extraite localement. Un troisi\u00e8me b\u00e2timent (B\u00e2t. 2), au nord de la parcelle, n\u2019est conserv\u00e9 que sur deux pans de fondations constitu\u00e9es de petits fragments de briques et de galets (Fig. 5).<\/p>\n\n\n\n<figure class=\"wp-block-image size-large\"><img decoding=\"async\" loading=\"lazy\" width=\"1024\" height=\"768\" src=\"https:\/\/www.eveha.fr\/wp-content\/uploads\/2024\/01\/Fig-compressed-1-1024x768.jpg\" alt=\"\" class=\"wp-image-4924\" srcset=\"https:\/\/www.eveha.fr\/wp-content\/uploads\/2024\/01\/Fig-compressed-1-1024x768.jpg 1024w, https:\/\/www.eveha.fr\/wp-content\/uploads\/2024\/01\/Fig-compressed-1-300x225.jpg 300w, https:\/\/www.eveha.fr\/wp-content\/uploads\/2024\/01\/Fig-compressed-1-768x576.jpg 768w, https:\/\/www.eveha.fr\/wp-content\/uploads\/2024\/01\/Fig-compressed-1-1536x1152.jpg 1536w, https:\/\/www.eveha.fr\/wp-content\/uploads\/2024\/01\/Fig-compressed-1-2048x1536.jpg 2048w\" sizes=\"(max-width: 767px) 89vw, (max-width: 1000px) 54vw, (max-width: 1071px) 543px, 580px\" \/><figcaption class=\"wp-element-caption\">Fig. 3 : B\u00e2timent 4 sur poteaux. Cr\u00e9dit : \u00c9veha, 2023.<\/figcaption><\/figure>\n\n\n\n<figure class=\"wp-block-image size-large\"><img decoding=\"async\" loading=\"lazy\" width=\"1024\" height=\"768\" src=\"https:\/\/www.eveha.fr\/wp-content\/uploads\/2024\/01\/Fig-compressed-2-1024x768.jpg\" alt=\"\" class=\"wp-image-4925\" srcset=\"https:\/\/www.eveha.fr\/wp-content\/uploads\/2024\/01\/Fig-compressed-2-1024x768.jpg 1024w, https:\/\/www.eveha.fr\/wp-content\/uploads\/2024\/01\/Fig-compressed-2-300x225.jpg 300w, https:\/\/www.eveha.fr\/wp-content\/uploads\/2024\/01\/Fig-compressed-2-768x576.jpg 768w, https:\/\/www.eveha.fr\/wp-content\/uploads\/2024\/01\/Fig-compressed-2-1536x1152.jpg 1536w, https:\/\/www.eveha.fr\/wp-content\/uploads\/2024\/01\/Fig-compressed-2-2048x1536.jpg 2048w\" sizes=\"(max-width: 767px) 89vw, (max-width: 1000px) 54vw, (max-width: 1071px) 543px, 580px\" \/><figcaption class=\"wp-element-caption\">Fig. 4 : B\u00e2timent 1. Cr\u00e9dit : \u00c9veha, 2023.<\/figcaption><\/figure>\n\n\n\n<figure class=\"wp-block-image size-large\"><img decoding=\"async\" loading=\"lazy\" width=\"1024\" height=\"768\" src=\"https:\/\/www.eveha.fr\/wp-content\/uploads\/2024\/01\/Fig-compressed-3-1024x768.jpg\" alt=\"\" class=\"wp-image-4926\" srcset=\"https:\/\/www.eveha.fr\/wp-content\/uploads\/2024\/01\/Fig-compressed-3-1024x768.jpg 1024w, https:\/\/www.eveha.fr\/wp-content\/uploads\/2024\/01\/Fig-compressed-3-300x225.jpg 300w, https:\/\/www.eveha.fr\/wp-content\/uploads\/2024\/01\/Fig-compressed-3-768x576.jpg 768w, https:\/\/www.eveha.fr\/wp-content\/uploads\/2024\/01\/Fig-compressed-3-1536x1152.jpg 1536w, https:\/\/www.eveha.fr\/wp-content\/uploads\/2024\/01\/Fig-compressed-3-2048x1536.jpg 2048w\" sizes=\"(max-width: 767px) 89vw, (max-width: 1000px) 54vw, (max-width: 1071px) 543px, 580px\" \/><figcaption class=\"wp-element-caption\">Fig. 5 : B\u00e2timent 2. Cr\u00e9dit : \u00c9veha, 2023.<\/figcaption><\/figure>\n\n\n\n<p>Le b\u00e2timent le plus important (B\u00e2t. 3), tant par ses dimensions (55&#215;20 m) que par sa vocation, est localis\u00e9 plus \u00e0 l\u2019est. <strong>Une grande pi\u00e8ce en abside ainsi que la pr\u00e9sence d\u2019hypocauste confirment la vocation thermale de cet ensemble<\/strong> (<strong>Fig. 6<\/strong>). Il ne subsiste de l\u2019hypocauste que la dalle de tuileau inf\u00e9rieure avec les traces d\u2019arrachement des pilettes quadrangulaires. Cette pi\u00e8ce chauff\u00e9e est divis\u00e9e en trois espaces. A proximit\u00e9 imm\u00e9diate, <strong>une citerne<\/strong> est branch\u00e9e \u00e0 une canalisation qui longe le mur ouest de l\u2019hypocauste. Le <em>praefurnium<\/em>, fortement aras\u00e9 est situ\u00e9 au nord de l\u2019hypocauste. Une autre canalisation, qui court le long du mur nord de ce b\u00e2timent, est une canalisation de r\u00e9cup\u00e9ration des eaux se jetant dans un foss\u00e9.<\/p>\n\n\n\n<figure class=\"wp-block-image size-large\"><img decoding=\"async\" loading=\"lazy\" width=\"1024\" height=\"768\" src=\"https:\/\/www.eveha.fr\/wp-content\/uploads\/2024\/01\/Fig-compressed-4-1024x768.jpg\" alt=\"\" class=\"wp-image-4927\" srcset=\"https:\/\/www.eveha.fr\/wp-content\/uploads\/2024\/01\/Fig-compressed-4-1024x768.jpg 1024w, https:\/\/www.eveha.fr\/wp-content\/uploads\/2024\/01\/Fig-compressed-4-300x225.jpg 300w, https:\/\/www.eveha.fr\/wp-content\/uploads\/2024\/01\/Fig-compressed-4-768x576.jpg 768w, https:\/\/www.eveha.fr\/wp-content\/uploads\/2024\/01\/Fig-compressed-4-1536x1152.jpg 1536w, https:\/\/www.eveha.fr\/wp-content\/uploads\/2024\/01\/Fig-compressed-4-2048x1536.jpg 2048w\" sizes=\"(max-width: 767px) 89vw, (max-width: 1000px) 54vw, (max-width: 1071px) 543px, 580px\" \/><figcaption class=\"wp-element-caption\">Fig. 6 : B\u00e2timent thermal (B\u00e2t. 3). Cr\u00e9dit : \u00c9veha, 2023.<\/figcaption><\/figure>\n\n\n\n<h4 class=\"wp-block-heading\">Les puits antiques<\/h4>\n\n\n\n<p>Un puits, creus\u00e9 \u00e0 8 m de l\u2019hypocauste, pr\u00e9sente une ouverture circulaire de 3,20 m de diam\u00e8tre. A 4,20 m de profondeur, <strong>des planches de cuvelage<\/strong> mat\u00e9rialisent un conduit quadrangulaire de 0,90 m de c\u00f4t\u00e9 (<strong>Fig. 7<\/strong>). Ces planches en bois, dans un \u00e9tat de conservation remarquable, sont conserv\u00e9es sur 14 niveaux, soit 2,30 m de haut<strong>. Une situle en bronze<\/strong> a \u00e9t\u00e9 mise au jour dans son comblement. Le fond de ce puits n\u2019a pas \u00e9t\u00e9 atteint. Un deuxi\u00e8me puits, au sud du b\u00e2timent thermal, dont le diam\u00e8tre \u00e0 l\u2019ouverture est de 5 m, a \u00e9t\u00e9 fouill\u00e9 m\u00e9caniquement. Pour des raisons technique la fouille a \u00e9t\u00e9 arr\u00eat\u00e9e \u00e0 8 m de profondeur sans avoir atteint le fond. Les niveaux humides de ce puits ont conserv\u00e9 une <strong>\u00e9paisse couche de v\u00e9g\u00e9taux<\/strong> (paille, herbe, feuille, petits branchages\u2026), <strong>de nombreux restes fauniques<\/strong> (notamment des cr\u00e2nes). <\/p>\n\n\n\n<figure class=\"wp-block-image size-large\"><img decoding=\"async\" loading=\"lazy\" width=\"1024\" height=\"768\" src=\"https:\/\/www.eveha.fr\/wp-content\/uploads\/2024\/01\/Fig-compressed-5-1024x768.jpg\" alt=\"\" class=\"wp-image-4928\" srcset=\"https:\/\/www.eveha.fr\/wp-content\/uploads\/2024\/01\/Fig-compressed-5-1024x768.jpg 1024w, https:\/\/www.eveha.fr\/wp-content\/uploads\/2024\/01\/Fig-compressed-5-300x225.jpg 300w, https:\/\/www.eveha.fr\/wp-content\/uploads\/2024\/01\/Fig-compressed-5-768x576.jpg 768w, https:\/\/www.eveha.fr\/wp-content\/uploads\/2024\/01\/Fig-compressed-5-1536x1152.jpg 1536w, https:\/\/www.eveha.fr\/wp-content\/uploads\/2024\/01\/Fig-compressed-5-2048x1536.jpg 2048w\" sizes=\"(max-width: 767px) 89vw, (max-width: 1000px) 54vw, (max-width: 1071px) 543px, 580px\" \/><figcaption class=\"wp-element-caption\">Fig. 7 : Puits avec cuvelage en bois. Cr\u00e9dit : \u00c9veha, 2023.<\/figcaption><\/figure>\n\n\n\n<p>Ce puits a \u00e9galement livr\u00e9 un \u00e9l\u00e9ment remarquable :<strong> il s\u2019agit d\u2019une pompe aspirante-refoulante en bois<\/strong> (<strong>Fig. 8<\/strong>). Les cylindres du bloc de refoulement sont en plomb. Dans la chambre de refoulement, les clapets en plombs avec <strong>des fragments de valve en cuir \u00e9taient encore en place<\/strong>. D\u2019autres \u00e9l\u00e9ments appartenant \u00e0 la pompe ont \u00e9galement \u00e9t\u00e9 d\u00e9couverts : les pistons en bois (avec les valves en cuir) et environ 6 m de longueur de tuyaux en bois. Il s\u2019agit de<strong> la cinqui\u00e8me pompe connue en Gaule, la vingti\u00e8me de l\u2019Empire romain.<\/strong> La derni\u00e8re avait \u00e9t\u00e9 d\u00e9couverte sur la fouille dirig\u00e9e par Cyril Driard (\u00c9veha) \u00e0 Reims en 2016. <\/p>\n\n\n\n<p>Un troisi\u00e8me puits est situ\u00e9 dans l\u2019ange sud-ouest de l\u2019emprise, \u00e0 150 m du grand b\u00e2timent agricole. Il a \u00e9t\u00e9 en partie fouill\u00e9 par l\u2019Inrap lors du diagnostic.<\/p>\n\n\n\n<figure class=\"wp-block-image size-large\"><img decoding=\"async\" loading=\"lazy\" width=\"1024\" height=\"768\" src=\"https:\/\/www.eveha.fr\/wp-content\/uploads\/2024\/01\/Fig-compressed-6-1024x768.jpg\" alt=\"\" class=\"wp-image-4929\" srcset=\"https:\/\/www.eveha.fr\/wp-content\/uploads\/2024\/01\/Fig-compressed-6-1024x768.jpg 1024w, https:\/\/www.eveha.fr\/wp-content\/uploads\/2024\/01\/Fig-compressed-6-300x225.jpg 300w, https:\/\/www.eveha.fr\/wp-content\/uploads\/2024\/01\/Fig-compressed-6-768x576.jpg 768w, https:\/\/www.eveha.fr\/wp-content\/uploads\/2024\/01\/Fig-compressed-6-1536x1152.jpg 1536w, https:\/\/www.eveha.fr\/wp-content\/uploads\/2024\/01\/Fig-compressed-6-2048x1536.jpg 2048w\" sizes=\"(max-width: 767px) 89vw, (max-width: 1000px) 54vw, (max-width: 1071px) 543px, 580px\" \/><figcaption class=\"wp-element-caption\">Fig. 8 : Pompe issue du puits. Cr\u00e9dit : \u00c9veha, 2023.<\/figcaption><\/figure>\n\n\n\n<h4 class=\"wp-block-heading\">Les autres am\u00e9nagements<\/h4>\n\n\n\n<p>Deux structures, dont la fonction est ind\u00e9termin\u00e9e \u00e0 l\u2019heure actuelle, s\u2019apparentent \u00e0 <strong>des niveaux de sol,<\/strong> l\u00e9g\u00e8rement excav\u00e9s et am\u00e9nag\u00e9s avec <strong>des \u00e9l\u00e9ments de r\u00e9cup\u00e9ration : <em>tegula<\/em>, <em>suspensura<\/em>, fragments de marbre, pilettes, briques, morceaux d\u2019amphore, tuileau.<\/strong> La structure la plus grande mesure 4&#215;4 m (Fig. 9).<\/p>\n\n\n\n<figure class=\"wp-block-image size-large\"><img decoding=\"async\" loading=\"lazy\" width=\"1024\" height=\"768\" src=\"https:\/\/www.eveha.fr\/wp-content\/uploads\/2024\/01\/Fig-compressed-7-1024x768.jpg\" alt=\"\" class=\"wp-image-4930\" srcset=\"https:\/\/www.eveha.fr\/wp-content\/uploads\/2024\/01\/Fig-compressed-7-1024x768.jpg 1024w, https:\/\/www.eveha.fr\/wp-content\/uploads\/2024\/01\/Fig-compressed-7-300x225.jpg 300w, https:\/\/www.eveha.fr\/wp-content\/uploads\/2024\/01\/Fig-compressed-7-768x576.jpg 768w, https:\/\/www.eveha.fr\/wp-content\/uploads\/2024\/01\/Fig-compressed-7-1536x1152.jpg 1536w, https:\/\/www.eveha.fr\/wp-content\/uploads\/2024\/01\/Fig-compressed-7-2048x1536.jpg 2048w\" sizes=\"(max-width: 767px) 89vw, (max-width: 1000px) 54vw, (max-width: 1071px) 543px, 580px\" \/><figcaption class=\"wp-element-caption\">Fig. 9 : ST 1289. Cr\u00e9dit : \u00c9veha, 2023.<\/figcaption><\/figure>\n\n\n\n<p>La superficie importante de la fouille, 9 ha, nous a permis de mettre au jour <strong>un large syst\u00e8me de foss\u00e9s autours des b\u00e2timents. <\/strong>Nous avons des foss\u00e9s drainants \u00e0 proximit\u00e9 des b\u00e2timents et des foss\u00e9s d\u2019enclos qui d\u00e9limitent les espaces au sein du domaine<br>rural.<\/p>\n\n\n\n<p><br>Il nous manque la partie habitation de ce domaine, probablement localis\u00e9e au nord-ouest de l\u2019emprise, sous le hameau actuel de Majouret. En effet, des foss\u00e9s et des tranch\u00e9es de r\u00e9cup\u00e9ration filent dans cette direction.<\/p>\n\n\n\n<p><br>Au sud du b\u00e2timent 1, une fosse ovale de 16&#215;10 m, peu profonde, a certainement servi de <strong>fosse d\u2019extraction de molasse<\/strong>. Plusieurs fragments de marbre sont issus de son comblement. D\u2019autres <strong>fragments de marbre<\/strong> ont \u00e9t\u00e9 mis au jour dans les foss\u00e9s : nous avons ainsi des fragments de base de colonne, de plinthes, de dallage, lisses ou moulur\u00e9s, dans un large \u00e9ventail de couleurs.<\/p>\n\n\n\n<p><br>Le site \u00e9tant tr\u00e8s aras\u00e9 du fait des colluvionnements et des labours, on observe une indigence du mobilier antique par rapport aux types de vestiges et \u00e0 la surface de l\u2019emprise. La plupart du mobilier vient de la fosse d\u2019extraction et des foss\u00e9s notamment, plus rarement des puits. Les quelques tessons de c\u00e9ramique pi\u00e9g\u00e9s dans les fondations des b\u00e2timents et dans leurs niveaux d\u2019abandon ne permettent pas, avant \u00e9tude du mobilier, d\u2019ajuster la fourchette de datation comprise <strong>entre le Ier et le IVe si\u00e8cle.<\/strong><\/p>\n\n\n\n<p>Les \u00e9tudes du mobilier ainsi que des donn\u00e9es r\u00e9colt\u00e9es se poursuivent actuellement et permettront d&rsquo;affiner nos connaissances de ce site et de son occupation.<\/p>\n","protected":false},"excerpt":{"rendered":"<p>Les fouilles men\u00e9es sur le site de Majouret ont \u00e9t\u00e9 r\u00e9alis\u00e9es par le bureau d&rsquo;\u00e9tudes \u00c9veha sous la responsabilit\u00e9 de Emilie Roques, second\u00e9e par Marie-Caroline Di Palma et Cindy Lavail. Elles interviennent dans le cadre du projet d&rsquo;am\u00e9nagement d\u2019une ZAC par Enova Am\u00e9nagement. Les investigations arch\u00e9ologiques men\u00e9es sur pr\u00e8s de 9 ha ont permis de &hellip; <\/p>\n<p class=\"link-more\"><a href=\"https:\/\/www.eveha.fr\/index.php\/2024\/02\/01\/montgiscard-31-zac-du-rivel\/\" class=\"more-link\">Continuer la lecture<span class=\"screen-reader-text\"> de &laquo;&nbsp;MONTGISCARD (31) &#8211; ZAC du Rivel&nbsp;&raquo;<\/span><\/a><\/p>\n","protected":false},"author":5,"featured_media":4937,"comment_status":"closed","ping_status":"open","sticky":false,"template":"","format":"standard","meta":{"inline_featured_image":false,"footnotes":""},"categories":[1,6],"tags":[],"_links":{"self":[{"href":"https:\/\/www.eveha.fr\/index.php\/wp-json\/wp\/v2\/posts\/4921"}],"collection":[{"href":"https:\/\/www.eveha.fr\/index.php\/wp-json\/wp\/v2\/posts"}],"about":[{"href":"https:\/\/www.eveha.fr\/index.php\/wp-json\/wp\/v2\/types\/post"}],"author":[{"embeddable":true,"href":"https:\/\/www.eveha.fr\/index.php\/wp-json\/wp\/v2\/users\/5"}],"replies":[{"embeddable":true,"href":"https:\/\/www.eveha.fr\/index.php\/wp-json\/wp\/v2\/comments?post=4921"}],"version-history":[{"count":5,"href":"https:\/\/www.eveha.fr\/index.php\/wp-json\/wp\/v2\/posts\/4921\/revisions"}],"predecessor-version":[{"id":4939,"href":"https:\/\/www.eveha.fr\/index.php\/wp-json\/wp\/v2\/posts\/4921\/revisions\/4939"}],"wp:featuredmedia":[{"embeddable":true,"href":"https:\/\/www.eveha.fr\/index.php\/wp-json\/wp\/v2\/media\/4937"}],"wp:attachment":[{"href":"https:\/\/www.eveha.fr\/index.php\/wp-json\/wp\/v2\/media?parent=4921"}],"wp:term":[{"taxonomy":"category","embeddable":true,"href":"https:\/\/www.eveha.fr\/index.php\/wp-json\/wp\/v2\/categories?post=4921"},{"taxonomy":"post_tag","embeddable":true,"href":"https:\/\/www.eveha.fr\/index.php\/wp-json\/wp\/v2\/tags?post=4921"}],"curies":[{"name":"wp","href":"https:\/\/api.w.org\/{rel}","templated":true}]}}