{"id":4993,"date":"2024-02-23T08:46:14","date_gmt":"2024-02-23T07:46:14","guid":{"rendered":"https:\/\/www.eveha.fr\/?p=4993"},"modified":"2024-02-23T08:46:14","modified_gmt":"2024-02-23T07:46:14","slug":"sorigny-37-zone-dactivite-isoparc","status":"publish","type":"post","link":"https:\/\/www.eveha.fr\/index.php\/2024\/02\/23\/sorigny-37-zone-dactivite-isoparc\/","title":{"rendered":"SORIGNY (37) &#8211; Zone d&rsquo;activit\u00e9 Isoparc"},"content":{"rendered":"\n<p>Les fouilles arch\u00e9ologiques men\u00e9es sur le site de Sorigny (37)\u00a0 &#8211;\u00a0 Zone d&rsquo;activit\u00e9 Isoparc &#8211; Netilly\/La Bellessi\u00e8re ont \u00e9t\u00e9 r\u00e9alis\u00e9es par le bureau d\u2019\u00e9tudes \u00c9veha sous la responsabilit\u00e9 de\u00a0 Cyrille Ben Kaddour dans le cadre du projet d\u2019am\u00e9nagement port\u00e9 par Communaut\u00e9 de communes Touraine Vall\u00e9e de l\u2019Indre. Les investigations arch\u00e9ologiques ont permis de caract\u00e9riser <strong>une occupation humaine dat\u00e9e de la T\u00e8ne moyenne et finale <\/strong>(-400 av. n. e. \u00e0 -25 av. n. e.), <strong>un \u00e9tablissement rural antique<\/strong> (1er s. av. n. e. au 4e s. de n. e.) <strong>et une n\u00e9cropole du haut Moyen \u00c2ge<\/strong> (5e s. au 9e s). D&rsquo;autres vestiges mis au jour lors de cette fouille sont datables du bas Moyen-\u00c2ge et de l&rsquo;\u00e9poque moderne. <\/p>\n\n\n\n<!--more-->\n\n\n\n<h4 class=\"wp-block-heading\">Une premi\u00e8re occupation gauloise<\/h4>\n\n\n\n<p>Les vestiges les plus anciens remonteraient au second \u00e2ge du Fer (la T\u00e8ne moyenne, -400 av. n. e. \u00e0 -250 av. n. e.) et correspondraient \u00e0 <strong>des b\u00e2timents sur poteaux<\/strong> aux plans difficilement restituables sur le terrain et peut-\u00eatre \u00e0 quelques fosses. L&rsquo;occupation perdure \u00e0 la T\u00e8ne finale (-250 av. n. e. \u00e0 -25 av. n. e), toujours repr\u00e9sent\u00e9e par des ensembles de trous de poteaux et fosses diss\u00e9min\u00e9s sur une assez grande partie de l&#8217;emprise de fouille, a priori sans limites fossoy\u00e9es. Un profond foss\u00e9 en \u00ab\u00a0V\u00a0\u00bb, avec une interruption comportant des am\u00e9nagements se situe \u00e0 l&rsquo;extr\u00e9mit\u00e9 est de la fouille. Il s&rsquo;agit probablement de <strong>la fa\u00e7ade monumentalis\u00e9e d&rsquo;un habitat<\/strong>, dont les autres c\u00f4t\u00e9s n&rsquo;ont pas b\u00e9n\u00e9fici\u00e9 de foss\u00e9s pour d\u00e9limiter cet espace. Sa datation reste incertaine, mais semble bien lat\u00e9nienne. Quelques \u00e9l\u00e9ments de c\u00e9ramique ont pu \u00eatre pr\u00e9lev\u00e9s dans son comblement sup\u00e9rieur, ainsi qu&rsquo;<strong>un torque ternaire* en alliage cuivreux<\/strong> (Fig. 1). <\/p>\n\n\n\n<p>*ternaire : qui pr\u00e9sente trois \u00e9l\u00e9ments, ici des d\u00e9cors.<\/p>\n\n\n\n<figure class=\"wp-block-image size-full\"><img decoding=\"async\" loading=\"lazy\" width=\"859\" height=\"768\" src=\"https:\/\/www.eveha.fr\/wp-content\/uploads\/2024\/02\/TorqueRadio-Cyrille-BEN-KADDOUR.resized.jpg\" alt=\"\" class=\"wp-image-4997\" srcset=\"https:\/\/www.eveha.fr\/wp-content\/uploads\/2024\/02\/TorqueRadio-Cyrille-BEN-KADDOUR.resized.jpg 859w, https:\/\/www.eveha.fr\/wp-content\/uploads\/2024\/02\/TorqueRadio-Cyrille-BEN-KADDOUR.resized-300x268.jpg 300w, https:\/\/www.eveha.fr\/wp-content\/uploads\/2024\/02\/TorqueRadio-Cyrille-BEN-KADDOUR.resized-768x687.jpg 768w\" sizes=\"(max-width: 767px) 89vw, (max-width: 1000px) 54vw, (max-width: 1071px) 543px, 580px\" \/><figcaption class=\"wp-element-caption\">Fig. 1 : Radiographie du torque en alliage cuivreux lat\u00e9nien. Cr\u00e9dit : Charlotte Rerolle, 2024<\/figcaption><\/figure>\n\n\n\n<h4 class=\"wp-block-heading\">Une villa s&rsquo;implante sur l&rsquo;\u00e9tablissement gaulois<\/h4>\n\n\n\n<p>\u00c0 l&rsquo;ouest de l&#8217;emprise, se superposant \u00e0 des constructions, des fosses et des puits ou des puisards lat\u00e9niens, <strong>un vaste habitat avec b\u00e2timents sur fondations en pierre est cr\u00e9\u00e9 au Haut-Empire.<\/strong> Celui-ci peut-\u00eatre consid\u00e9r\u00e9 comme<strong> la pars urbana d&rsquo;une villa<\/strong> (Fig. 2), correspondant \u00e0 la partie r\u00e9sidentielle de l&rsquo;\u00e9tablissement. Presque int\u00e9gralement observ\u00e9e, celle-ci a connu au moins trois grands chantiers de construction perceptibles gr\u00e2ce aux recoupements et aux diff\u00e9rentes techniques et mat\u00e9riaux employ\u00e9s. La derni\u00e8re phase comporte une vaste cl\u00f4ture ma\u00e7onn\u00e9e d\u00e9limitant un espace carr\u00e9 de cour mesurant pr\u00e8s de 2800 m2. <\/p>\n\n\n\n<figure class=\"wp-block-image size-full\"><img decoding=\"async\" loading=\"lazy\" width=\"1024\" height=\"767\" src=\"https:\/\/www.eveha.fr\/wp-content\/uploads\/2024\/02\/VueAerienneVilla-Cyrille-BEN-KADDOUR.resized.jpg\" alt=\"\" class=\"wp-image-4999\" srcset=\"https:\/\/www.eveha.fr\/wp-content\/uploads\/2024\/02\/VueAerienneVilla-Cyrille-BEN-KADDOUR.resized.jpg 1024w, https:\/\/www.eveha.fr\/wp-content\/uploads\/2024\/02\/VueAerienneVilla-Cyrille-BEN-KADDOUR.resized-300x225.jpg 300w, https:\/\/www.eveha.fr\/wp-content\/uploads\/2024\/02\/VueAerienneVilla-Cyrille-BEN-KADDOUR.resized-768x575.jpg 768w\" sizes=\"(max-width: 767px) 89vw, (max-width: 1000px) 54vw, (max-width: 1071px) 543px, 580px\" \/><figcaption class=\"wp-element-caption\">Fig. 2 : Vue a\u00e9rienne oblique de la pars urbana de la villa gallo-romaine. Cr\u00e9dit: Fabrice Bodereau, 2023.<\/figcaption><\/figure>\n\n\n\n<p>La conservation des fondations de murs est fluctuante selon les chantiers de construction, variant de quelques centim\u00e8tres (correspondant \u00e0 la premi\u00e8re assise de fondation) \u00e0 plus d&rsquo;1,20 m (Fig. 3). Certains murs ont \u00e9t\u00e9 int\u00e9gralement r\u00e9cup\u00e9r\u00e9s. Si la partie r\u00e9sidentielle de la villa est plut\u00f4t vaste et comporte des b\u00e2timents particuli\u00e8rement bien fond\u00e9s, <strong>aucun \u00e9l\u00e9ment de confort <\/strong>(chauffage par hypocauste, bassins d&rsquo;agr\u00e9ment, etc.), ni aucun \u00e9l\u00e9ment de d\u00e9cor (enduits peints, roches marbri\u00e8res, d\u00e9cor sculpt\u00e9&#8230;) n&rsquo;y a \u00e9t\u00e9 d\u00e9couvert. <strong>On note l&rsquo;absence de constructions excav\u00e9es destin\u00e9es au stockage tels que caves et celliers. <\/strong><\/p>\n\n\n\n<figure class=\"wp-block-image size-large\"><img decoding=\"async\" loading=\"lazy\" width=\"1024\" height=\"768\" src=\"https:\/\/www.eveha.fr\/wp-content\/uploads\/2024\/02\/DSCN1320b.JPG-Cyrille-BEN-KADDOUR-1024x768.jpg\" alt=\"\" class=\"wp-image-5000\" srcset=\"https:\/\/www.eveha.fr\/wp-content\/uploads\/2024\/02\/DSCN1320b.JPG-Cyrille-BEN-KADDOUR-1024x768.jpg 1024w, https:\/\/www.eveha.fr\/wp-content\/uploads\/2024\/02\/DSCN1320b.JPG-Cyrille-BEN-KADDOUR-300x225.jpg 300w, https:\/\/www.eveha.fr\/wp-content\/uploads\/2024\/02\/DSCN1320b.JPG-Cyrille-BEN-KADDOUR-768x576.jpg 768w, https:\/\/www.eveha.fr\/wp-content\/uploads\/2024\/02\/DSCN1320b.JPG-Cyrille-BEN-KADDOUR-1536x1152.jpg 1536w, https:\/\/www.eveha.fr\/wp-content\/uploads\/2024\/02\/DSCN1320b.JPG-Cyrille-BEN-KADDOUR.jpg 2007w\" sizes=\"(max-width: 767px) 89vw, (max-width: 1000px) 54vw, (max-width: 1071px) 543px, 580px\" \/><figcaption class=\"wp-element-caption\">Figure 3: Sondage manuel dans un des murs puissamment fond\u00e9 de la villa antique. Cr\u00e9dit: \u00c9veha, 2023.<\/figcaption><\/figure>\n\n\n\n<p>Un puits \u00e0 eau date de cette \u00e9poque, un autre \u00e9tait peut-\u00eatre plus ancien (LaT\u00e8ne finale ?). Ce dernier, int\u00e9gralement fouill\u00e9 manuellement \u00e9tait tr\u00e8s peu profond et ne comportait que peu de mobilier. Le mobilier en lien avec la villa est de mani\u00e8re g\u00e9n\u00e9rale tr\u00e8s peu abondant et provient presque exclusivement de niveaux de remblais de cailloutis ou de sols ext\u00e9rieurs, notamment dans la moiti\u00e9 nord de la cour. Dans les b\u00e2timents, aucun niveau de sol n&rsquo;est conserv\u00e9. Parmi le mobilier notable, citons quelques fibules en alliage cuivreux, quelques outils en fer et quatre monnaies en argent frapp\u00e9es \u00e0 Rome \u00e0 l&rsquo;\u00e9poque r\u00e9publicaine. L&rsquo;espace de cette occupation antique et ses proches abords ont \u00e9t\u00e9 particuli\u00e8rement impact\u00e9s par des chablis dont la datation reste incertaine.<\/p>\n\n\n\n<h4 class=\"wp-block-heading\">Une n\u00e9cropole alto-m\u00e9di\u00e9vale s&rsquo;implante sur un espace fun\u00e9raire antique<\/h4>\n\n\n\n<p>\u00c0 200 m \u00e0 l&rsquo;est de la pars urbana de la villa, existent <strong>deux enclos ma\u00e7onn\u00e9s de forme carr\u00e9e <\/strong>et mesurant chacun 260 m2. L&rsquo;un d&rsquo;entre eux \u00e9tait vide de vestiges, l&rsquo;autre comporte quelques \u00e9l\u00e9ments potentiellement li\u00e9s \u00e0 des restes de cr\u00e9mation (esquilles osseuses et c\u00e9ramiques avec traces de chauffe). <strong>Ce dernier, dont le caract\u00e8re cultuel (fanum ?) ou fun\u00e9raire est suppos\u00e9 pour la p\u00e9riode gallo-romaine a, en tout cas, polaris\u00e9 des inhumations \u00e0 la p\u00e9riode alto-m\u00e9di\u00e9vale (Fig. 4).<\/strong> Une centaine de tombes ont en effet \u00e9taient document\u00e9es dans l&rsquo;enclos ou dans sa tr\u00e8s proche p\u00e9riph\u00e9rie. G\u00e9n\u00e9ralement tr\u00e8s mal conserv\u00e9es (faible enfouissement et ossements humains friables et fragmentaires), elles comportent r\u00e9guli\u00e8rement des am\u00e9nagements rudimentaires (calages de pierre autour de coffres en bois) mais ne contiennent qu&rsquo;en de tr\u00e8s rares occasions, des d\u00e9p\u00f4ts de mobilier fun\u00e9raire (essentiellement des perles en verre). Quatre datations radiocarbones entreprises lors de l&rsquo;op\u00e9ration de diagnostic permettent d&rsquo;entrevoir un fonctionnement de cette n\u00e9cropole entre<strong> le VIIe et les IXe\/Xe si\u00e8cles. <\/strong>La mauvaise conservation des s\u00e9pultures laisse envisager qu&rsquo;une partie non n\u00e9gligeable de la population inhum\u00e9e a \u00e9t\u00e9 compl\u00e8tement oblit\u00e9r\u00e9e par l&rsquo;arasement du site, notamment suite aux travaux agricoles post\u00e9rieurs au haut Moyen \u00c2ge.<\/p>\n\n\n\n<figure class=\"wp-block-image size-full\"><img decoding=\"async\" loading=\"lazy\" width=\"1024\" height=\"732\" src=\"https:\/\/www.eveha.fr\/wp-content\/uploads\/2024\/02\/P1010317-Cyrille-BEN-KADDOUR.resized.jpg\" alt=\"\" class=\"wp-image-4998\" srcset=\"https:\/\/www.eveha.fr\/wp-content\/uploads\/2024\/02\/P1010317-Cyrille-BEN-KADDOUR.resized.jpg 1024w, https:\/\/www.eveha.fr\/wp-content\/uploads\/2024\/02\/P1010317-Cyrille-BEN-KADDOUR.resized-300x214.jpg 300w, https:\/\/www.eveha.fr\/wp-content\/uploads\/2024\/02\/P1010317-Cyrille-BEN-KADDOUR.resized-768x549.jpg 768w\" sizes=\"(max-width: 767px) 89vw, (max-width: 1000px) 54vw, (max-width: 1071px) 543px, 580px\" \/><figcaption class=\"wp-element-caption\">Fig. 4 : Exemple de s\u00e9pulture du haut Moyen \u00c2ge relativement bien conserv\u00e9e. Cr\u00e9dit : \u00c9veha, 2023<\/figcaption><\/figure>\n\n\n\n<h4 class=\"wp-block-heading\">Parcellaire m\u00e9di\u00e9val et moderne<\/h4>\n\n\n\n<p>Le tiers oriental de la fouille comporte d&rsquo;assez nombreux am\u00e9nagements datant de la fin du Moyen \u00c2ge et de l&rsquo;\u00e9poque Moderne (voire contemporaine) en lien avec la ferme de \u00ab\u00a0Netilly\u00a0\u00bb qui appara\u00eet sur le cadastre dit napol\u00e9onien et est connue dans les textes \u00e0 partir du XVIIIe si\u00e8cle. Il s&rsquo;agit de foss\u00e9s parcellaires, de chemins mat\u00e9rialis\u00e9s par des orni\u00e8res ou de tr\u00e8s l\u00e9g\u00e8res sur\u00e9l\u00e9vations du terrain, de petites fosses probablement en lien avec des plantations (arbres fruitiers, vigne ?) et de deux fosses dans lesquelles ont \u00e9t\u00e9 inhum\u00e9es de jeunes animaux d\u2019\u00e9levage, probablement morts de maladie.<\/p>\n\n\n\n<p>La post-fouille permettra de pr\u00e9ciser le phasage des diff\u00e9rentes occupations et s&rsquo;attachera \u00e0 documenter l&rsquo;\u00e9conomie et l&rsquo;environnement du site aux p\u00e9riodes protohistoriques et antiques. La mauvaise conservation des ossements humains limitera certainement l&rsquo;\u00e9tude biologique de la population inhum\u00e9e dans la n\u00e9cropole alto-m\u00e9di\u00e9vale.<\/p>\n\n\n\n<figure class=\"wp-block-image size-full\"><img decoding=\"async\" loading=\"lazy\" width=\"1024\" height=\"708\" src=\"https:\/\/www.eveha.fr\/wp-content\/uploads\/2024\/02\/PlanGeneral18dec2023b-Cyrille-BEN-KADDOUR.resized.jpg\" alt=\"\" class=\"wp-image-4996\" srcset=\"https:\/\/www.eveha.fr\/wp-content\/uploads\/2024\/02\/PlanGeneral18dec2023b-Cyrille-BEN-KADDOUR.resized.jpg 1024w, https:\/\/www.eveha.fr\/wp-content\/uploads\/2024\/02\/PlanGeneral18dec2023b-Cyrille-BEN-KADDOUR.resized-300x207.jpg 300w, https:\/\/www.eveha.fr\/wp-content\/uploads\/2024\/02\/PlanGeneral18dec2023b-Cyrille-BEN-KADDOUR.resized-768x531.jpg 768w\" sizes=\"(max-width: 767px) 89vw, (max-width: 1000px) 54vw, (max-width: 1071px) 543px, 580px\" \/><figcaption class=\"wp-element-caption\">Fig. 5 : Plan g\u00e9n\u00e9ral du site toute p\u00e9riode confondue. Cr\u00e9dit: \u00c9veha, 2023<\/figcaption><\/figure>\n","protected":false},"excerpt":{"rendered":"<p>Les fouilles arch\u00e9ologiques men\u00e9es sur le site de Sorigny (37)\u00a0 &#8211;\u00a0 Zone d&rsquo;activit\u00e9 Isoparc &#8211; Netilly\/La Bellessi\u00e8re ont \u00e9t\u00e9 r\u00e9alis\u00e9es par le bureau d\u2019\u00e9tudes \u00c9veha sous la responsabilit\u00e9 de\u00a0 Cyrille Ben Kaddour dans le cadre du projet d\u2019am\u00e9nagement port\u00e9 par Communaut\u00e9 de communes Touraine Vall\u00e9e de l\u2019Indre. Les investigations arch\u00e9ologiques ont permis de caract\u00e9riser une &hellip; <\/p>\n<p class=\"link-more\"><a href=\"https:\/\/www.eveha.fr\/index.php\/2024\/02\/23\/sorigny-37-zone-dactivite-isoparc\/\" class=\"more-link\">Continuer la lecture<span class=\"screen-reader-text\"> de &laquo;&nbsp;SORIGNY (37) &#8211; Zone d&rsquo;activit\u00e9 Isoparc&nbsp;&raquo;<\/span><\/a><\/p>\n","protected":false},"author":13,"featured_media":5001,"comment_status":"closed","ping_status":"open","sticky":false,"template":"","format":"standard","meta":{"inline_featured_image":false,"footnotes":""},"categories":[6,9,8,5],"tags":[],"_links":{"self":[{"href":"https:\/\/www.eveha.fr\/index.php\/wp-json\/wp\/v2\/posts\/4993"}],"collection":[{"href":"https:\/\/www.eveha.fr\/index.php\/wp-json\/wp\/v2\/posts"}],"about":[{"href":"https:\/\/www.eveha.fr\/index.php\/wp-json\/wp\/v2\/types\/post"}],"author":[{"embeddable":true,"href":"https:\/\/www.eveha.fr\/index.php\/wp-json\/wp\/v2\/users\/13"}],"replies":[{"embeddable":true,"href":"https:\/\/www.eveha.fr\/index.php\/wp-json\/wp\/v2\/comments?post=4993"}],"version-history":[{"count":3,"href":"https:\/\/www.eveha.fr\/index.php\/wp-json\/wp\/v2\/posts\/4993\/revisions"}],"predecessor-version":[{"id":5063,"href":"https:\/\/www.eveha.fr\/index.php\/wp-json\/wp\/v2\/posts\/4993\/revisions\/5063"}],"wp:featuredmedia":[{"embeddable":true,"href":"https:\/\/www.eveha.fr\/index.php\/wp-json\/wp\/v2\/media\/5001"}],"wp:attachment":[{"href":"https:\/\/www.eveha.fr\/index.php\/wp-json\/wp\/v2\/media?parent=4993"}],"wp:term":[{"taxonomy":"category","embeddable":true,"href":"https:\/\/www.eveha.fr\/index.php\/wp-json\/wp\/v2\/categories?post=4993"},{"taxonomy":"post_tag","embeddable":true,"href":"https:\/\/www.eveha.fr\/index.php\/wp-json\/wp\/v2\/tags?post=4993"}],"curies":[{"name":"wp","href":"https:\/\/api.w.org\/{rel}","templated":true}]}}