{"id":5014,"date":"2024-02-23T09:01:24","date_gmt":"2024-02-23T08:01:24","guid":{"rendered":"https:\/\/www.eveha.fr\/?p=5014"},"modified":"2024-03-08T09:24:28","modified_gmt":"2024-03-08T08:24:28","slug":"montrond-le-chateau-31-le-chateau","status":"publish","type":"post","link":"https:\/\/www.eveha.fr\/index.php\/2024\/02\/23\/montrond-le-chateau-31-le-chateau\/","title":{"rendered":"MONTROND-LE-CH\u00c2TEAU (25) \u2013 Le Ch\u00e2teau"},"content":{"rendered":"\n<p>Les fouilles arch\u00e9ologiques men\u00e9es \u00e0 Montrond-le-Ch\u00e2teau (25) ont \u00e9t\u00e9 r\u00e9alis\u00e9es par le bureau d\u2019\u00e9tudes \u00c9veha, dans le cadre du projet d\u2019am\u00e9nagement port\u00e9 par la Mairie. L\u2019\u00e9tude arch\u00e9ologique dirig\u00e9e par Marie-Aude Schittly \u00e0 \u00e9t\u00e9 effectu\u00e9e parall\u00e8lement aux travaux de stabilisation et de consolidation du ch\u00e2teau, envisag\u00e9s sur 5 ann\u00e9es (2023-2027) et effectu\u00e9s par l\u2019association API25. Les investigations arch\u00e9ologiques ont permis de mettre au jour <strong>plusieurs \u00e9l\u00e9vations correspondant \u00e0 la courtine nord-ouest de l\u2019\u00e9difice castral<\/strong>. L\u2019observation arch\u00e9ologique du b\u00e2ti et les analyses supposent plusieurs <strong>phases de construction envisag\u00e9es entre la cr\u00e9ation du ch\u00e2teau au XIII<\/strong><sup><strong>e<\/strong><\/sup><strong> si\u00e8cle et son d\u00e9mant\u00e8lement \u00e0 la fin du XVII<\/strong><sup><strong>e<\/strong><\/sup><strong> si\u00e8cle<\/strong>.<\/p>\n\n\n\n<!--more-->\n\n\n\n<h4 class=\"wp-block-heading\">Des origines m\u00e9di\u00e9vales<\/h4>\n\n\n\n<p>La construction du ch\u00e2teau est renseign\u00e9e par plusieurs sources archivistiques qui permettent d\u2019\u00e9tablir <strong>l\u2019installation de l\u2019\u00e9difice vers 1230<\/strong>. Au terme de l\u2019op\u00e9ration de 2023, les indices de la p\u00e9riode m\u00e9di\u00e9vale restent minces, mais <strong>des analyses effectu\u00e9es sur des \u00e9chantillons de mortier confirment la construction \u00e0 cette p\u00e9riode, d\u2019un premier mur de courtine, sur le versant ouest<\/strong>. Il comprend une porte charreti\u00e8re dont les <strong>importants blocs calcaires<\/strong>, l\u2019un avec <strong>des encoches<\/strong> pour barres de fermeture et l\u2019autre avec <strong>une imposante crapaudine<\/strong>, ont \u00e9t\u00e9 d\u00e9couverts dans les c\u00f4nes d\u2019\u00e9boulis. Cette ouverture sera condamn\u00e9e par la suite. Les indices d\u2019arrachement d\u2019un mur supposent \u00e9galement qu\u2019une \u00e9l\u00e9vation de refend barrait le chemin qui se d\u00e9veloppait le long des \u00e9l\u00e9vations. D\u2019apr\u00e8s les blocs d\u00e9couverts dans cette zone, il n\u2019est pas exclu qu\u2019une seconde porte y \u00e9tait \u00e9galement pr\u00e9sente.<\/p>\n\n\n\n<figure class=\"wp-block-image size-full\"><img decoding=\"async\" loading=\"lazy\" width=\"768\" height=\"1024\" src=\"http:\/\/www.eveha.fr\/wp-content\/uploads\/2024\/02\/Fig3-Marie-Aude-SCHITTLY.resized-1-rotated.jpg\" alt=\"\" class=\"wp-image-5080\" srcset=\"https:\/\/www.eveha.fr\/wp-content\/uploads\/2024\/02\/Fig3-Marie-Aude-SCHITTLY.resized-1-rotated.jpg 768w, https:\/\/www.eveha.fr\/wp-content\/uploads\/2024\/02\/Fig3-Marie-Aude-SCHITTLY.resized-1-225x300.jpg 225w\" sizes=\"(max-width: 767px) 89vw, (max-width: 1000px) 54vw, (max-width: 1071px) 543px, 580px\" \/><figcaption class=\"wp-element-caption\"><em>Poterne. Cr\u00e9dit : \u00c9veha 2023<\/em><\/figcaption><\/figure>\n\n\n\n<figure class=\"wp-block-image size-full is-resized\"><img decoding=\"async\" loading=\"lazy\" src=\"http:\/\/www.eveha.fr\/wp-content\/uploads\/2024\/02\/Fig4-Marie-Aude-SCHITTLY.resized-1.jpg\" alt=\"\" class=\"wp-image-5016\" style=\"width:685px;height:514px\" width=\"685\" height=\"514\" srcset=\"https:\/\/www.eveha.fr\/wp-content\/uploads\/2024\/02\/Fig4-Marie-Aude-SCHITTLY.resized-1.jpg 1024w, https:\/\/www.eveha.fr\/wp-content\/uploads\/2024\/02\/Fig4-Marie-Aude-SCHITTLY.resized-1-300x225.jpg 300w, https:\/\/www.eveha.fr\/wp-content\/uploads\/2024\/02\/Fig4-Marie-Aude-SCHITTLY.resized-1-768x576.jpg 768w\" sizes=\"(max-width: 685px) 100vw, 685px\" \/><figcaption class=\"wp-element-caption\">Bloc calcaire avec encoche pour barre de fermeture. Cr\u00e9dit : \u00c9veha, 2023<\/figcaption><\/figure>\n\n\n\n<h4 class=\"wp-block-heading\">\u00c0 l\u2019\u00c9poque moderne\u2026.<\/h4>\n\n\n\n<p><strong>Quelque temps plus tard, il est d\u00e9cid\u00e9 de modifier l\u2019axe d\u2019une portion de la courtine, probablement \u00e0 l\u2019\u00c9poque moderne<\/strong>. Cela s\u2019observe au niveau des soubassements de la zone centrale pr\u00e9sentant deux \u00e9l\u00e9vations distinctes. <strong>Certains parements sont repris<\/strong> et l<strong>\u2019installation de nouvelles constructions forment un espace r\u00e9duit <\/strong><strong>et<\/strong><strong> un renfoncement<\/strong>, comprenant une porte pi\u00e9tonni\u00e8re ouvrant sur le niveau sup\u00e9rieur. Elle sera soigneusement bouch\u00e9e <em>a posteriori<\/em>.<\/p>\n\n\n\n<p><strong>La pr\u00e9sence de deux portes, une charreti\u00e8re et une pi\u00e9tonni\u00e8re, sur le m\u00eame pan de courtine, confirme l\u2019<\/strong><strong>installation <\/strong><strong>d\u2019un chemin d\u2019acc\u00e8s de ce c\u00f4t\u00e9 du promontoire.<\/strong> La premi\u00e8re semble ouvrir sur la basse-cour, tandis que la seconde dessert plut\u00f4t les espaces de logis de la haute-cour. Il n\u2019est cependant pas possible de d\u00e9terminer si leur fonctionnement est synchrone et si leur condamnation est contemporaine. Quoi qu\u2019il en soit, avant le d\u00e9mant\u00e8lement, la condamnation de ces deux ouvertures interroge sur les changements d\u2019acc\u00e8s \u00e0 l\u2019\u00e9difice castral.<\/p>\n\n\n\n<figure class=\"wp-block-image size-full is-resized\"><img decoding=\"async\" loading=\"lazy\" src=\"http:\/\/www.eveha.fr\/wp-content\/uploads\/2024\/02\/Fig2-Marie-Aude-SCHITTLY.resized-1.jpg\" alt=\"\" class=\"wp-image-5017\" style=\"width:674px;height:506px\" width=\"674\" height=\"506\" srcset=\"https:\/\/www.eveha.fr\/wp-content\/uploads\/2024\/02\/Fig2-Marie-Aude-SCHITTLY.resized-1.jpg 1024w, https:\/\/www.eveha.fr\/wp-content\/uploads\/2024\/02\/Fig2-Marie-Aude-SCHITTLY.resized-1-300x225.jpg 300w, https:\/\/www.eveha.fr\/wp-content\/uploads\/2024\/02\/Fig2-Marie-Aude-SCHITTLY.resized-1-768x576.jpg 768w\" sizes=\"(max-width: 674px) 100vw, 674px\" \/><figcaption class=\"wp-element-caption\"><em>Portion de courtine modifi\u00e9e \u00e0 l\u2019\u00c9poque moderne. Cr\u00e9dit : \u00c9veha, 2023<\/em><\/figcaption><\/figure>\n\n\n\n<figure class=\"wp-block-image size-full\"><img decoding=\"async\" loading=\"lazy\" width=\"1024\" height=\"768\" src=\"http:\/\/www.eveha.fr\/wp-content\/uploads\/2024\/02\/Fig6-Marie-Aude-SCHITTLY.resized.jpg\" alt=\"\" class=\"wp-image-5082\" srcset=\"https:\/\/www.eveha.fr\/wp-content\/uploads\/2024\/02\/Fig6-Marie-Aude-SCHITTLY.resized.jpg 1024w, https:\/\/www.eveha.fr\/wp-content\/uploads\/2024\/02\/Fig6-Marie-Aude-SCHITTLY.resized-300x225.jpg 300w, https:\/\/www.eveha.fr\/wp-content\/uploads\/2024\/02\/Fig6-Marie-Aude-SCHITTLY.resized-768x576.jpg 768w\" sizes=\"(max-width: 767px) 89vw, (max-width: 1000px) 54vw, (max-width: 1071px) 543px, 580px\" \/><figcaption class=\"wp-element-caption\"><em>Courtine. Cr\u00e9dit : \u00c9veha, 2023<\/em><\/figcaption><\/figure>\n\n\n\n<figure class=\"wp-block-image size-full\"><img decoding=\"async\" loading=\"lazy\" width=\"1024\" height=\"768\" src=\"http:\/\/www.eveha.fr\/wp-content\/uploads\/2024\/02\/Fig5-Marie-Aude-SCHITTLY.resized-1.jpg\" alt=\"\" class=\"wp-image-5081\" srcset=\"https:\/\/www.eveha.fr\/wp-content\/uploads\/2024\/02\/Fig5-Marie-Aude-SCHITTLY.resized-1.jpg 1024w, https:\/\/www.eveha.fr\/wp-content\/uploads\/2024\/02\/Fig5-Marie-Aude-SCHITTLY.resized-1-300x225.jpg 300w, https:\/\/www.eveha.fr\/wp-content\/uploads\/2024\/02\/Fig5-Marie-Aude-SCHITTLY.resized-1-768x576.jpg 768w\" sizes=\"(max-width: 767px) 89vw, (max-width: 1000px) 54vw, (max-width: 1071px) 543px, 580px\" \/><figcaption class=\"wp-element-caption\"><em>Traces d\u2019un foyer rep\u00e9r\u00e9 au pied du mur de courtine. Cr\u00e9dit : \u00c9veha, 2023<\/em><\/figcaption><\/figure>\n\n\n\n<h4 class=\"wp-block-heading\">Probl\u00e9matiques et objectifs de l\u2019\u00e9tude de b\u00e2ti<\/h4>\n\n\n\n<p>L\u2019op\u00e9ration men\u00e9e par les \u00e9quipes d\u2019Ev\u00e9ha a permis de <strong>pr\u00e9cis<\/strong><strong>er<\/strong><strong> l\u2019implantation d\u2019un ch\u00e2teau cach\u00e9 par la for\u00eat et les broussailles<\/strong> depuis de nombreuses ann\u00e9es. De m\u00eame, le d\u00e9gagement op\u00e9r\u00e9 dans la cadre de cette op\u00e9ration \u00e9tait <strong>n\u00e9cessaire au travail de stabilisation et de consolidation <\/strong><strong>de l&nbsp;\u2018\u00e9difice castral<\/strong><strong>.<\/strong> Cela aura permis d\u2019amorcer un questionnement sur le syst\u00e8me d\u2019acc\u00e8s de cet \u00e9difice et de s\u2019interroger sur les raisons qui ont encourag\u00e9 de telles modifications. Les \u00e9tudes du mobilier et des donn\u00e9es r\u00e9colt\u00e9es se poursuivent actuellement en laboratoire. Elles seront l\u2019occasion <strong>d&rsquo;affiner nos connaissances d<\/strong><strong>e l\u2019\u00e9volution de ce site et de <\/strong><strong>s<\/strong><strong>es occupations<\/strong><strong>.<\/strong><\/p>\n","protected":false},"excerpt":{"rendered":"<p>Les fouilles arch\u00e9ologiques men\u00e9es \u00e0 Montrond-le-Ch\u00e2teau (25) ont \u00e9t\u00e9 r\u00e9alis\u00e9es par le bureau d\u2019\u00e9tudes \u00c9veha, dans le cadre du projet d\u2019am\u00e9nagement port\u00e9 par la Mairie. L\u2019\u00e9tude arch\u00e9ologique dirig\u00e9e par Marie-Aude Schittly \u00e0 \u00e9t\u00e9 effectu\u00e9e parall\u00e8lement aux travaux de stabilisation et de consolidation du ch\u00e2teau, envisag\u00e9s sur 5 ann\u00e9es (2023-2027) et effectu\u00e9s par l\u2019association API25. Les &hellip; <\/p>\n<p class=\"link-more\"><a href=\"https:\/\/www.eveha.fr\/index.php\/2024\/02\/23\/montrond-le-chateau-31-le-chateau\/\" class=\"more-link\">Continuer la lecture<span class=\"screen-reader-text\"> de &laquo;&nbsp;MONTROND-LE-CH\u00c2TEAU (25) \u2013 Le Ch\u00e2teau&nbsp;&raquo;<\/span><\/a><\/p>\n","protected":false},"author":8,"featured_media":5018,"comment_status":"closed","ping_status":"open","sticky":false,"template":"","format":"standard","meta":{"inline_featured_image":false,"footnotes":""},"categories":[1,9,8],"tags":[],"_links":{"self":[{"href":"https:\/\/www.eveha.fr\/index.php\/wp-json\/wp\/v2\/posts\/5014"}],"collection":[{"href":"https:\/\/www.eveha.fr\/index.php\/wp-json\/wp\/v2\/posts"}],"about":[{"href":"https:\/\/www.eveha.fr\/index.php\/wp-json\/wp\/v2\/types\/post"}],"author":[{"embeddable":true,"href":"https:\/\/www.eveha.fr\/index.php\/wp-json\/wp\/v2\/users\/8"}],"replies":[{"embeddable":true,"href":"https:\/\/www.eveha.fr\/index.php\/wp-json\/wp\/v2\/comments?post=5014"}],"version-history":[{"count":8,"href":"https:\/\/www.eveha.fr\/index.php\/wp-json\/wp\/v2\/posts\/5014\/revisions"}],"predecessor-version":[{"id":5393,"href":"https:\/\/www.eveha.fr\/index.php\/wp-json\/wp\/v2\/posts\/5014\/revisions\/5393"}],"wp:featuredmedia":[{"embeddable":true,"href":"https:\/\/www.eveha.fr\/index.php\/wp-json\/wp\/v2\/media\/5018"}],"wp:attachment":[{"href":"https:\/\/www.eveha.fr\/index.php\/wp-json\/wp\/v2\/media?parent=5014"}],"wp:term":[{"taxonomy":"category","embeddable":true,"href":"https:\/\/www.eveha.fr\/index.php\/wp-json\/wp\/v2\/categories?post=5014"},{"taxonomy":"post_tag","embeddable":true,"href":"https:\/\/www.eveha.fr\/index.php\/wp-json\/wp\/v2\/tags?post=5014"}],"curies":[{"name":"wp","href":"https:\/\/api.w.org\/{rel}","templated":true}]}}