{"id":5278,"date":"2024-03-07T16:14:24","date_gmt":"2024-03-07T15:14:24","guid":{"rendered":"https:\/\/www.eveha.fr\/?p=5278"},"modified":"2024-03-07T16:46:16","modified_gmt":"2024-03-07T15:46:16","slug":"romans-sur-isere-26-za-des-chasses","status":"publish","type":"post","link":"https:\/\/www.eveha.fr\/index.php\/2024\/03\/07\/romans-sur-isere-26-za-des-chasses\/","title":{"rendered":"ROMANS-SUR-IS\u00c8RE (26) &#8211; ZA des Chasses"},"content":{"rendered":"\n<p>Les fouilles arch\u00e9ologiques men\u00e9es sur le site de Romans-sur-Isere (26)&nbsp; &#8211;&nbsp; ZA des Chasses ont \u00e9t\u00e9 r\u00e9alis\u00e9es par le bureau d\u2019\u00e9tudes \u00c9veha sous la responsabilit\u00e9 de Gwena\u00eblle Grange dans le cadre du projet d\u2019am\u00e9nagement port\u00e9 par Valence Romans Agglo. Les investigations arch\u00e9ologiques ont permis de mettre au jour des vestiges dat\u00e9s<strong> du Moyen \u00c2ge \u00e0 l&rsquo;\u00e9poque contemporaine.<\/strong><\/p>\n\n\n\n<!--more-->\n\n\n\n<h4 class=\"wp-block-heading\">Le contexte de l&rsquo;intervention<\/h4>\n\n\n\n<p>L&#8217;emprise de fouille prescrite \u00e9tait divis\u00e9e en 3 secteurs s\u00e9par\u00e9s les uns des autres. Le premier, situ\u00e9  au centre et au sud de l&#8217;emprise du diagnostic, avait pour objectif de documenter les silos du plein Moyen \u00c2ge (10<sup>e<\/sup>-13<sup>e<\/sup> s.) d\u00e9couverts lors de ce dernier. Le second secteur, localis\u00e9 sur toute la bande centrale de l&#8217;emprise du diagnostic, devait r\u00e9pondre aux interrogations li\u00e9es \u00e0 la pr\u00e9sence d&rsquo;une \u00e9ventuelle voie de circulation antique et de ses foss\u00e9s bordiers. Enfin, le troisi\u00e8me secteur, situ\u00e9 dans l&rsquo;angle nord-est de l&#8217;emprise du diagnostic, concernait la potentielle occupation artisanale ou domestique du plein Moyen \u00c2ge (10<sup>e<\/sup>-13<sup>e<\/sup> s.).<\/p>\n\n\n\n<h4 class=\"wp-block-heading\">Secteur 1 : une zone d&rsquo;ensilage m\u00e9di\u00e9vale<\/h4>\n\n\n\n<p>Le secteur 1 a effectivement livr\u00e9 un petit ensemble de <strong>huit silos isol\u00e9s<\/strong>. Leurs couches sup\u00e9rieurs, comme celles inf\u00e9rieures, ont livr\u00e9 quelques tessons de c\u00e9ramiques grises confirmant <strong>une datation m\u00e9di\u00e9vale <\/strong>comprise entre le 10<sup>e<\/sup> et le 12<sup>e<\/sup> s. Le profil de ces silos correspond majoritairement \u00e0 des formes ferm\u00e9es : biconique, en cloche (Fig. 1), sph\u00e9rique (Fig. 2)\u2026, et plus rarement \u00e0 des formes ouvertes cylindriques. Leurs&nbsp;dimensions&nbsp;sont variables mais&nbsp;leur volume&nbsp;atteint toujours, <strong>au minimum, 1 m<sup>3<\/sup>. <\/strong>Ils&nbsp; se r\u00e9partissent globalement sur un axe nord-ouest\/sud-est. Suite \u00e0 leur abandon, ils ont \u00e9t\u00e9, dans leur grande majorit\u00e9,<strong> employ\u00e9s&nbsp;comme&nbsp;des fosses de&nbsp;d\u00e9potoir<\/strong>. Plusieurs couches de comblement interm\u00e9diaire se composent&nbsp;de pierres potentiellement issues de l&rsquo;\u00e9pierrement des champs environnants (Fig. 3). L&rsquo; analyse des pr\u00e9l\u00e8vements s\u00e9dimentaires (pal\u00e9oparasitologie, carpologie, recherche de battitures\u2026) apporteront plus d&rsquo;informations concernant leur fonction initiale et leur r\u00e9emploi. <\/p>\n\n\n\n<p>Notons par ailleurs la pr\u00e9sence dans ce secteur de foss\u00e9s et de fosses de plantation dat\u00e9s des p\u00e9riodes moderne (16<sup>e<\/sup>-18<sup>e<\/sup> s.) ou contemporaine (19<sup>e<\/sup>-21<sup>e<\/sup> s.).<\/p>\n\n\n\n<figure class=\"wp-block-image size-full\"><img decoding=\"async\" loading=\"lazy\" width=\"1024\" height=\"768\" src=\"https:\/\/www.eveha.fr\/wp-content\/uploads\/2024\/03\/Fig4.F1016-Gwenaelle-GRANGE.resized.jpg\" alt=\"\" class=\"wp-image-5337\" srcset=\"https:\/\/www.eveha.fr\/wp-content\/uploads\/2024\/03\/Fig4.F1016-Gwenaelle-GRANGE.resized.jpg 1024w, https:\/\/www.eveha.fr\/wp-content\/uploads\/2024\/03\/Fig4.F1016-Gwenaelle-GRANGE.resized-300x225.jpg 300w, https:\/\/www.eveha.fr\/wp-content\/uploads\/2024\/03\/Fig4.F1016-Gwenaelle-GRANGE.resized-768x576.jpg 768w\" sizes=\"(max-width: 767px) 89vw, (max-width: 1000px) 54vw, (max-width: 1071px) 543px, 580px\" \/><figcaption class=\"wp-element-caption\">Fig. 1 : Profil en cloche d&rsquo;un silo du secteur 1. Cr\u00e9dit : \u00c9veha, 2024.<\/figcaption><\/figure>\n\n\n\n<figure class=\"wp-block-image size-full\"><img decoding=\"async\" loading=\"lazy\" width=\"1024\" height=\"768\" src=\"https:\/\/www.eveha.fr\/wp-content\/uploads\/2024\/03\/Fig5.F1012-Gwenaelle-GRANGE.resized.jpg\" alt=\"\" class=\"wp-image-5338\" srcset=\"https:\/\/www.eveha.fr\/wp-content\/uploads\/2024\/03\/Fig5.F1012-Gwenaelle-GRANGE.resized.jpg 1024w, https:\/\/www.eveha.fr\/wp-content\/uploads\/2024\/03\/Fig5.F1012-Gwenaelle-GRANGE.resized-300x225.jpg 300w, https:\/\/www.eveha.fr\/wp-content\/uploads\/2024\/03\/Fig5.F1012-Gwenaelle-GRANGE.resized-768x576.jpg 768w\" sizes=\"(max-width: 767px) 89vw, (max-width: 1000px) 54vw, (max-width: 1071px) 543px, 580px\" \/><figcaption class=\"wp-element-caption\">Fig. 2 : Profil globulaire d&rsquo;un silo du secteur 1. Cr\u00e9dit : \u00c9veha, 2024.<\/figcaption><\/figure>\n\n\n\n<figure class=\"wp-block-image size-full\"><img decoding=\"async\" loading=\"lazy\" width=\"1024\" height=\"768\" src=\"https:\/\/www.eveha.fr\/wp-content\/uploads\/2024\/03\/Fig6.F1017-P1000430-Gwenaelle-GRANGE.resized.jpg\" alt=\"\" class=\"wp-image-5339\" srcset=\"https:\/\/www.eveha.fr\/wp-content\/uploads\/2024\/03\/Fig6.F1017-P1000430-Gwenaelle-GRANGE.resized.jpg 1024w, https:\/\/www.eveha.fr\/wp-content\/uploads\/2024\/03\/Fig6.F1017-P1000430-Gwenaelle-GRANGE.resized-300x225.jpg 300w, https:\/\/www.eveha.fr\/wp-content\/uploads\/2024\/03\/Fig6.F1017-P1000430-Gwenaelle-GRANGE.resized-768x576.jpg 768w\" sizes=\"(max-width: 767px) 89vw, (max-width: 1000px) 54vw, (max-width: 1071px) 543px, 580px\" \/><figcaption class=\"wp-element-caption\">Fig. 3 : Comblement interm\u00e9diaire d&rsquo;un silo du secteur 1 compos\u00e9 de blocs de pierre. Cr\u00e9dit : \u00c9veha, 2024.<\/figcaption><\/figure>\n\n\n\n<h4 class=\"wp-block-heading\">Secteur 3 : une seconde zone d&rsquo;ensilage m\u00e9di\u00e9vale<\/h4>\n\n\n\n<p>Le secteur 3 n&rsquo;a pas livr\u00e9 d&rsquo;indice d&rsquo;occupation artisanale ou domestique, comme suppos\u00e9 lors du diagnostic, mais <strong>un petit ensemble de neuf silos m\u00e9di\u00e9vaux isol\u00e9s<\/strong>. Les tessons de c\u00e9ramique grise, livr\u00e9s par ces derniers, rel\u00e8vent de la m\u00eame phase chronologique que celle constat\u00e9e dans le secteur 1 (10<sup>e<\/sup>-12<sup>e<\/sup> .). Les profils des silos sont ouverts. Les formes cylindriques pr\u00e9dominent avec une volum\u00e9trie nettement sup\u00e9rieure \u00e0 1 m\u00b3 (Fig.4). Ils se r\u00e9partissent lin\u00e9airement sur un axe nord\/sud. Apr\u00e8s leur abandon, certains ont servi de fosse\u00a0d&rsquo;\u00e9pierrement et\/ou\u00a0de d\u00e9potoir, l&rsquo;un d&rsquo;eux a d&rsquo;ailleurs livr\u00e9 le squelette en connexion\u00a0d&rsquo;un\u00a0caprin\u00e9 immature (Fig.5). L&rsquo;analyse des pr\u00e9l\u00e8vements effectu\u00e9s dans\u00a0ces\u00a0silos apportera\u00a0des indices suppl\u00e9mentaires au sujet de leurs fonctions initiale\u00a0et secondaire. <\/p>\n\n\n\n<p>Les foss\u00e9s et les fosses de plantation d\u00e9couverts dans ce secteur sont des \u00e9poques moderne (16<sup>e<\/sup>-18<sup>e<\/sup> s.) ou contemporaine (19<sup>e<\/sup>-21<sup>e<\/sup> s.).<\/p>\n\n\n\n<figure class=\"wp-block-image size-full\"><img decoding=\"async\" loading=\"lazy\" width=\"768\" height=\"1024\" src=\"https:\/\/www.eveha.fr\/wp-content\/uploads\/2024\/03\/Fig7.F3010-Gwenaelle-GRANGE.resized-rotated.jpg\" alt=\"\" class=\"wp-image-5340\" srcset=\"https:\/\/www.eveha.fr\/wp-content\/uploads\/2024\/03\/Fig7.F3010-Gwenaelle-GRANGE.resized-rotated.jpg 768w, https:\/\/www.eveha.fr\/wp-content\/uploads\/2024\/03\/Fig7.F3010-Gwenaelle-GRANGE.resized-225x300.jpg 225w\" sizes=\"(max-width: 767px) 89vw, (max-width: 1000px) 54vw, (max-width: 1071px) 543px, 580px\" \/><figcaption class=\"wp-element-caption\">Fig. 4 : Profil cylindrique d&rsquo;un silo du secteur 3. Cr\u00e9dit : \u00c9veha, 2024.<\/figcaption><\/figure>\n\n\n\n<figure class=\"wp-block-image size-full\"><img decoding=\"async\" loading=\"lazy\" width=\"1024\" height=\"768\" src=\"https:\/\/www.eveha.fr\/wp-content\/uploads\/2024\/03\/Fig8.F3009-Gwenaelle-GRANGE.resized.jpg\" alt=\"\" class=\"wp-image-5341\" srcset=\"https:\/\/www.eveha.fr\/wp-content\/uploads\/2024\/03\/Fig8.F3009-Gwenaelle-GRANGE.resized.jpg 1024w, https:\/\/www.eveha.fr\/wp-content\/uploads\/2024\/03\/Fig8.F3009-Gwenaelle-GRANGE.resized-300x225.jpg 300w, https:\/\/www.eveha.fr\/wp-content\/uploads\/2024\/03\/Fig8.F3009-Gwenaelle-GRANGE.resized-768x576.jpg 768w\" sizes=\"(max-width: 767px) 89vw, (max-width: 1000px) 54vw, (max-width: 1071px) 543px, 580px\" \/><figcaption class=\"wp-element-caption\">Fig. 5 : Rejet d&rsquo;un jeune caprin\u00e9 retrouv\u00e9 en connexion dans le comblement inf\u00e9rieur d&rsquo;un silo du secteur 3. Cr\u00e9dit : \u00c9veha, 2024.<\/figcaption><\/figure>\n\n\n\n<h4 class=\"wp-block-heading\">Secteur 2 : une zone humide assainie \u00e0 l&rsquo;\u00e9poque contemporaine ? <\/h4>\n\n\n\n<p>Le secteur 2 n&rsquo;a pas livr\u00e9 de voie de circulation de la p\u00e9riode antique, comme suppos\u00e9 d&rsquo;apr\u00e8s le niveau empierr\u00e9 d\u00e9tect\u00e9 lors du diagnostic, mais <strong>les restes d&rsquo;un niveau d&rsquo;assainissement d&rsquo;une zone particuli\u00e8rement humide <\/strong>(Fig.6). Cet am\u00e9nagement s&rsquo;explique par la pr\u00e9sence d&rsquo;une d\u00e9pression dans la terrasse w\u00fcrmienne sous-jacente. Cette derni\u00e8re a favoris\u00e9 le d\u00e9p\u00f4t et la conservation d&rsquo;une couche particuli\u00e8rement argileuse retenant l&rsquo;humidit\u00e9. Le mobilier issu du niveau empierr\u00e9 rel\u00e8ve de l&rsquo;\u00e9poque contemporaine (19<sup>e<\/sup>-21<sup>e<\/sup> s.). Cet assainissement est coup\u00e9 par les foss\u00e9s bordiers qui rel\u00e8vent approximativement de la m\u00eame p\u00e9riode. Ces derniers ont livr\u00e9 quelques tuiles antiques mais elles sont r\u00e9siduelles et associ\u00e9es \u00e0 du mobilier contemporain. Les foss\u00e9s ont \u00e9t\u00e9 cur\u00e9s plusieurs fois et leur am\u00e9nagement sugg\u00e8re qu&rsquo;ils avaient une fonction drainante (Fig.7). <\/p>\n\n\n\n<p>Enfin, les fosses de plantation, qui se r\u00e9partissent r\u00e9guli\u00e8rement sur le secteur 2, appartiennent probablement \u00e0 la p\u00e9riode contemporaine. Les pr\u00e9l\u00e8vements de charbon effectu\u00e9s \u00e0 l&rsquo;int\u00e9rieur permettront de pr\u00e9ciser leur datation.<\/p>\n\n\n\n<figure class=\"wp-block-image size-full\"><img decoding=\"async\" loading=\"lazy\" width=\"1024\" height=\"768\" src=\"https:\/\/www.eveha.fr\/wp-content\/uploads\/2024\/03\/Fig9.F2001-Gwenaelle-GRANGE.resized.jpg\" alt=\"\" class=\"wp-image-5342\" srcset=\"https:\/\/www.eveha.fr\/wp-content\/uploads\/2024\/03\/Fig9.F2001-Gwenaelle-GRANGE.resized.jpg 1024w, https:\/\/www.eveha.fr\/wp-content\/uploads\/2024\/03\/Fig9.F2001-Gwenaelle-GRANGE.resized-300x225.jpg 300w, https:\/\/www.eveha.fr\/wp-content\/uploads\/2024\/03\/Fig9.F2001-Gwenaelle-GRANGE.resized-768x576.jpg 768w\" sizes=\"(max-width: 767px) 89vw, (max-width: 1000px) 54vw, (max-width: 1071px) 543px, 580px\" \/><figcaption class=\"wp-element-caption\">Fig. 6 : Fen\u00eatre nettoy\u00e9e du niveau de circulation empierr\u00e9 dans le secteur 2. Cr\u00e9dit : \u00c9veha, 2024.<\/figcaption><\/figure>\n\n\n\n<figure class=\"wp-block-image size-full\"><img decoding=\"async\" loading=\"lazy\" width=\"1024\" height=\"768\" src=\"https:\/\/www.eveha.fr\/wp-content\/uploads\/2024\/03\/Fig10.P1010446-Gwenaelle-GRANGE.resized.jpg\" alt=\"\" class=\"wp-image-5343\" srcset=\"https:\/\/www.eveha.fr\/wp-content\/uploads\/2024\/03\/Fig10.P1010446-Gwenaelle-GRANGE.resized.jpg 1024w, https:\/\/www.eveha.fr\/wp-content\/uploads\/2024\/03\/Fig10.P1010446-Gwenaelle-GRANGE.resized-300x225.jpg 300w, https:\/\/www.eveha.fr\/wp-content\/uploads\/2024\/03\/Fig10.P1010446-Gwenaelle-GRANGE.resized-768x576.jpg 768w\" sizes=\"(max-width: 767px) 89vw, (max-width: 1000px) 54vw, (max-width: 1071px) 543px, 580px\" \/><figcaption class=\"wp-element-caption\">Fig. 7 : Comblement empierr\u00e9 du foss\u00e9 F 2003, assurant sa fonction drainante. Cr\u00e9dit :  \u00c9veha, 2024.<\/figcaption><\/figure>\n\n\n\n<h4 class=\"wp-block-heading\"><strong>Recherches \u00e0 venir<\/strong><\/h4>\n\n\n\n<p>Les recherches se poursuivent d\u00e9sormais en laboratoire. Elles s&rsquo;attacheront plus particuli\u00e8rement \u00e0 mieux cerner le fonctionnement de ces silos, leur int\u00e9gration dans l&rsquo;occupation du sol et dans le syst\u00e8me de production agricole m\u00e9di\u00e9vale. Le mobilier arch\u00e9ologique issu de l&rsquo;abandon de ces silos (c\u00e9ramique, TCA, reste de faune&#8230;) apporteront, par ailleurs, des indices sur le mode de vie de la population qui a cr\u00e9\u00e9 et g\u00e9r\u00e9 ces silos.<\/p>\n","protected":false},"excerpt":{"rendered":"<p>Les fouilles arch\u00e9ologiques men\u00e9es sur le site de Romans-sur-Isere (26)&nbsp; &#8211;&nbsp; ZA des Chasses ont \u00e9t\u00e9 r\u00e9alis\u00e9es par le bureau d\u2019\u00e9tudes \u00c9veha sous la responsabilit\u00e9 de Gwena\u00eblle Grange dans le cadre du projet d\u2019am\u00e9nagement port\u00e9 par Valence Romans Agglo. Les investigations arch\u00e9ologiques ont permis de mettre au jour des vestiges dat\u00e9s du Moyen \u00c2ge \u00e0 &hellip; <\/p>\n<p class=\"link-more\"><a href=\"https:\/\/www.eveha.fr\/index.php\/2024\/03\/07\/romans-sur-isere-26-za-des-chasses\/\" class=\"more-link\">Continuer la lecture<span class=\"screen-reader-text\"> de &laquo;&nbsp;ROMANS-SUR-IS\u00c8RE (26) &#8211; ZA des Chasses&nbsp;&raquo;<\/span><\/a><\/p>\n","protected":false},"author":15,"featured_media":5387,"comment_status":"closed","ping_status":"open","sticky":false,"template":"","format":"standard","meta":{"inline_featured_image":false,"footnotes":""},"categories":[1,10,9,8],"tags":[],"_links":{"self":[{"href":"https:\/\/www.eveha.fr\/index.php\/wp-json\/wp\/v2\/posts\/5278"}],"collection":[{"href":"https:\/\/www.eveha.fr\/index.php\/wp-json\/wp\/v2\/posts"}],"about":[{"href":"https:\/\/www.eveha.fr\/index.php\/wp-json\/wp\/v2\/types\/post"}],"author":[{"embeddable":true,"href":"https:\/\/www.eveha.fr\/index.php\/wp-json\/wp\/v2\/users\/15"}],"replies":[{"embeddable":true,"href":"https:\/\/www.eveha.fr\/index.php\/wp-json\/wp\/v2\/comments?post=5278"}],"version-history":[{"count":8,"href":"https:\/\/www.eveha.fr\/index.php\/wp-json\/wp\/v2\/posts\/5278\/revisions"}],"predecessor-version":[{"id":5389,"href":"https:\/\/www.eveha.fr\/index.php\/wp-json\/wp\/v2\/posts\/5278\/revisions\/5389"}],"wp:featuredmedia":[{"embeddable":true,"href":"https:\/\/www.eveha.fr\/index.php\/wp-json\/wp\/v2\/media\/5387"}],"wp:attachment":[{"href":"https:\/\/www.eveha.fr\/index.php\/wp-json\/wp\/v2\/media?parent=5278"}],"wp:term":[{"taxonomy":"category","embeddable":true,"href":"https:\/\/www.eveha.fr\/index.php\/wp-json\/wp\/v2\/categories?post=5278"},{"taxonomy":"post_tag","embeddable":true,"href":"https:\/\/www.eveha.fr\/index.php\/wp-json\/wp\/v2\/tags?post=5278"}],"curies":[{"name":"wp","href":"https:\/\/api.w.org\/{rel}","templated":true}]}}