{"id":6300,"date":"2024-07-01T14:47:55","date_gmt":"2024-07-01T12:47:55","guid":{"rendered":"https:\/\/www.eveha.fr\/?p=6300"},"modified":"2024-07-19T09:45:57","modified_gmt":"2024-07-19T07:45:57","slug":"la-baule-escoublac-44-21-route-du-parc-neuf","status":"publish","type":"post","link":"https:\/\/www.eveha.fr\/index.php\/2024\/07\/01\/la-baule-escoublac-44-21-route-du-parc-neuf\/","title":{"rendered":"LA BAULE-ESCOUBLAC (44) &#8211; 21, route du Parc Neuf"},"content":{"rendered":"\n<p>Les fouilles men\u00e9es sur le site de La Baule-Escoublac, route du Parc Neuf ont \u00e9t\u00e9 r\u00e9alis\u00e9es par le bureau d&rsquo;\u00e9tudes \u00c9veha sous la responsabilit\u00e9 de Sarah Soufi dans le cadre du projet d&rsquo;am\u00e9nagement de lotissements de la SCCV Le Park La Baule. Les investigations arch\u00e9ologiques ont permis de mettre au jour<strong> plusieurs enclos fossoy\u00e9s et un chemin creux datant de la fin de la Protohistoire et de l\u2019Antiquit\u00e9 (2e av. J.-C.- 3e ap. J.-C.)<\/strong>.<\/p>\n\n\n\n<!--more-->\n\n\n\n<h4 class=\"wp-block-heading\">Deux enclos protohistoriques<\/h4>\n\n\n\n<p>Au sud du chemin viennent s\u2019installer <strong>deux enclos potentiellement protohistoriques<\/strong>. <br>Un petit enclos carr\u00e9 (environ 50 m\u00b2, Fig. 1) a livr\u00e9 un vase miniature \u00e0 fond plat grossi\u00e8rement model\u00e9. La forme de son foss\u00e9 (1,5 m de large \u00e0 l\u2019ouverture), avec un <strong>profil en V<\/strong>, oriente vers une datation protohistorique, \u00e0 confirmer lors de la post-fouille. Toutefois, une occupation antique (remblai&nbsp;? sol&nbsp;?) vient sceller les foss\u00e9s de cet enclos. <br><strong>Un puits antique <\/strong>(Fig. 2) vient \u00e9galement couper le foss\u00e9 sud.<\/p>\n\n\n\n<figure class=\"wp-block-image size-large\"><img decoding=\"async\" loading=\"lazy\" width=\"1024\" height=\"768\" src=\"https:\/\/www.eveha.fr\/wp-content\/uploads\/2024\/06\/Fig1-Sarah-Soufi.resized.jpg\" alt=\"\" class=\"wp-image-6303\" srcset=\"https:\/\/www.eveha.fr\/wp-content\/uploads\/2024\/06\/Fig1-Sarah-Soufi.resized.jpg 1024w, https:\/\/www.eveha.fr\/wp-content\/uploads\/2024\/06\/Fig1-Sarah-Soufi.resized-300x225.jpg 300w, https:\/\/www.eveha.fr\/wp-content\/uploads\/2024\/06\/Fig1-Sarah-Soufi.resized-768x576.jpg 768w\" sizes=\"(max-width: 767px) 89vw, (max-width: 1000px) 54vw, (max-width: 1071px) 543px, 580px\" \/><figcaption class=\"wp-element-caption\"><br><em><em>Fig. 1 : Foss\u00e9 du petit enclos carr\u00e9. Cr\u00e9dit : \u00c9veha 2024<\/em><\/em><\/figcaption><\/figure>\n\n\n\n<figure class=\"wp-block-image size-large\"><img decoding=\"async\" loading=\"lazy\" width=\"894\" height=\"768\" src=\"https:\/\/www.eveha.fr\/wp-content\/uploads\/2024\/06\/Fig.2-Sarah-Soufi.resized.png\" alt=\"\" class=\"wp-image-6305\" srcset=\"https:\/\/www.eveha.fr\/wp-content\/uploads\/2024\/06\/Fig.2-Sarah-Soufi.resized.png 894w, https:\/\/www.eveha.fr\/wp-content\/uploads\/2024\/06\/Fig.2-Sarah-Soufi.resized-300x258.png 300w, https:\/\/www.eveha.fr\/wp-content\/uploads\/2024\/06\/Fig.2-Sarah-Soufi.resized-768x660.png 768w\" sizes=\"(max-width: 767px) 89vw, (max-width: 1000px) 54vw, (max-width: 1071px) 543px, 580px\" \/><figcaption class=\"wp-element-caption\"><br><em>Fig. 2 : Puits antique. Cr\u00e9dit : \u00c9veha 2024<\/em><\/figcaption><\/figure>\n\n\n\n<p><strong>Le second enclos<\/strong> (Fig. 3), \u00e0 l\u2019angle sud-est, pr\u00e9sente des foss\u00e9s avec des profils en V beaucoup plus larges (environ 2,80 m \u00e0 l\u2019ouverture). Du mat\u00e9riel antique a \u00e9t\u00e9 d\u00e9couvert en surface. Les pr\u00e9l\u00e8vements effectu\u00e9s lors de la fouille sont en cours de traitement, afin de pouvoir affiner la datation. D\u2019autres foss\u00e9s et structures compl\u00e8tent ce plan, dont les fonctions et datations se pr\u00e9ciseront lors de la post-fouille.<\/p>\n\n\n\n<figure class=\"wp-block-image size-large\"><img decoding=\"async\" loading=\"lazy\" width=\"1024\" height=\"768\" src=\"https:\/\/www.eveha.fr\/wp-content\/uploads\/2024\/06\/Fig.3-Sarah-Soufi.resized.jpg\" alt=\"\" class=\"wp-image-6302\" srcset=\"https:\/\/www.eveha.fr\/wp-content\/uploads\/2024\/06\/Fig.3-Sarah-Soufi.resized.jpg 1024w, https:\/\/www.eveha.fr\/wp-content\/uploads\/2024\/06\/Fig.3-Sarah-Soufi.resized-300x225.jpg 300w, https:\/\/www.eveha.fr\/wp-content\/uploads\/2024\/06\/Fig.3-Sarah-Soufi.resized-768x576.jpg 768w\" sizes=\"(max-width: 767px) 89vw, (max-width: 1000px) 54vw, (max-width: 1071px) 543px, 580px\" \/><figcaption class=\"wp-element-caption\"><br><em>Fig. 3 : Foss\u00e9 du grand enclos. Cr\u00e9dit : \u00c9veha 2024<\/em><\/figcaption><\/figure>\n\n\n\n<h4 class=\"wp-block-heading\">Un enclos datant de l&rsquo;Antiquit\u00e9<\/h4>\n\n\n\n<p><strong>Un enclos antique d\u2019environ 650 m\u00b2<\/strong>, orient\u00e9 sud-ouest\u2013nord-est, a \u00e9t\u00e9 d\u00e9couvert. <br>Son entr\u00e9e est situ\u00e9e \u00e0 l\u2019ouest. Partiellement d\u00e9truit \u00e0 l\u2019est par une fosse d\u2019enfouissement contemporaine, il est \u00e9galement recoup\u00e9 par <strong>un chemin creux<\/strong> de m\u00eame orientation. <br>\u00c0 l\u2019int\u00e9rieur, les plans de <strong>trois b\u00e2timents sur poteaux <\/strong>ont pu \u00eatre restitu\u00e9s&nbsp;: au sud, un premier b\u00e2timent sur six poteaux d\u2019environ 11 m\u00b2 (Fig. 4), \u00e0 l\u2019ouest, un second de 12 m\u00b2, probablement sur six poteaux compl\u00e9t\u00e9s par deux centraux. Enfin, imm\u00e9diatement \u00e0 l\u2019est, <strong>une structure sur trois gros poteaux<\/strong> dont la datation et la fonction restent ind\u00e9termin\u00e9es pour le moment. <strong>Une concentration de scories<\/strong> (culot de forge) a \u00e9t\u00e9 constat\u00e9e en particulier dans le foss\u00e9 sud de l\u2019enclos.<\/p>\n\n\n\n<figure class=\"wp-block-image size-large\"><img decoding=\"async\" loading=\"lazy\" width=\"1024\" height=\"768\" src=\"https:\/\/www.eveha.fr\/wp-content\/uploads\/2024\/06\/Fig4-Sarah-Soufi.resized.jpg\" alt=\"\" class=\"wp-image-6304\" srcset=\"https:\/\/www.eveha.fr\/wp-content\/uploads\/2024\/06\/Fig4-Sarah-Soufi.resized.jpg 1024w, https:\/\/www.eveha.fr\/wp-content\/uploads\/2024\/06\/Fig4-Sarah-Soufi.resized-300x225.jpg 300w, https:\/\/www.eveha.fr\/wp-content\/uploads\/2024\/06\/Fig4-Sarah-Soufi.resized-768x576.jpg 768w\" sizes=\"(max-width: 767px) 89vw, (max-width: 1000px) 54vw, (max-width: 1071px) 543px, 580px\" \/><figcaption class=\"wp-element-caption\"><br><em>Fig. 4 : B\u00e2timent sur six poteaux \u00e0 l&rsquo;int\u00e9rieur de l&rsquo;enclos antique. Cr\u00e9dit : \u00c9veha 2023<\/em><\/figcaption><\/figure>\n\n\n\n<h4 class=\"wp-block-heading\">Un chemin creux <\/h4>\n\n\n\n<p>Un autre foss\u00e9, \u00e0 l\u2019instar de l&rsquo;enclos antique, est partiellement recoup\u00e9 par le chemin. Cependant, son trac\u00e9 est observable en dessous, prenant la direction du sud-ouest : il est alors possible d\u2019imaginer un plan et une orientation semblables au premier enclos, un espace de circulation ayant tr\u00e8s bien pu exister entre les deux.<\/p>\n\n\n\n<p><strong>Le chemin creux<\/strong> (Fig. 5) pr\u00e9sente quant \u00e0 lui des orni\u00e8res et son trac\u00e9 change avec le temps. S\u2019il a pu fonctionner avec l\u2019enclos antique, il finit par le couper sur sa partie est. <br>Le mobilier retrouv\u00e9 est principalement constitu\u00e9 de<strong> c\u00e9ramiques antiques<\/strong>, mais aussi de scories, ayant probablement servi de recharges. Deux foss\u00e9s de part et d\u2019autre de ce chemin ont \u00e9t\u00e9 identifi\u00e9s. Celui plus \u00e0 l\u2019ouest suit le trac\u00e9 du chemin avant de continuer vers l\u2019ouest. Il se fait recouper par l\u2019enclos qui vient donc s\u2019installer apr\u00e8s. Au sud de la premi\u00e8re emprise, des orni\u00e8res partent \u00e9galement vers l\u2019ouest et vers l\u2019est, sugg\u00e9rant <strong>un probable carrefour.<\/strong><\/p>\n\n\n\n<figure class=\"wp-block-image size-large\"><img decoding=\"async\" loading=\"lazy\" width=\"1024\" height=\"768\" src=\"https:\/\/www.eveha.fr\/wp-content\/uploads\/2024\/06\/Fig.5-Sarah-Soufi.resized.jpg\" alt=\"\" class=\"wp-image-6301\" srcset=\"https:\/\/www.eveha.fr\/wp-content\/uploads\/2024\/06\/Fig.5-Sarah-Soufi.resized.jpg 1024w, https:\/\/www.eveha.fr\/wp-content\/uploads\/2024\/06\/Fig.5-Sarah-Soufi.resized-300x225.jpg 300w, https:\/\/www.eveha.fr\/wp-content\/uploads\/2024\/06\/Fig.5-Sarah-Soufi.resized-768x576.jpg 768w\" sizes=\"(max-width: 767px) 89vw, (max-width: 1000px) 54vw, (max-width: 1071px) 543px, 580px\" \/><figcaption class=\"wp-element-caption\"><br><em>Fig. 5 : Chemin creux. Cr\u00e9dit : \u00c9veha 2023<\/em><\/figcaption><\/figure>\n\n\n\n<p>\u00c0 noter que le chemin creux se poursuit vers le sud, sous le trac\u00e9 de la route actuelle de Quesquello. Une autre fouille a eu lieu \u00e0 250 m au sud : les vestiges d\u2019une occupation gauloise ont \u00e9t\u00e9 mis au jour le long d\u2019un chemin orient\u00e9 est-ouest et les structures gauloises s\u2019arr\u00eatant au bord de la route actuelle laissent penser \u00e0 un croisement. <br>Les d\u00e9couvertes du site de La Baule-Escoublac sont donc \u00e0 mettre en lien avec ce site.<\/p>\n\n\n\n<figure class=\"wp-block-image size-large\"><img decoding=\"async\" loading=\"lazy\" width=\"724\" height=\"1024\" src=\"https:\/\/www.eveha.fr\/wp-content\/uploads\/2024\/07\/Plan_LaBaule-724x1024.jpg\" alt=\"\" class=\"wp-image-6546\" srcset=\"https:\/\/www.eveha.fr\/wp-content\/uploads\/2024\/07\/Plan_LaBaule-724x1024.jpg 724w, https:\/\/www.eveha.fr\/wp-content\/uploads\/2024\/07\/Plan_LaBaule-212x300.jpg 212w, https:\/\/www.eveha.fr\/wp-content\/uploads\/2024\/07\/Plan_LaBaule-768x1086.jpg 768w, https:\/\/www.eveha.fr\/wp-content\/uploads\/2024\/07\/Plan_LaBaule-1086x1536.jpg 1086w, https:\/\/www.eveha.fr\/wp-content\/uploads\/2024\/07\/Plan_LaBaule-1448x2048.jpg 1448w, https:\/\/www.eveha.fr\/wp-content\/uploads\/2024\/07\/Plan_LaBaule-scaled.jpg 1810w\" sizes=\"(max-width: 724px) 100vw, 724px\" \/><\/figure>\n","protected":false},"excerpt":{"rendered":"<p>Les fouilles men\u00e9es sur le site de La Baule-Escoublac, route du Parc Neuf ont \u00e9t\u00e9 r\u00e9alis\u00e9es par le bureau d&rsquo;\u00e9tudes \u00c9veha sous la responsabilit\u00e9 de Sarah Soufi dans le cadre du projet d&rsquo;am\u00e9nagement de lotissements de la SCCV Le Park La Baule. Les investigations arch\u00e9ologiques ont permis de mettre au jour plusieurs enclos fossoy\u00e9s et &hellip; <\/p>\n<p class=\"link-more\"><a href=\"https:\/\/www.eveha.fr\/index.php\/2024\/07\/01\/la-baule-escoublac-44-21-route-du-parc-neuf\/\" class=\"more-link\">Continuer la lecture<span class=\"screen-reader-text\"> de &laquo;&nbsp;LA BAULE-ESCOUBLAC (44) &#8211; 21, route du Parc Neuf&nbsp;&raquo;<\/span><\/a><\/p>\n","protected":false},"author":7,"featured_media":6386,"comment_status":"closed","ping_status":"open","sticky":false,"template":"","format":"standard","meta":{"inline_featured_image":false,"footnotes":""},"categories":[6,5],"tags":[],"_links":{"self":[{"href":"https:\/\/www.eveha.fr\/index.php\/wp-json\/wp\/v2\/posts\/6300"}],"collection":[{"href":"https:\/\/www.eveha.fr\/index.php\/wp-json\/wp\/v2\/posts"}],"about":[{"href":"https:\/\/www.eveha.fr\/index.php\/wp-json\/wp\/v2\/types\/post"}],"author":[{"embeddable":true,"href":"https:\/\/www.eveha.fr\/index.php\/wp-json\/wp\/v2\/users\/7"}],"replies":[{"embeddable":true,"href":"https:\/\/www.eveha.fr\/index.php\/wp-json\/wp\/v2\/comments?post=6300"}],"version-history":[{"count":15,"href":"https:\/\/www.eveha.fr\/index.php\/wp-json\/wp\/v2\/posts\/6300\/revisions"}],"predecessor-version":[{"id":6589,"href":"https:\/\/www.eveha.fr\/index.php\/wp-json\/wp\/v2\/posts\/6300\/revisions\/6589"}],"wp:featuredmedia":[{"embeddable":true,"href":"https:\/\/www.eveha.fr\/index.php\/wp-json\/wp\/v2\/media\/6386"}],"wp:attachment":[{"href":"https:\/\/www.eveha.fr\/index.php\/wp-json\/wp\/v2\/media?parent=6300"}],"wp:term":[{"taxonomy":"category","embeddable":true,"href":"https:\/\/www.eveha.fr\/index.php\/wp-json\/wp\/v2\/categories?post=6300"},{"taxonomy":"post_tag","embeddable":true,"href":"https:\/\/www.eveha.fr\/index.php\/wp-json\/wp\/v2\/tags?post=6300"}],"curies":[{"name":"wp","href":"https:\/\/api.w.org\/{rel}","templated":true}]}}