{"id":6346,"date":"2024-07-01T10:00:51","date_gmt":"2024-07-01T08:00:51","guid":{"rendered":"https:\/\/www.eveha.fr\/?p=6346"},"modified":"2024-07-01T10:00:51","modified_gmt":"2024-07-01T08:00:51","slug":"valence-26-place-louis-le-cardonnel","status":"publish","type":"post","link":"https:\/\/www.eveha.fr\/index.php\/2024\/07\/01\/valence-26-place-louis-le-cardonnel\/","title":{"rendered":"VALENCE (26) \u2013 Place Louis le Cardonnel"},"content":{"rendered":"\n<p>Des fouilles arch\u00e9ologiques ont \u00e9t\u00e9 men\u00e9es \u00e0 Valence (26) dans la partie nord-est de la ville antique, au 4 place Louis le Cardonnel, en vue de la construction d\u2019un EHPAD. Elles se sont d\u00e9roul\u00e9es en deux phases, dirig\u00e9es d\u2019une part par Yannick Teyssonneyre  pour la tranche ferme et d\u2019autre part par Isabelle Bouchez  pour la tranche conditionnelle. <strong>Sept \u00e9tats d\u2019occupation <\/strong>se d\u00e9veloppent<strong> entre l\u2019\u00e9poque tardo-r\u00e9publicaine (50-30 av. J.-C.) et l\u2019\u00e9poque contemporaine.<\/strong><\/p>\n\n\n\n<h4 class=\"wp-block-heading\">L&rsquo;Antiquit\u00e9 et sa riche <em>domus<\/em><\/h4>\n\n\n\n<p>Les premiers vestiges concordent avec l\u2019<strong>installation de la colonie de <em>Valentia<\/em> dans les ann\u00e9es 50-30 av. J.-C.<\/strong> Ils se constituent de <strong>b\u00e2timents domestiques<\/strong> construits en terre et bois associ\u00e9s \u00e0 des fosses de d\u00e9chets. Leur d\u00e9molition semble avoir \u00e9t\u00e9 caus\u00e9e par un incendie comme le montre une \u00e9paisse couche rouge\u00e2tre m\u00ealant briques de terre crue br\u00fbl\u00e9es et charbons.<\/p>\n\n\n\n<p><strong>Une large voie est-ouest en galets bord\u00e9e de trottoirs <\/strong>aurait \u00e9t\u00e9 emprunt\u00e9e<strong> du 1<sup>er<\/sup> au 4<sup>e<\/sup> s. ap. J.-C. <\/strong>Un syst\u00e8me de canalisations en tuiles plates m\u00e8ne \u00e0 un bassin de r\u00e9cup\u00e9ration rectangulaire profond\u00e9ment fond\u00e9 dans la voie. Au nord de la voie ont \u00e9t\u00e9 retrouv\u00e9s les restes d\u2019une <em><strong>domus<\/strong><\/em> plusieurs fois restructur\u00e9e au cours du Haut-Empire. Contre elle, un premier <strong>portique en bois<\/strong> peut \u00eatre restitu\u00e9, remplac\u00e9 <strong>plus tard par un portique ma\u00e7onn\u00e9<\/strong> avec des colonnes en quart-de-rond. D\u2019autre part, <strong>un hypocauste avec ses pilettes<\/strong> (syst\u00e8me de chauffage par le sol) et son <em><strong>praefurnium<\/strong><\/em> (chambre de chauffe) ont \u00e9t\u00e9 exhum\u00e9s. \u00c0 l\u2019est, l\u2019\u00eelot antique se compose d\u2019au moins <strong>quatre pi\u00e8ces <\/strong>qui pourraient dater du changement d\u2019\u00e8re<strong> (fin 1<sup>er<\/sup> s. av.-d\u00e9but 1<sup>er<\/sup> s. ap. J.-C.). <\/strong>Des<strong> restructurations de l\u2019habitat<\/strong> sont mises en \u00e9vidence<strong> jusqu\u2019\u00e0 l\u2019Antiquit\u00e9 tardive (3<sup>e<\/sup>-5<sup>e<\/sup> s. ap. J.-C.) <\/strong>avec notamment le rehaussement des niveaux de sol \u00e0 l\u2019aide d\u2019un<strong> <em>terrazzo<\/em> (sol de b\u00e9ton romain) au 3<sup>e<\/sup> s. <\/strong>Dans l\u2019\u00eelot est, a aussi \u00e9t\u00e9 mise au jour une nouvelle occupation plus modeste, constitu\u00e9e <strong>de lieux de stockage domestiques<\/strong> comme en t\u00e9moignent <strong>les restes d\u2019amphores \u00e0 huile et de <em>dolia<\/em> <\/strong>(grands vases de stockage) remploy\u00e9s et enterr\u00e9s.<\/p>\n\n\n\n<figure class=\"wp-block-image size-full\"><img decoding=\"async\" loading=\"lazy\" width=\"785\" height=\"768\" src=\"https:\/\/www.eveha.fr\/wp-content\/uploads\/2024\/06\/Figure2.resized.jpg\" alt=\"\" class=\"wp-image-6351\" srcset=\"https:\/\/www.eveha.fr\/wp-content\/uploads\/2024\/06\/Figure2.resized.jpg 785w, https:\/\/www.eveha.fr\/wp-content\/uploads\/2024\/06\/Figure2.resized-300x294.jpg 300w, https:\/\/www.eveha.fr\/wp-content\/uploads\/2024\/06\/Figure2.resized-768x751.jpg 768w\" sizes=\"(max-width: 767px) 89vw, (max-width: 1000px) 54vw, (max-width: 1071px) 543px, 580px\" \/><figcaption class=\"wp-element-caption\"><em>Fig. 1 : bassin ou citerne<\/em>.<em> Cr\u00e9dit : \u00c9veha 2023.<\/em><\/figcaption><\/figure>\n\n\n\n<figure class=\"wp-block-image size-full\"><img decoding=\"async\" loading=\"lazy\" width=\"768\" height=\"1024\" src=\"https:\/\/www.eveha.fr\/wp-content\/uploads\/2024\/06\/fig_2-3.resized-rotated.jpg\" alt=\"\" class=\"wp-image-6347\" srcset=\"https:\/\/www.eveha.fr\/wp-content\/uploads\/2024\/06\/fig_2-3.resized-rotated.jpg 768w, https:\/\/www.eveha.fr\/wp-content\/uploads\/2024\/06\/fig_2-3.resized-225x300.jpg 225w\" sizes=\"(max-width: 767px) 89vw, (max-width: 1000px) 54vw, (max-width: 1071px) 543px, 580px\" \/><figcaption class=\"wp-element-caption\"><em>Fig. 2 : hypocauste et pilettes. Cr\u00e9dit : \u00c9veha 2023.<\/em><\/figcaption><\/figure>\n\n\n\n<h4 class=\"wp-block-heading\">Le Moyen \u00c2ge et son espace fun\u00e9raire<\/h4>\n\n\n\n<p><strong>Au haut Moyen-\u00c2ge, le site est nivel\u00e9 <\/strong>par un important apport de remblais. C\u2019est ensuite <strong>au 12<sup>e<\/sup> s. <\/strong>que se met en place le<strong> cimeti\u00e8re paroissial de l\u2019\u00e9glise Saint-Jean<\/strong>. La fouille n\u2019en a d\u00e9gag\u00e9 que la partie nord sur une surface de 85 m\u00b2. Celui-l\u00e0 a \u00e9t\u00e9<strong> utilis\u00e9 jusqu\u2019au premier tiers du 18<sup>e<\/sup> s.,<\/strong> p\u00e9riode \u00e0 laquelle l\u2019\u00e9v\u00eaque de Valence interdit les inhumations \u00e0 l\u2019int\u00e9rieur de la ville. Le cimeti\u00e8re se d\u00e9veloppe dens\u00e9ment <strong>sur six \u00e0 huit niveaux avec plus de 400 inhumations.<\/strong> La plupart des individus sont<strong> <\/strong>inhum\u00e9s <strong>en pleine terre<\/strong> mais la d\u00e9couverte de clous et de quelques fragments de planches en bois t\u00e9moigne de <strong>la pr\u00e9sence de cercueils<\/strong>. Les s\u00e9pultures sont essentiellement individuelles et pauvres en mobilier <strong>(quelques anneaux, une ampoule en verre) <\/strong>mais cinq d\u00e9p\u00f4ts simultan\u00e9s, contenant de 2 \u00e0 4 sujets, ont \u00e9t\u00e9 retrouv\u00e9s. <strong>En dehors du cimeti\u00e8re<\/strong>, les vestiges m\u00e9di\u00e9vaux comptent <strong>des fosses-silos <\/strong>combl\u00e9es de d\u00e9chets domestiques et <strong>des structures hydrauliques<\/strong> sans doute li\u00e9es \u00e0 l\u2019entretien de terres agricoles.<\/p>\n\n\n\n<figure class=\"wp-block-image size-full\"><img decoding=\"async\" loading=\"lazy\" width=\"457\" height=\"768\" src=\"https:\/\/www.eveha.fr\/wp-content\/uploads\/2024\/06\/fig_5.resized.png\" alt=\"\" class=\"wp-image-6349\" srcset=\"https:\/\/www.eveha.fr\/wp-content\/uploads\/2024\/06\/fig_5.resized.png 457w, https:\/\/www.eveha.fr\/wp-content\/uploads\/2024\/06\/fig_5.resized-179x300.png 179w\" sizes=\"(max-width: 457px) 100vw, 457px\" \/><figcaption class=\"wp-element-caption\"><em>Fig. 3 : emplacement du cimeti\u00e8re (d\u00e9tail du plan de la ville de 1779)<\/em>.<\/figcaption><\/figure>\n\n\n\n<figure class=\"wp-block-image size-full\"><img decoding=\"async\" loading=\"lazy\" width=\"1024\" height=\"768\" src=\"https:\/\/www.eveha.fr\/wp-content\/uploads\/2024\/06\/fig_6-2.resized.jpg\" alt=\"\" class=\"wp-image-6350\" srcset=\"https:\/\/www.eveha.fr\/wp-content\/uploads\/2024\/06\/fig_6-2.resized.jpg 1024w, https:\/\/www.eveha.fr\/wp-content\/uploads\/2024\/06\/fig_6-2.resized-300x225.jpg 300w, https:\/\/www.eveha.fr\/wp-content\/uploads\/2024\/06\/fig_6-2.resized-768x576.jpg 768w\" sizes=\"(max-width: 767px) 89vw, (max-width: 1000px) 54vw, (max-width: 1071px) 543px, 580px\" \/><figcaption class=\"wp-element-caption\"><em>Fig. 4 : illustration des recoupements et de la densit\u00e9 des d\u00e9p\u00f4ts secondaires<\/em>.<em> Cr\u00e9dit : \u00c9veha 2023.<\/em><\/figcaption><\/figure>\n\n\n\n<h4 class=\"wp-block-heading\">De nombreux vestiges aux \u00c9poques moderne et contemporaine<\/h4>\n\n\n\n<p><strong>Au 16<sup>e<\/sup> s. s\u2019implante un s\u00e9minaire <\/strong>dont les grandes pi\u00e8ces vo\u00fbt\u00e9es ont \u00e9t\u00e9 conserv\u00e9es en sous-sol. Celui-ci aurait fonctionn\u00e9<strong> jusqu\u2019\u00e0 la R\u00e9volution. Un coll\u00e8ge s\u2019adjoint <\/strong>au s\u00e9minaire <strong>au 17<sup>e<\/sup> s.<\/strong>, fond\u00e9 en janvier 1639 par l&rsquo;\u00e9v\u00eaque de Valence, Charles Jacques de Gelas de Leberon. Ce dernier comprenait notamment <strong>des salles de classe, un vestibule et des cuisines.<\/strong> Plus au nord, <strong>un bassin ou une citerne<\/strong> a \u00e9t\u00e9 d\u00e9couvert, en lien probable avec l&rsquo;occupation du s\u00e9minaire, tandis qu&rsquo;au sud se trouve une cuve de fonction incertaine, peut-\u00eatre <strong>une fosse septique ou une citerne.<\/strong> Une seconde cuve de fonction ind\u00e9termin\u00e9e est associ\u00e9e \u00e0 des objets datant du d\u00e9but du 20<sup>e<\/sup> si\u00e8cle, tandis qu&rsquo;au nord se trouvent <strong>une biblioth\u00e8que et un mus\u00e9e <\/strong>administr\u00e9s par un m\u00eame conservateur \u00e0 partir de 1835. Ces vestiges sont corrobor\u00e9s par des donn\u00e9es textuelles, notamment sur <strong>l&rsquo;\u00e9volution des b\u00e2timents au cours de la R\u00e9volution et au d\u00e9but du 19<sup>e<\/sup> si\u00e8cle<\/strong>, o\u00f9 le s\u00e9minaire est r\u00e9am\u00e9nag\u00e9 en coll\u00e8ge de premi\u00e8re classe et utilis\u00e9 \u00e0 des fins militaires avant de redevenir un coll\u00e8ge avec une \u00e9cole de musique.<\/p>\n\n\n\n<p>\u00c0 l&rsquo;exception de la biblioth\u00e8que et du mus\u00e9e, tous les<strong> b\u00e2timents du s\u00e9minaire et du coll\u00e8ge <\/strong>sont <strong>d\u00e9molis en 1905.<\/strong> L&#8217;emplacement reste vacant jusqu&rsquo;en 1914, lorsque la municipalit\u00e9 lance un premier appel d&rsquo;offres pour la <strong>construction de la salle des f\u00eates<\/strong>, dont les travaux ne commencent qu&rsquo;<strong>en 1924<\/strong>. La mise en place du r\u00e9seau d&rsquo;\u00e9gouts est un pr\u00e9alable \u00e0 cette construction, avec des tranch\u00e9es profondes et des regards massifs. <strong>Pendant la Seconde Guerre mondiale, <\/strong>l&#8217;emplacement est \u00e9quip\u00e9 pour <strong>la d\u00e9fense passive<\/strong>, comprenant u<strong>n abri anti-a\u00e9rien<\/strong> d\u00e9j\u00e0 identifi\u00e9 lors du diagnostic initial, ai<strong>nsi qu&rsquo;une citerne m\u00e9tallique et des cuves ma\u00e7onn\u00e9es<\/strong> pour stocker du carburant et des \u00e9quipements dans l&rsquo;abri.<\/p>\n\n\n\n<p><strong>Les \u00e9tudes du mobilier ainsi que des donn\u00e9es r\u00e9colt\u00e9es se poursuivent actuellement <\/strong>et permettront d&rsquo;affiner nos connaissances de ce site et de son occupation au cours des si\u00e8cles. <strong>L&rsquo;\u00e9volution de l&rsquo;occupation antique, la caract\u00e9risation des terres noires m\u00e9di\u00e9vales ou la d\u00e9termination du mode de gestion du cimeti\u00e8re et l&rsquo;\u00e9volution de ses limites au cours du temps<\/strong> sont autant de points auxquels les \u00e9tudes de post-fouille permettront sans aucun doute de r\u00e9pondre. <\/p>\n\n\n\n<p><\/p>\n","protected":false},"excerpt":{"rendered":"<p>Des fouilles arch\u00e9ologiques ont \u00e9t\u00e9 men\u00e9es \u00e0 Valence (26) dans la partie nord-est de la ville antique, au 4 place Louis le Cardonnel, en vue de la construction d\u2019un EHPAD. Elles se sont d\u00e9roul\u00e9es en deux phases, dirig\u00e9es d\u2019une part par Yannick Teyssonneyre pour la tranche ferme et d\u2019autre part par Isabelle Bouchez pour la &hellip; <\/p>\n<p class=\"link-more\"><a href=\"https:\/\/www.eveha.fr\/index.php\/2024\/07\/01\/valence-26-place-louis-le-cardonnel\/\" class=\"more-link\">Continuer la lecture<span class=\"screen-reader-text\"> de &laquo;&nbsp;VALENCE (26) \u2013 Place Louis le Cardonnel&nbsp;&raquo;<\/span><\/a><\/p>\n","protected":false},"author":15,"featured_media":6353,"comment_status":"closed","ping_status":"open","sticky":false,"template":"","format":"standard","meta":{"inline_featured_image":false,"footnotes":""},"categories":[1,6,10,9,8],"tags":[],"_links":{"self":[{"href":"https:\/\/www.eveha.fr\/index.php\/wp-json\/wp\/v2\/posts\/6346"}],"collection":[{"href":"https:\/\/www.eveha.fr\/index.php\/wp-json\/wp\/v2\/posts"}],"about":[{"href":"https:\/\/www.eveha.fr\/index.php\/wp-json\/wp\/v2\/types\/post"}],"author":[{"embeddable":true,"href":"https:\/\/www.eveha.fr\/index.php\/wp-json\/wp\/v2\/users\/15"}],"replies":[{"embeddable":true,"href":"https:\/\/www.eveha.fr\/index.php\/wp-json\/wp\/v2\/comments?post=6346"}],"version-history":[{"count":4,"href":"https:\/\/www.eveha.fr\/index.php\/wp-json\/wp\/v2\/posts\/6346\/revisions"}],"predecessor-version":[{"id":6404,"href":"https:\/\/www.eveha.fr\/index.php\/wp-json\/wp\/v2\/posts\/6346\/revisions\/6404"}],"wp:featuredmedia":[{"embeddable":true,"href":"https:\/\/www.eveha.fr\/index.php\/wp-json\/wp\/v2\/media\/6353"}],"wp:attachment":[{"href":"https:\/\/www.eveha.fr\/index.php\/wp-json\/wp\/v2\/media?parent=6346"}],"wp:term":[{"taxonomy":"category","embeddable":true,"href":"https:\/\/www.eveha.fr\/index.php\/wp-json\/wp\/v2\/categories?post=6346"},{"taxonomy":"post_tag","embeddable":true,"href":"https:\/\/www.eveha.fr\/index.php\/wp-json\/wp\/v2\/tags?post=6346"}],"curies":[{"name":"wp","href":"https:\/\/api.w.org\/{rel}","templated":true}]}}