{"id":6453,"date":"2024-08-02T09:44:08","date_gmt":"2024-08-02T07:44:08","guid":{"rendered":"https:\/\/www.eveha.fr\/?p=6453"},"modified":"2024-08-19T08:31:00","modified_gmt":"2024-08-19T06:31:00","slug":"caudebec-les-elbeuf-76-rues-lamartine-et-aux-saulniers","status":"publish","type":"post","link":"https:\/\/www.eveha.fr\/index.php\/2024\/08\/02\/caudebec-les-elbeuf-76-rues-lamartine-et-aux-saulniers\/","title":{"rendered":"CAUDEBEC-L\u00c8S-ELBEUF (76) \u2013 Rues Lamartine et aux Saulniers"},"content":{"rendered":"\n<p>En 2023, une op\u00e9ration arch\u00e9ologique d&rsquo;importance a \u00e9t\u00e9 men\u00e9e par Bruno Lepeuple  \u00e0 Caudebec-l\u00e8s-Elbeuf, au niveau des <em>rues Lamartine et aux Saulniers<\/em>. Couvrant une superficie de 1,3 hectare, cette nouvelle op\u00e9ration op\u00e9r\u00e9e dans le cadre du projet d\u2019am\u00e9nagement port\u00e9 par SCICV TER Caudebec, s\u2019inscrit dans la continuit\u00e9 de la fouille de 2019 (partie sud) formant ainsi un ensemble coh\u00e9rent de 6,5 hectares (Fig. 1). La fouille de ce site avait pour objectif de caract\u00e9riser, d\u00e9finir et interpr\u00e9ter l\u2019organisation des vestiges et leur succession dans le temps, tout en compl\u00e9tant les donn\u00e9es enregistr\u00e9es lors de la premi\u00e8re phase.<strong> Les investigations arch\u00e9ologiques de 2023 ont ainsi permis de mettre au jour des vestiges s\u2019\u00e9chelonnant du N\u00e9olithique au Moyen \u00c2ge.<\/strong><\/p>\n\n\n\n<!--more-->\n\n\n\n<h4 class=\"wp-block-heading\">Contexte arch\u00e9ologique et vestiges anciens<\/h4>\n\n\n\n<p>La fouille se situe \u00e0 proximit\u00e9 d&rsquo;une <strong>op\u00e9ration arch\u00e9ologique de sauvetage r\u00e9alis\u00e9e en 1993<\/strong>, qui avait r\u00e9v\u00e9l\u00e9 un ensemble de <strong>b\u00e2timents antiques<\/strong>. Comme lors de la campagne de 2019, les deux tiers de l&rsquo;op\u00e9ration de 2023 se concentrent sur une terrasse de graviers surplombant une bande alluviale du Grand Ravin. Ce site se trouve \u00e0 700 m\u00e8tres de la confluence avec la Seine et \u00e0 500 m\u00e8tres de <strong>la cit\u00e9 antique d&rsquo;Uggade<\/strong>, qui s&rsquo;\u00e9tend vers l&rsquo;ouest. Cette situation g\u00e9ographique unique offre une perspective riche pour comprendre l&rsquo;organisation et l&rsquo;\u00e9volution des lieux au fil des si\u00e8cles. Notons que de nombreux travaux ont fortement perturb\u00e9 la conservation et la lecture de certains vestiges.<\/p>\n\n\n\n<p>Des pi\u00e8ces lithiques r\u00e9siduelles t\u00e9moignent d&rsquo;une fr\u00e9quentation n\u00e9olithique de l\u2019espace. Quelques tessons c\u00e9ramiques, en attente d\u2019\u00e9tude, pourraient dater <strong>du N\u00e9olithique ou de l\u2019\u00e2ge du Bronze<\/strong>. La partie nord du site a r\u00e9v\u00e9l\u00e9 des \u00e9l\u00e9ments structur\u00e9s de <strong>La T\u00e8ne finale<\/strong>, comme un petit cellier avec un remarquable lot de c\u00e9ramiques, des foss\u00e9s parcellaires et de potentiels b\u00e2timents sur poteaux.<\/p>\n\n\n\n<figure class=\"wp-block-image size-full\"><img decoding=\"async\" loading=\"lazy\" width=\"806\" height=\"768\" src=\"https:\/\/www.eveha.fr\/wp-content\/uploads\/2024\/07\/1-Plan-general-1993-2019-2023-Bruno-LEPEUPLE.resized.png\" alt=\"\" class=\"wp-image-6454\" srcset=\"https:\/\/www.eveha.fr\/wp-content\/uploads\/2024\/07\/1-Plan-general-1993-2019-2023-Bruno-LEPEUPLE.resized.png 806w, https:\/\/www.eveha.fr\/wp-content\/uploads\/2024\/07\/1-Plan-general-1993-2019-2023-Bruno-LEPEUPLE.resized-300x286.png 300w, https:\/\/www.eveha.fr\/wp-content\/uploads\/2024\/07\/1-Plan-general-1993-2019-2023-Bruno-LEPEUPLE.resized-768x732.png 768w\" sizes=\"(max-width: 767px) 89vw, (max-width: 1000px) 54vw, (max-width: 1071px) 543px, 580px\" \/><figcaption class=\"wp-element-caption\"><br><em>Fig. 1&nbsp;: Plan des vestiges des op\u00e9rations de 1993, 2019 et 2023. Cr\u00e9dit : \u00c9veha 2023<\/em><\/figcaption><\/figure>\n\n\n\n<h4 class=\"wp-block-heading\">L\u2019occupation antique<\/h4>\n\n\n\n<p><strong>Au Haut-Empire<\/strong>, un b\u00e2timent (Fig. 2) de 23&nbsp;\u00d7&nbsp;25 m\u00e8tres a \u00e9t\u00e9 \u00e9rig\u00e9. La r\u00e9cup\u00e9ration des mat\u00e9riaux complique l\u2019identification d\u2019un second \u00e9tat, mais la chronologie relative est partiellement pr\u00e9serv\u00e9e. L\u2019orientation de ce b\u00e2timent est coh\u00e9rente avec les d\u00e9couvertes de 1993. \u00c0 l\u2019ouest et \u00e0 l\u2019est, deux murs de cl\u00f4ture et un profond foss\u00e9 (Fig. 3) s\u00e9parent l\u2019espace. <strong>Un puits de 5,8 m\u00e8tres de profondeur<\/strong> (Fig. 4), construit sur la base d\u2019un cadre carr\u00e9e en bois (aujourd\u2019hui disparu) de 1,7&nbsp;m de c\u00f4t\u00e9, se trouve \u00e0 l\u2019ouest. L\u2019\u00e9l\u00e9vation, majoritairement en silex et calcaire, devient ovale \u00e0 l\u2019ouverture.<\/p>\n\n\n\n<figure class=\"wp-block-image size-full\"><img decoding=\"async\" loading=\"lazy\" width=\"1024\" height=\"768\" src=\"https:\/\/www.eveha.fr\/wp-content\/uploads\/2024\/07\/2-bati-antique-Bruno-LEPEUPLE.resized.jpg\" alt=\"\" class=\"wp-image-6455\" srcset=\"https:\/\/www.eveha.fr\/wp-content\/uploads\/2024\/07\/2-bati-antique-Bruno-LEPEUPLE.resized.jpg 1024w, https:\/\/www.eveha.fr\/wp-content\/uploads\/2024\/07\/2-bati-antique-Bruno-LEPEUPLE.resized-300x225.jpg 300w, https:\/\/www.eveha.fr\/wp-content\/uploads\/2024\/07\/2-bati-antique-Bruno-LEPEUPLE.resized-768x576.jpg 768w\" sizes=\"(max-width: 767px) 89vw, (max-width: 1000px) 54vw, (max-width: 1071px) 543px, 580px\" \/><figcaption class=\"wp-element-caption\"><em>Fig. 2&nbsp;: Vue z\u00e9nithale du b\u00e2timent antique. Cr\u00e9dit : \u00c9veha 2023<\/em><\/figcaption><\/figure>\n\n\n\n<figure class=\"wp-block-image size-full\"><img decoding=\"async\" loading=\"lazy\" width=\"1024\" height=\"768\" src=\"https:\/\/www.eveha.fr\/wp-content\/uploads\/2024\/08\/3-fosse-2260.resized-1.jpg\" alt=\"\" class=\"wp-image-6671\" srcset=\"https:\/\/www.eveha.fr\/wp-content\/uploads\/2024\/08\/3-fosse-2260.resized-1.jpg 1024w, https:\/\/www.eveha.fr\/wp-content\/uploads\/2024\/08\/3-fosse-2260.resized-1-300x225.jpg 300w, https:\/\/www.eveha.fr\/wp-content\/uploads\/2024\/08\/3-fosse-2260.resized-1-768x576.jpg 768w\" sizes=\"(max-width: 767px) 89vw, (max-width: 1000px) 54vw, (max-width: 1071px) 543px, 580px\" \/><figcaption class=\"wp-element-caption\"><em>Fig. 3\u00a0: Coupe du grand foss\u00e9 au sud de la zone b\u00e2tie. Cr\u00e9dit : \u00c9veha 2023<\/em><\/figcaption><\/figure>\n\n\n\n<figure class=\"wp-block-image size-full\"><img decoding=\"async\" loading=\"lazy\" width=\"1024\" height=\"768\" src=\"https:\/\/www.eveha.fr\/wp-content\/uploads\/2024\/07\/4-puits-Bruno-LEPEUPLE.resized.jpg\" alt=\"\" class=\"wp-image-6457\" srcset=\"https:\/\/www.eveha.fr\/wp-content\/uploads\/2024\/07\/4-puits-Bruno-LEPEUPLE.resized.jpg 1024w, https:\/\/www.eveha.fr\/wp-content\/uploads\/2024\/07\/4-puits-Bruno-LEPEUPLE.resized-300x225.jpg 300w, https:\/\/www.eveha.fr\/wp-content\/uploads\/2024\/07\/4-puits-Bruno-LEPEUPLE.resized-768x576.jpg 768w\" sizes=\"(max-width: 767px) 89vw, (max-width: 1000px) 54vw, (max-width: 1071px) 543px, 580px\" \/><figcaption class=\"wp-element-caption\"><em>Fig. 4&nbsp;: Le puits en fin de fouille. Cr\u00e9dit : \u00c9veha 2023<\/em><\/figcaption><\/figure>\n\n\n\n<p>Le grand foss\u00e9 est-ouest est combl\u00e9 puis recoup\u00e9 par un second r\u00e9seau fossoy\u00e9 qui se d\u00e9veloppe vers le sud, mat\u00e9rialis\u00e9 par <strong>un enclos de 110&nbsp;\u00d7&nbsp;140 m\u00e8tres<\/strong>, interpr\u00e9t\u00e9 comme la <em>pars rustica<\/em> (li\u00e9e aux travaux agricoles) <strong>d\u2019une villa du 2<sup>e<\/sup> si\u00e8cle<\/strong>. <em>La pars urbana<\/em> (partie r\u00e9sidentielle) ne serait alors vue que tr\u00e8s partiellement et pourrait se d\u00e9velopper au-del\u00e0 de la rue Lamartine, dans la continuit\u00e9 des observations faites en 1993. Bien que tr\u00e8s aras\u00e9e, elle semble avoir \u00e9t\u00e9 de qualit\u00e9 remarquable, gr\u00e2ce \u00e0 la d\u00e9couverte de <strong>fragments d\u2019enduits peints<\/strong> (Fig. 5), essentiellement trouv\u00e9s dans le puits et au sein d\u2019une vaste fosse ayant servi au tri de mat\u00e9riaux pour la production de chaux.<\/p>\n\n\n\n<p><strong>Plusieurs petits fours \u00e0 chaux<\/strong> ont \u00e9t\u00e9 observ\u00e9s autour du b\u00e2timent (Fig. 6). Certains sont li\u00e9s \u00e0 des bacs de stockage de la chaux, dont l\u2019un (Fig. 7) montre plusieurs \u00e9tats d\u2019utilisation. Un volume cons\u00e9quent de mat\u00e9riaux a conserv\u00e9 l\u2019empreinte de planches en p\u00e9riph\u00e9rie de la fosse. La production de chaux sur le site semble li\u00e9e tant \u00e0 la construction qu\u2019\u00e0 la r\u00e9cup\u00e9ration comme en t\u00e9moigne la d\u00e9couverte d\u2019une batterie de quatre fours (Fig. 8) \u00e0 l\u2019extr\u00e9mit\u00e9 orientale de la fouille.<\/p>\n\n\n\n<figure class=\"wp-block-image size-full\"><img decoding=\"async\" loading=\"lazy\" width=\"1024\" height=\"724\" src=\"https:\/\/www.eveha.fr\/wp-content\/uploads\/2024\/07\/5-Enduits-Bruno-LEPEUPLE.resized.png\" alt=\"\" class=\"wp-image-6458\" srcset=\"https:\/\/www.eveha.fr\/wp-content\/uploads\/2024\/07\/5-Enduits-Bruno-LEPEUPLE.resized.png 1024w, https:\/\/www.eveha.fr\/wp-content\/uploads\/2024\/07\/5-Enduits-Bruno-LEPEUPLE.resized-300x212.png 300w, https:\/\/www.eveha.fr\/wp-content\/uploads\/2024\/07\/5-Enduits-Bruno-LEPEUPLE.resized-768x543.png 768w\" sizes=\"(max-width: 767px) 89vw, (max-width: 1000px) 54vw, (max-width: 1071px) 543px, 580px\" \/><figcaption class=\"wp-element-caption\"><em>Fig. 5&nbsp;: \u00c9chantillon des fragments d\u2019enduits peints. Cr\u00e9dit : \u00c9veha 2023<\/em><\/figcaption><\/figure>\n\n\n\n<figure class=\"wp-block-image size-full\"><img decoding=\"async\" loading=\"lazy\" width=\"1024\" height=\"543\" src=\"https:\/\/www.eveha.fr\/wp-content\/uploads\/2024\/07\/6-fours-a-chaux-Bruno-LEPEUPLE.resized.jpg\" alt=\"\" class=\"wp-image-6459\" srcset=\"https:\/\/www.eveha.fr\/wp-content\/uploads\/2024\/07\/6-fours-a-chaux-Bruno-LEPEUPLE.resized.jpg 1024w, https:\/\/www.eveha.fr\/wp-content\/uploads\/2024\/07\/6-fours-a-chaux-Bruno-LEPEUPLE.resized-300x159.jpg 300w, https:\/\/www.eveha.fr\/wp-content\/uploads\/2024\/07\/6-fours-a-chaux-Bruno-LEPEUPLE.resized-768x407.jpg 768w\" sizes=\"(max-width: 767px) 89vw, (max-width: 1000px) 54vw, (max-width: 1071px) 543px, 580px\" \/><figcaption class=\"wp-element-caption\"><em>Fig. 6&nbsp;: Deux fours \u00e0 chaux situ\u00e9s de part et d\u2019autre d\u2019un foss\u00e9. Cr\u00e9dit : \u00c9veha 2023<\/em><\/figcaption><\/figure>\n\n\n\n<figure class=\"wp-block-image size-full\"><img decoding=\"async\" loading=\"lazy\" width=\"1024\" height=\"768\" src=\"https:\/\/www.eveha.fr\/wp-content\/uploads\/2024\/07\/7-bac-a-chaux-Bruno-LEPEUPLE.resized.jpg\" alt=\"\" class=\"wp-image-6460\" srcset=\"https:\/\/www.eveha.fr\/wp-content\/uploads\/2024\/07\/7-bac-a-chaux-Bruno-LEPEUPLE.resized.jpg 1024w, https:\/\/www.eveha.fr\/wp-content\/uploads\/2024\/07\/7-bac-a-chaux-Bruno-LEPEUPLE.resized-300x225.jpg 300w, https:\/\/www.eveha.fr\/wp-content\/uploads\/2024\/07\/7-bac-a-chaux-Bruno-LEPEUPLE.resized-768x576.jpg 768w\" sizes=\"(max-width: 767px) 89vw, (max-width: 1000px) 54vw, (max-width: 1071px) 543px, 580px\" \/><figcaption class=\"wp-element-caption\"><em>Fig. 7&nbsp;: Un bac \u00e0 chaux en cours de fouille. Cr\u00e9dit : \u00c9veha 2023<\/em><\/figcaption><\/figure>\n\n\n\n<figure class=\"wp-block-image size-full\"><img decoding=\"async\" loading=\"lazy\" width=\"1024\" height=\"521\" src=\"https:\/\/www.eveha.fr\/wp-content\/uploads\/2024\/07\/8-batterie-de-fours-a-chaux-Bruno-LEPEUPLE.resized.jpg\" alt=\"\" class=\"wp-image-6461\" srcset=\"https:\/\/www.eveha.fr\/wp-content\/uploads\/2024\/07\/8-batterie-de-fours-a-chaux-Bruno-LEPEUPLE.resized.jpg 1024w, https:\/\/www.eveha.fr\/wp-content\/uploads\/2024\/07\/8-batterie-de-fours-a-chaux-Bruno-LEPEUPLE.resized-300x153.jpg 300w, https:\/\/www.eveha.fr\/wp-content\/uploads\/2024\/07\/8-batterie-de-fours-a-chaux-Bruno-LEPEUPLE.resized-768x391.jpg 768w\" sizes=\"(max-width: 767px) 89vw, (max-width: 1000px) 54vw, (max-width: 1071px) 543px, 580px\" \/><figcaption class=\"wp-element-caption\"><em>Fig. 8&nbsp;: Batterie de quatre fours \u00e0 chaux et fosses de rejet adjacentes. Cr\u00e9dit : \u00c9veha 2023<\/em><\/figcaption><\/figure>\n\n\n\n<h4 class=\"wp-block-heading\">Occupation m\u00e9di\u00e9vale<\/h4>\n\n\n\n<p><strong>Un <em>hiatus<\/em> semble exister \u00e0 partir du 5<sup>e<\/sup> si\u00e8cle<\/strong>, mais une activit\u00e9 significative rena\u00eet \u00e0 <strong>l\u2019\u00e9poque m\u00e9rovingienne<\/strong>, concentr\u00e9e au c\u0153ur de la <em>pars rustica<\/em>, au sein d\u2019une subdivision qui fait l\u2019objet d\u2019une reprise partielle. Cette zone qui \u00e9tait, d\u2019apr\u00e8s le diagnostic, suppos\u00e9e contenir des terres noires, a \u00e9t\u00e9 difficile \u00e0 appr\u00e9hender \u00e0 cause des dommages occasionn\u00e9s au terrain. Cependant, l&rsquo;observation de huit plots a r\u00e9v\u00e9l\u00e9 la pr\u00e9sence de micro-\u00e9l\u00e9ments (calcaire, terres cuites, charbons) dans la couverture limoneuse. Il ne s\u2019agissait pas de d\u00e9p\u00f4ts mais de la p\u00e9n\u00e9tration dans le sol de mat\u00e9riaux d\u00e9j\u00e0 pr\u00e9sents.<\/p>\n\n\n\n<p>L\u2019occupation m\u00e9rovingienne comprend <strong>un b\u00e2timent sur poteaux de 5&nbsp;\u00d7&nbsp;11 m\u00e8tres<\/strong> <strong>et un fond de cabane<\/strong> (Fig. 9), li\u00e9s \u00e0 la r\u00e9cup\u00e9ration de mat\u00e9riaux du b\u00e2timent antique. Les t\u00e9moins d&rsquo;activit\u00e9 domestique sont faibles compar\u00e9s aux restes architecturaux antiques.<\/p>\n\n\n\n<p><strong>La fin du haut Moyen \u00c2ge<\/strong> voit un retrait de l\u2019occupation vers l\u2019est, notamment avec un enclos fossoy\u00e9 attribu\u00e9 \u00e0 l\u2019\u00e9poque carolingienne, dont seuls deux angles sont per\u00e7us. Cet enclos reprend partiellement la trame antique, influen\u00e7ant le parcellaire jusqu\u2019\u00e0 nos jours. Comme en 2019, un four, accessible depuis le foss\u00e9, a \u00e9t\u00e9 mis au jour.<\/p>\n\n\n\n<figure class=\"wp-block-image size-full\"><img decoding=\"async\" loading=\"lazy\" width=\"1024\" height=\"766\" src=\"https:\/\/www.eveha.fr\/wp-content\/uploads\/2024\/07\/9-fond-de-cabane-Bruno-LEPEUPLE.resized.jpg\" alt=\"\" class=\"wp-image-6462\" srcset=\"https:\/\/www.eveha.fr\/wp-content\/uploads\/2024\/07\/9-fond-de-cabane-Bruno-LEPEUPLE.resized.jpg 1024w, https:\/\/www.eveha.fr\/wp-content\/uploads\/2024\/07\/9-fond-de-cabane-Bruno-LEPEUPLE.resized-300x224.jpg 300w, https:\/\/www.eveha.fr\/wp-content\/uploads\/2024\/07\/9-fond-de-cabane-Bruno-LEPEUPLE.resized-768x575.jpg 768w\" sizes=\"(max-width: 767px) 89vw, (max-width: 1000px) 54vw, (max-width: 1071px) 543px, 580px\" \/><figcaption class=\"wp-element-caption\"><em>Fig. 9&nbsp;: Fond de cabane m\u00e9rovingien. Cr\u00e9dit : \u00c9veha 2023<\/em><\/figcaption><\/figure>\n\n\n\n<figure class=\"wp-block-image size-full\"><img decoding=\"async\" loading=\"lazy\" width=\"1024\" height=\"768\" src=\"https:\/\/www.eveha.fr\/wp-content\/uploads\/2024\/07\/10-fosse-et-four-carolingien-Bruno-LEPEUPLE.resized.jpg\" alt=\"\" class=\"wp-image-6463\" srcset=\"https:\/\/www.eveha.fr\/wp-content\/uploads\/2024\/07\/10-fosse-et-four-carolingien-Bruno-LEPEUPLE.resized.jpg 1024w, https:\/\/www.eveha.fr\/wp-content\/uploads\/2024\/07\/10-fosse-et-four-carolingien-Bruno-LEPEUPLE.resized-300x225.jpg 300w, https:\/\/www.eveha.fr\/wp-content\/uploads\/2024\/07\/10-fosse-et-four-carolingien-Bruno-LEPEUPLE.resized-768x576.jpg 768w\" sizes=\"(max-width: 767px) 89vw, (max-width: 1000px) 54vw, (max-width: 1071px) 543px, 580px\" \/><figcaption class=\"wp-element-caption\"><em>Fig. 10&nbsp;: Foss\u00e9 et four carolingien. Cr\u00e9dit : \u00c9veha 2023<\/em><\/figcaption><\/figure>\n\n\n\n<p>Les recherches se poursuivent d\u00e9sormais en laboratoire o\u00f9 les \u00e9tudes et analyses permettront d&rsquo;affiner notre compr\u00e9hension de ce site et de l&rsquo;environnement dans lequel il s&rsquo;inscrit.<\/p>\n","protected":false},"excerpt":{"rendered":"<p>En 2023, une op\u00e9ration arch\u00e9ologique d&rsquo;importance a \u00e9t\u00e9 men\u00e9e par Bruno Lepeuple \u00e0 Caudebec-l\u00e8s-Elbeuf, au niveau des rues Lamartine et aux Saulniers. Couvrant une superficie de 1,3 hectare, cette nouvelle op\u00e9ration op\u00e9r\u00e9e dans le cadre du projet d\u2019am\u00e9nagement port\u00e9 par SCICV TER Caudebec, s\u2019inscrit dans la continuit\u00e9 de la fouille de 2019 (partie sud) formant &hellip; <\/p>\n<p class=\"link-more\"><a href=\"https:\/\/www.eveha.fr\/index.php\/2024\/08\/02\/caudebec-les-elbeuf-76-rues-lamartine-et-aux-saulniers\/\" class=\"more-link\">Continuer la lecture<span class=\"screen-reader-text\"> de &laquo;&nbsp;CAUDEBEC-L\u00c8S-ELBEUF (76) \u2013 Rues Lamartine et aux Saulniers&nbsp;&raquo;<\/span><\/a><\/p>\n","protected":false},"author":6,"featured_media":6467,"comment_status":"closed","ping_status":"open","sticky":false,"template":"","format":"standard","meta":{"inline_featured_image":false,"footnotes":""},"categories":[1,6,8,20,5],"tags":[],"_links":{"self":[{"href":"https:\/\/www.eveha.fr\/index.php\/wp-json\/wp\/v2\/posts\/6453"}],"collection":[{"href":"https:\/\/www.eveha.fr\/index.php\/wp-json\/wp\/v2\/posts"}],"about":[{"href":"https:\/\/www.eveha.fr\/index.php\/wp-json\/wp\/v2\/types\/post"}],"author":[{"embeddable":true,"href":"https:\/\/www.eveha.fr\/index.php\/wp-json\/wp\/v2\/users\/6"}],"replies":[{"embeddable":true,"href":"https:\/\/www.eveha.fr\/index.php\/wp-json\/wp\/v2\/comments?post=6453"}],"version-history":[{"count":8,"href":"https:\/\/www.eveha.fr\/index.php\/wp-json\/wp\/v2\/posts\/6453\/revisions"}],"predecessor-version":[{"id":6672,"href":"https:\/\/www.eveha.fr\/index.php\/wp-json\/wp\/v2\/posts\/6453\/revisions\/6672"}],"wp:featuredmedia":[{"embeddable":true,"href":"https:\/\/www.eveha.fr\/index.php\/wp-json\/wp\/v2\/media\/6467"}],"wp:attachment":[{"href":"https:\/\/www.eveha.fr\/index.php\/wp-json\/wp\/v2\/media?parent=6453"}],"wp:term":[{"taxonomy":"category","embeddable":true,"href":"https:\/\/www.eveha.fr\/index.php\/wp-json\/wp\/v2\/categories?post=6453"},{"taxonomy":"post_tag","embeddable":true,"href":"https:\/\/www.eveha.fr\/index.php\/wp-json\/wp\/v2\/tags?post=6453"}],"curies":[{"name":"wp","href":"https:\/\/api.w.org\/{rel}","templated":true}]}}