{"id":6629,"date":"2024-08-29T09:19:04","date_gmt":"2024-08-29T07:19:04","guid":{"rendered":"https:\/\/www.eveha.fr\/?p=6629"},"modified":"2024-08-29T09:19:04","modified_gmt":"2024-08-29T07:19:04","slug":"cognac-16-quai-maurice-hennessy-porte-saint-jacques","status":"publish","type":"post","link":"https:\/\/www.eveha.fr\/index.php\/2024\/08\/29\/cognac-16-quai-maurice-hennessy-porte-saint-jacques\/","title":{"rendered":"COGNAC (16) \u2013 Quai Maurice-Hennessy &#8211; Porte Saint-Jacques"},"content":{"rendered":"\n<p>Les fouilles arch\u00e9ologiques men\u00e9es sur le site de Cognac (16) \u2013 Quai Maurice-Hennessy &#8211; Porte Saint-Jacques ont \u00e9t\u00e9 r\u00e9alis\u00e9es sous la direction de Paul BUTAUD <mark style=\"background-color:rgba(0, 0, 0, 0)\" class=\"has-inline-color has-black-color\">depuis<\/mark> juin 2023, dans le cadre du projet d\u2019am\u00e9nagement port\u00e9 par la communaut\u00e9 d&rsquo;agglom\u00e9ration de Grand Cognac. <strong>Les investigations arch\u00e9ologiques ont permis de mettre au jour des vestiges dat\u00e9s du Moyen \u00c2ge et des \u00c9poques moderne et contemporaine.<\/strong><\/p>\n\n\n\n<!--more-->\n\n\n\n<h4 class=\"wp-block-heading\">Probl\u00e9matiques scientifiques<\/h4>\n\n\n\n<p>Le projet architectural de la porte Saint-Jacques visait<strong> la restauration <\/strong>des diff\u00e9rents espaces du monument dans l\u2019optique d\u2019une ouverture au public. Il comprenait en particulier&nbsp;: <strong>la restauration de l\u2019\u00e9difice en privil\u00e9giant l\u2019\u00e9tat du XV<sup>e<\/sup> si\u00e8cle et l\u2019am\u00e9nagement des abords imm\u00e9diats<\/strong>, permettant notamment de retrouver le niveau de circulation li\u00e9 \u00e0 l\u2019ancien pont. L\u2019objectif g\u00e9n\u00e9ral de l\u2019intervention arch\u00e9ologique \u00e9tait <strong>d\u2019enregistrer<\/strong> toute information disponible sur le monument et <strong>de documenter<\/strong> les niveaux et structures arch\u00e9ologiques impact\u00e9s par le projet de restauration du monument, afin d\u2019apporter des \u00e9l\u00e9ments de compr\u00e9hension sur son histoire et son \u00e9volution architecturale. L\u2019intervention arch\u00e9ologique s\u2019articulait autour de l\u2019enregistrement de tous les \u00e9l\u00e9ments int\u00e9ressant l\u2019<strong>\u00e9volution du monument <\/strong>et qui \u00e9taient susceptibles d\u2019avoir \u00e9t\u00e9 d\u00e9truits ou masqu\u00e9s par les travaux, de la r\u00e9alisation de deux sondages, <strong>de l\u2019\u00e9tude du b\u00e2ti et du suivi des travaux de restauration<\/strong>. La pr\u00e9sence de <strong>nombreux graffiti grav\u00e9s<\/strong>, incis\u00e9s ou dessin\u00e9s repr\u00e9sentait un enjeu particulier pour le projet de restauration du fait de leur fragilit\u00e9 (d\u00e9collement des supports) et de leur int\u00e9r\u00eat pour l\u2019histoire de la porte. Enfin, il s\u2019agissait de mettre ces observations en relation avec l\u2019\u00e9tat des connaissances actuelles, de mettre en exergue les particularit\u00e9s du site \u00e9tudi\u00e9 dans un contexte g\u00e9ographique local et plus largement r\u00e9gional.<\/p>\n\n\n\n<figure class=\"wp-block-image size-full\"><img decoding=\"async\" loading=\"lazy\" width=\"1024\" height=\"683\" src=\"https:\/\/www.eveha.fr\/wp-content\/uploads\/2024\/08\/Fig1-Paul-BUTAUD.resized.png\" alt=\"\" class=\"wp-image-6631\" srcset=\"https:\/\/www.eveha.fr\/wp-content\/uploads\/2024\/08\/Fig1-Paul-BUTAUD.resized.png 1024w, https:\/\/www.eveha.fr\/wp-content\/uploads\/2024\/08\/Fig1-Paul-BUTAUD.resized-300x200.png 300w, https:\/\/www.eveha.fr\/wp-content\/uploads\/2024\/08\/Fig1-Paul-BUTAUD.resized-768x512.png 768w\" sizes=\"(max-width: 767px) 89vw, (max-width: 1000px) 54vw, (max-width: 1071px) 543px, 580px\" \/><figcaption class=\"wp-element-caption\"><br>Fig. 1\u00a0: Vue de la porte Saint-Jacques depuis le quai Maurice-Hennessy. Cr\u00e9dit : \u00c9veha 2023<\/figcaption><\/figure>\n\n\n\n<h4 class=\"wp-block-heading\">La porte Saint-Jacques : premiers r\u00e9sultats de l\u2019\u00e9tude du b\u00e2ti<\/h4>\n\n\n\n<p>Celle-ci a \u00e9t\u00e9 r\u00e9alis\u00e9e sur la porte Saint-Jacques et r\u00e9v\u00e8le, \u00e0 mesure de l\u2019avanc\u00e9e des travaux de restauration, les singularit\u00e9s de la construction originelle du monument (Fig. 1). <strong>Au rez-de-chauss\u00e9e<\/strong>, le d\u00e9caissement des sols des salles basses a permis de mettre \u00e0 nu le socle rocheux sur lequel est implant\u00e9 le monument. Le rep\u00e9rage <strong>de structures en creux<\/strong>, ant\u00e9rieures \u00e0 l\u2019\u00e9difice, montrent l\u2019anciennet\u00e9 de l\u2019occupation dans ce secteur de la ville (Fig. 2). Ces structures r\u00e9pondent d\u2019ailleurs \u00e0 certains <strong>vestiges m\u00e9di\u00e9vaux <\/strong>d\u00e9couverts lors de diagnostics et fouilles arch\u00e9ologiques r\u00e9alis\u00e9s dans les parcelles mitoyennes au sud de la porte. L\u2019adaptation du <em>substratum<\/em> aux fondations des ma\u00e7onneries est perceptible \u00e0 plusieurs endroits, notamment au droit de la naissance de la premi\u00e8re arche du pont o\u00f9 le rocher est clairement retaill\u00e9 de mani\u00e8re \u00e0 asseoir les blocs du parement. <strong>\u00c0 l\u2019int\u00e9rieur des tours<\/strong>, la d\u00e9molition des bancs de latrines comme la r\u00e9ouverture de certaines baies ont permis d\u2019appr\u00e9hender les dispositions primitives des ouvertures dont la lecture avait \u00e9t\u00e9 perturb\u00e9e au moment de la r\u00e9affectation des lieux en prison.<strong> Dans la salle basse de <mark style=\"background-color:rgba(0, 0, 0, 0)\" class=\"has-inline-color has-black-color\">la tour amont <\/mark>au nord<\/strong>, la mise au jour d\u2019une ouverture de tir intacte (Fig. 3) offre l\u2019arch\u00e9type inopin\u00e9 pour la compr\u00e9hension et la restitution des autres ouvertures de tir puisque les dispositions relev\u00e9es sur ce mod\u00e8le r\u00e9pondent parfaitement aux traces observ\u00e9es par ailleurs.<strong> L\u2019analyse des salles hautes<\/strong> conjointe \u00e0 celle des cages d\u2019escalier pose question sur la chronologie d\u2019installation des vo\u00fbtes comme sur la physionomie g\u00e9n\u00e9rale des parties hautes de l\u2019\u00e9difice. La restitution des niveaux fond\u00e9e sur les hauteurs des seuils pourrait effectivement ajouter un \u00e9tage au monument, entre le premier et le niveau sous combles. Limit\u00e9s \u00e0 des travaux d\u2019\u00e9tanch\u00e9it\u00e9, les restaurations visant la terrasse sommitale de la porte Saint-Jacques n\u2019apportent pas d\u2019informations compl\u00e9mentaires \u00e0 celles du diagnostic. <strong>Un premier sondage, puis un d\u00e9capage int\u00e9gral<\/strong> des remblais \u00e0 l\u2019endroit de l\u2019ancienne chambre de la herse ont toutefois permis de mettre au jour les ma\u00e7onneries primitives du monument, reprises \u00e0 l\u2019occasion de<strong> l\u2019am\u00e9nagement des terrasses au XIX<sup>e<\/sup> si\u00e8cle, pour la promenade des prisonniers<\/strong> (Fig. 4). En p\u00e9riph\u00e9rie ext\u00e9rieure, l\u2019\u00e9chafaudage gratifie d\u2019un acc\u00e8s in\u00e9dit aux \u00e9l\u00e9vations (Fig. 5). <\/p>\n\n\n\n<figure class=\"wp-block-image size-full\"><img decoding=\"async\" loading=\"lazy\" width=\"1024\" height=\"683\" src=\"https:\/\/www.eveha.fr\/wp-content\/uploads\/2024\/08\/Fig2-Paul-BUTAUD.resized.jpg\" alt=\"\" class=\"wp-image-6632\" srcset=\"https:\/\/www.eveha.fr\/wp-content\/uploads\/2024\/08\/Fig2-Paul-BUTAUD.resized.jpg 1024w, https:\/\/www.eveha.fr\/wp-content\/uploads\/2024\/08\/Fig2-Paul-BUTAUD.resized-300x200.jpg 300w, https:\/\/www.eveha.fr\/wp-content\/uploads\/2024\/08\/Fig2-Paul-BUTAUD.resized-768x512.jpg 768w\" sizes=\"(max-width: 767px) 89vw, (max-width: 1000px) 54vw, (max-width: 1071px) 543px, 580px\" \/><figcaption class=\"wp-element-caption\">Fig. 2\u00a0: Structure en creux mise au jour dans la salle basse de la tour aval (sud). Cr\u00e9dit : \u00c9veha 2024<\/figcaption><\/figure>\n\n\n\n<figure class=\"wp-block-image size-full\"><img decoding=\"async\" loading=\"lazy\" width=\"683\" height=\"1024\" src=\"https:\/\/www.eveha.fr\/wp-content\/uploads\/2024\/08\/Fig3-Paul-BUTAUD.resized-rotated.jpg\" alt=\"\" class=\"wp-image-6633\" srcset=\"https:\/\/www.eveha.fr\/wp-content\/uploads\/2024\/08\/Fig3-Paul-BUTAUD.resized-rotated.jpg 683w, https:\/\/www.eveha.fr\/wp-content\/uploads\/2024\/08\/Fig3-Paul-BUTAUD.resized-200x300.jpg 200w\" sizes=\"(max-width: 683px) 100vw, 683px\" \/><figcaption class=\"wp-element-caption\">Fig. 3\u00a0: Ouverture de tir d\u00e9couverte dans la salle basse de la tour amont (nord) suite \u00e0 la d\u00e9molition d\u2019une ma\u00e7onnerie. Cr\u00e9dit : \u00c9veha 2024<br><\/figcaption><\/figure>\n\n\n\n<figure class=\"wp-block-image size-full\"><img decoding=\"async\" loading=\"lazy\" width=\"1024\" height=\"683\" src=\"https:\/\/www.eveha.fr\/wp-content\/uploads\/2024\/08\/Fig4-Paul-BUTAUD.resized.png\" alt=\"\" class=\"wp-image-6634\" srcset=\"https:\/\/www.eveha.fr\/wp-content\/uploads\/2024\/08\/Fig4-Paul-BUTAUD.resized.png 1024w, https:\/\/www.eveha.fr\/wp-content\/uploads\/2024\/08\/Fig4-Paul-BUTAUD.resized-300x200.png 300w, https:\/\/www.eveha.fr\/wp-content\/uploads\/2024\/08\/Fig4-Paul-BUTAUD.resized-768x512.png 768w\" sizes=\"(max-width: 767px) 89vw, (max-width: 1000px) 54vw, (max-width: 1071px) 543px, 580px\" \/><figcaption class=\"wp-element-caption\">Fig. 4\u00a0: Vue z\u00e9nithale des structures mises au jour \u00e0 l\u2019emplacement de l\u2019ancienne chambre de la herse. Cr\u00e9dit : \u00c9veha 2024<\/figcaption><\/figure>\n\n\n\n<figure class=\"wp-block-image size-full\"><img decoding=\"async\" loading=\"lazy\" width=\"1024\" height=\"683\" src=\"https:\/\/www.eveha.fr\/wp-content\/uploads\/2024\/08\/Fig5-Paul-BUTAUD.resized.jpg\" alt=\"\" class=\"wp-image-6635\" srcset=\"https:\/\/www.eveha.fr\/wp-content\/uploads\/2024\/08\/Fig5-Paul-BUTAUD.resized.jpg 1024w, https:\/\/www.eveha.fr\/wp-content\/uploads\/2024\/08\/Fig5-Paul-BUTAUD.resized-300x200.jpg 300w, https:\/\/www.eveha.fr\/wp-content\/uploads\/2024\/08\/Fig5-Paul-BUTAUD.resized-768x512.jpg 768w\" sizes=\"(max-width: 767px) 89vw, (max-width: 1000px) 54vw, (max-width: 1071px) 543px, 580px\" \/><figcaption class=\"wp-element-caption\">Fig. 5\u00a0: Am\u00e9nagement de fortune dispos\u00e9 en avant de l\u2019une des gargouilles de la terrasse sommitale du monument pour canaliser momentan\u00e9ment les eaux de pluie. Nos partenaires ont de la suite dans les id\u00e9es\u00a0! Cr\u00e9dit : \u00c9veha 2024<\/figcaption><\/figure>\n\n\n\n<p>Outre le travail sur l\u2019analyse et le phasage chronologique des diff\u00e9rentes constructions, l<strong>\u2019\u00e9tude du b\u00e2ti a \u00e9t\u00e9 focalis\u00e9e sur le rep\u00e9rage des marques lapidaires et sur le relev\u00e9 des impacts de projectiles dans les parements<\/strong>. Ces traces pourront \u00e9ventuellement \u00eatre rapproch\u00e9es d\u2019\u00e9pisodes d\u2019affrontements connus. <strong>La fonction carc\u00e9rale <\/strong>est sans doute la plus pr\u00e9gnante du fait des grilles aux ouvertures, des portes \u00e0 judas et \u00e9crous ainsi que de plusieurs bancs de latrines localis\u00e9s dans les embrasures des baies situ\u00e9es du c\u00f4t\u00e9 de la rivi\u00e8re (Fig. 6). Le parti pris architectural, dont la trame d\u00e9finie un retour \u00e0 <strong>l\u2019\u00e9tat du XV<sup>e<\/sup> si\u00e8cle, conduit \u00e0 l\u2019effacement progressif des am\u00e9nagements de la prison<\/strong>, lesquels r\u00e9v\u00e8lent leurs particularit\u00e9s \u00e0 l\u2019occasion de leur d\u00e9montage. Pour exemple, c\u2019est ainsi que la d\u00e9molition des latrines nous a permis d\u2019entrevoir <strong>les armatures en fer forg\u00e9 destin\u00e9es \u00e0 \u00e9viter les intrusions ou \u00e9vasions <\/strong>(Fig. 7).<\/p>\n\n\n\n<figure class=\"wp-block-image size-full\"><img decoding=\"async\" loading=\"lazy\" width=\"1024\" height=\"683\" src=\"https:\/\/www.eveha.fr\/wp-content\/uploads\/2024\/08\/Fig6-Paul-BUTAUD.resized.jpg\" alt=\"\" class=\"wp-image-6636\" srcset=\"https:\/\/www.eveha.fr\/wp-content\/uploads\/2024\/08\/Fig6-Paul-BUTAUD.resized.jpg 1024w, https:\/\/www.eveha.fr\/wp-content\/uploads\/2024\/08\/Fig6-Paul-BUTAUD.resized-300x200.jpg 300w, https:\/\/www.eveha.fr\/wp-content\/uploads\/2024\/08\/Fig6-Paul-BUTAUD.resized-768x512.jpg 768w\" sizes=\"(max-width: 767px) 89vw, (max-width: 1000px) 54vw, (max-width: 1071px) 543px, 580px\" \/><figcaption class=\"wp-element-caption\">Fig. 6\u00a0: Enregistrement d\u2019un sondage localis\u00e9 devant le banc des latrines de la salle basse de la tour aval (sud). Cr\u00e9dit : \u00c9veha 2024<\/figcaption><\/figure>\n\n\n\n<figure class=\"wp-block-image size-full\"><img decoding=\"async\" loading=\"lazy\" width=\"1024\" height=\"683\" src=\"https:\/\/www.eveha.fr\/wp-content\/uploads\/2024\/08\/Fig7-Paul-BUTAUD.resized.jpg\" alt=\"\" class=\"wp-image-6637\" srcset=\"https:\/\/www.eveha.fr\/wp-content\/uploads\/2024\/08\/Fig7-Paul-BUTAUD.resized.jpg 1024w, https:\/\/www.eveha.fr\/wp-content\/uploads\/2024\/08\/Fig7-Paul-BUTAUD.resized-300x200.jpg 300w, https:\/\/www.eveha.fr\/wp-content\/uploads\/2024\/08\/Fig7-Paul-BUTAUD.resized-768x512.jpg 768w\" sizes=\"(max-width: 767px) 89vw, (max-width: 1000px) 54vw, (max-width: 1071px) 543px, 580px\" \/><figcaption class=\"wp-element-caption\">Fig. 7\u00a0: Armature m\u00e9tallique noy\u00e9e dans le banc des latrines de la salle basse de la tour amont (nord) pour s\u00e9curiser la faiblesse du b\u00e2ti \u00e0 cet endroit. Cr\u00e9dit : \u00c9veha 2024<\/figcaption><\/figure>\n\n\n\n<h4 class=\"wp-block-heading\">L\u2019\u00e9tude des <em>graffiti<\/em><\/h4>\n\n\n\n<p><strong>Une \u00e9tude des <em>graffiti<\/em><\/strong> conserv\u00e9s dans les \u00e9l\u00e9vations de la porte Saint-Jacques compl\u00e8te l\u2019\u00e9tude du b\u00e2ti. Elle a n\u00e9cessit\u00e9 l\u2019engagement d\u2019une m\u00e9thodologie sp\u00e9cifique au regard de la particularit\u00e9 de ces types de t\u00e9moignages (Fig. 8). Au bilan, l\u2019analyse du <em>corpus<\/em> met en \u00e9vidence une <strong>r\u00e9partition th\u00e9matique des <em>graffiti<\/em> par espace<\/strong>, mais aussi une \u00e9volution chronologique des t\u00e9moignages marquant notamment le changement d\u2019affectation des lieux vers <strong>la fonction carc\u00e9rale<\/strong>. L\u2019un des principaux th\u00e8mes correspond aux <strong>inscriptions de militaires<\/strong> en garnison ou emprisonn\u00e9s dans les tours t<strong>out au long du XVIII<sup>e<\/sup> si\u00e8cle<\/strong>. Les noms\/surnoms associ\u00e9s aux corps d\u2019arme et aux dates de s\u00e9jour pourraient aboutir \u00e0 l\u2019identification pr\u00e9cise de certains individus via les registres des troupes consign\u00e9s aux archives du minist\u00e8re des Arm\u00e9es. Une recherche crois\u00e9e dans les archives des \u00c9curies du Roi, voisine de la porte Saint-Jacques, serait \u00e9galement susceptible d\u2019apporter des pr\u00e9cisions. Parmi les repr\u00e9sentations figuratives, <strong>les bateaux, gabarres et gabarriers <\/strong>renvoient \u00e0 des th\u00e9matiques locales largement connues comme \u00e0 Saint-Simon, village gabarrier, o\u00f9 les gravures pars\u00e8ment les murs proches des quais. La pr\u00e9sence exclusive de dessins d\u2019embarcations dans la tour aval au sud s\u2019explique par la pr\u00e9sence du<strong> port de commerce de ce c\u00f4t\u00e9-ci du pont d\u00e8s le Moyen \u00c2ge<\/strong>. Les occupants repr\u00e9sentent ainsi ce qu\u2019ils voient. Suivant cette logique, un <em>graffito<\/em> pourrait \u00eatre interpr\u00e9t\u00e9 comme repr\u00e9sentant <strong>l\u2019\u00e9glise Saint-Fran\u00e7ois <\/strong>associ\u00e9e au monast\u00e8re des Cordeliers voisin du site.<\/p>\n\n\n\n<figure class=\"wp-block-image size-full\"><img decoding=\"async\" loading=\"lazy\" width=\"1024\" height=\"397\" src=\"https:\/\/www.eveha.fr\/wp-content\/uploads\/2024\/08\/Fig8-Paul-BUTAUD.resized.png\" alt=\"\" class=\"wp-image-6638\" srcset=\"https:\/\/www.eveha.fr\/wp-content\/uploads\/2024\/08\/Fig8-Paul-BUTAUD.resized.png 1024w, https:\/\/www.eveha.fr\/wp-content\/uploads\/2024\/08\/Fig8-Paul-BUTAUD.resized-300x116.png 300w, https:\/\/www.eveha.fr\/wp-content\/uploads\/2024\/08\/Fig8-Paul-BUTAUD.resized-768x298.png 768w\" sizes=\"(max-width: 767px) 89vw, (max-width: 1000px) 54vw, (max-width: 1071px) 543px, 580px\" \/><figcaption class=\"wp-element-caption\"><em>Fig. 8\u00a0: <\/em>Graffiti r\u00e9alis\u00e9 par un soldat emprisonn\u00e9 dans la tour amont (nord) de la porte Saint-Jacques entre 1783 et 1784. Cr\u00e9dit : \u00c9veha 2024<\/figcaption><\/figure>\n\n\n\n<p>Dispos\u00e9s en frise sur le mur oriental de la terrasse sommitale, <strong>des personnages en combinaisons et chapeaux<\/strong> pourraient \u00eatre assimil\u00e9s \u00e0 des <strong>gabarriers<\/strong> ou plut\u00f4t \u00e0 des calfateurs (Fig. 9). En effet, tous tiennent au moins dans une main ce qui semble \u00eatre <strong>un couteau<\/strong> ou <strong>un outil tranchant<\/strong>, mais la repr\u00e9sentation <strong>d\u2019une tari\u00e8re<\/strong> plaide pour la repr\u00e9sentation d\u2019ouvriers travaillant aux car\u00e8nes des embarcations. <strong>Dat\u00e9 du d\u00e9but du XX<sup>e<\/sup> si\u00e8cle, cet ensemble illustrerait ainsi une corporation m\u00e9connue de nos jours<\/strong>. Sur les \u00e9l\u00e9vations de la salle basse de la tour amont, plusieurs portraits r\u00e9alis\u00e9s au charbon de bois sont directement li\u00e9s \u00e0 l\u2019installation, avant 1729, d\u2019une chemin\u00e9e d\u00e9volue au b\u00e2timent voisin. Le reste des traces enregistr\u00e9es correspondent \u00e0 des signatures et t\u00e9moignages divers qui ne pourront \u00eatre interpr\u00e9t\u00e9s en l\u2019absence de pr\u00e9cisions.<\/p>\n\n\n\n<figure class=\"wp-block-image size-full\"><img decoding=\"async\" loading=\"lazy\" width=\"1024\" height=\"596\" src=\"https:\/\/www.eveha.fr\/wp-content\/uploads\/2024\/08\/Fig9-Paul-BUTAUD.resized.png\" alt=\"\" class=\"wp-image-6639\" srcset=\"https:\/\/www.eveha.fr\/wp-content\/uploads\/2024\/08\/Fig9-Paul-BUTAUD.resized.png 1024w, https:\/\/www.eveha.fr\/wp-content\/uploads\/2024\/08\/Fig9-Paul-BUTAUD.resized-300x175.png 300w, https:\/\/www.eveha.fr\/wp-content\/uploads\/2024\/08\/Fig9-Paul-BUTAUD.resized-768x447.png 768w\" sizes=\"(max-width: 767px) 89vw, (max-width: 1000px) 54vw, (max-width: 1071px) 543px, 580px\" \/><figcaption class=\"wp-element-caption\">Fig. 9\u00a0: Exemple de personnages en combinaisons et chapeaux tenant conjointement ce qui pourrait \u00eatre une tari\u00e8re et dans leurs autres mains des couteaux ou des outils tranchants. Cr\u00e9dit : \u00c9veha 2024<\/figcaption><\/figure>\n\n\n\n<h4 class=\"wp-block-heading\">Les \u00e9tudes \u00e0 venir<\/h4>\n\n\n\n<p>Le travail de post-fouille consistera \u00e0<strong> analyser les donn\u00e9es recueillies<\/strong> sur le terrain, en mettant particuli\u00e8rement l&rsquo;accent sur<strong> les choix de restauration<\/strong> discut\u00e9s avec la ma\u00eetrise d\u2019ouvrage et la ma\u00eetrise d\u2019\u0153uvre. Il s&rsquo;agira de justifier les d\u00e9cisions prises, notamment concernant la restitution des ouvertures de tir. <strong>L&rsquo;\u00e9tude des mobiliers<\/strong> trouv\u00e9s durant les fouilles contribuera \u00e0 pr\u00e9ciser l&rsquo;origine et la chronologie des apports s\u00e9dimentaires. <strong>L&rsquo;analyse des <\/strong><em><strong>graffit<\/strong>i<\/em> visera \u00e0 comprendre leur place dans l&rsquo;architecture, leurs caract\u00e9ristiques et \u00e0 \u00e9tablir une chronologie en lien avec l&rsquo;histoire du monument.<strong> Une \u00e9tude documentaire<\/strong> viendra enrichir l&rsquo;histoire de la porte Saint-Jacques en croisant les sources \u00e9crites et les t\u00e9moignages grav\u00e9s, ce qui pourrait aider \u00e0 identifier certains <em>graffiti<\/em>. Enfin, <strong>une synth\u00e8se des \u00e9tudes<\/strong> permettra de retracer les grandes \u00e9volutions du b\u00e2timent.<\/p>\n","protected":false},"excerpt":{"rendered":"<p>Les fouilles arch\u00e9ologiques men\u00e9es sur le site de Cognac (16) \u2013 Quai Maurice-Hennessy &#8211; Porte Saint-Jacques ont \u00e9t\u00e9 r\u00e9alis\u00e9es sous la direction de Paul BUTAUD depuis juin 2023, dans le cadre du projet d\u2019am\u00e9nagement port\u00e9 par la communaut\u00e9 d&rsquo;agglom\u00e9ration de Grand Cognac. Les investigations arch\u00e9ologiques ont permis de mettre au jour des vestiges dat\u00e9s du &hellip; <\/p>\n<p class=\"link-more\"><a href=\"https:\/\/www.eveha.fr\/index.php\/2024\/08\/29\/cognac-16-quai-maurice-hennessy-porte-saint-jacques\/\" class=\"more-link\">Continuer la lecture<span class=\"screen-reader-text\"> de &laquo;&nbsp;COGNAC (16) \u2013 Quai Maurice-Hennessy &#8211; Porte Saint-Jacques&nbsp;&raquo;<\/span><\/a><\/p>\n","protected":false},"author":12,"featured_media":6642,"comment_status":"closed","ping_status":"open","sticky":false,"template":"","format":"standard","meta":{"inline_featured_image":false,"footnotes":""},"categories":[1,10,9,8],"tags":[],"_links":{"self":[{"href":"https:\/\/www.eveha.fr\/index.php\/wp-json\/wp\/v2\/posts\/6629"}],"collection":[{"href":"https:\/\/www.eveha.fr\/index.php\/wp-json\/wp\/v2\/posts"}],"about":[{"href":"https:\/\/www.eveha.fr\/index.php\/wp-json\/wp\/v2\/types\/post"}],"author":[{"embeddable":true,"href":"https:\/\/www.eveha.fr\/index.php\/wp-json\/wp\/v2\/users\/12"}],"replies":[{"embeddable":true,"href":"https:\/\/www.eveha.fr\/index.php\/wp-json\/wp\/v2\/comments?post=6629"}],"version-history":[{"count":6,"href":"https:\/\/www.eveha.fr\/index.php\/wp-json\/wp\/v2\/posts\/6629\/revisions"}],"predecessor-version":[{"id":6752,"href":"https:\/\/www.eveha.fr\/index.php\/wp-json\/wp\/v2\/posts\/6629\/revisions\/6752"}],"wp:featuredmedia":[{"embeddable":true,"href":"https:\/\/www.eveha.fr\/index.php\/wp-json\/wp\/v2\/media\/6642"}],"wp:attachment":[{"href":"https:\/\/www.eveha.fr\/index.php\/wp-json\/wp\/v2\/media?parent=6629"}],"wp:term":[{"taxonomy":"category","embeddable":true,"href":"https:\/\/www.eveha.fr\/index.php\/wp-json\/wp\/v2\/categories?post=6629"},{"taxonomy":"post_tag","embeddable":true,"href":"https:\/\/www.eveha.fr\/index.php\/wp-json\/wp\/v2\/tags?post=6629"}],"curies":[{"name":"wp","href":"https:\/\/api.w.org\/{rel}","templated":true}]}}