{"id":6712,"date":"2024-09-04T16:27:23","date_gmt":"2024-09-04T14:27:23","guid":{"rendered":"https:\/\/www.eveha.fr\/?p=6712"},"modified":"2024-09-04T17:16:04","modified_gmt":"2024-09-04T15:16:04","slug":"perigueux-24-rue-des-thermes","status":"publish","type":"post","link":"https:\/\/www.eveha.fr\/index.php\/2024\/09\/04\/perigueux-24-rue-des-thermes\/","title":{"rendered":"P\u00c9RIGUEUX (24) \u2013 Extension du r\u00e9seau de chaleur des Deux Rives"},"content":{"rendered":"\n<p>L\u2019op\u00e9ration arch\u00e9ologique men\u00e9e sur le site de P\u00e9rigueux (24) \u2013 Rue des Thermes a \u00e9t\u00e9 r\u00e9alis\u00e9e sous la responsabilit\u00e9 de Pierre Dumas-Lattaque dans le cadre d\u2019un suivi de travaux lors de l\u2019extension du r\u00e9seau de chaleur urbain des Deux Rives, port\u00e9 par ENGIE Solutions. Les investigations arch\u00e9ologiques ont permis de mettre au jour des vestiges s\u2019\u00e9chelonnant <strong>de l\u2019Antiquit\u00e9 aux \u00c9poques moderne et contemporaine.<\/strong><\/p>\n\n\n\n<!--more-->\n\n\n\n<h4 class=\"wp-block-heading\">Vue d\u2019ensemble des objectifs de la fouille<\/h4>\n\n\n\n<p><strong><mark style=\"background-color:rgba(0, 0, 0, 0)\" class=\"has-inline-color has-black-color\">Le suivi de travaux d<\/mark>e 1495 m\u00e8tres lin\u00e9aires<\/strong> de tranch\u00e9es \u00e0 travers la moiti\u00e9 nord de la ville antique de <strong>Vesunna<\/strong> avait pour but d&rsquo;enrichir nos connaissances sur la cr\u00e9ation, l\u2019\u00e9volution et l\u2019abandon de la Cit\u00e9. Les \u00e9tudes devaient se concentrer sur plusieurs points, notamment sur<strong> les axes de circulation antiques<\/strong>. Le trac\u00e9 du r\u00e9seau de chaleur devaient en effet traverser plusieurs axes structurants de la ville antique, offrant l&rsquo;opportunit\u00e9 d&rsquo;\u00e9tudier leurs phases de construction, de modifications et d&rsquo;abandon, ainsi que de compl\u00e9ter le plan de la ville et de mieux comprendre <strong>son d\u00e9clin au III<sup>e<\/sup> si\u00e8cle<\/strong>. Le second objectif de l\u2019op\u00e9ration devait permettre de <strong>mieux cartographier les occupations antiques<\/strong>, notamment celles en lien avec des carri\u00e8res de pierre et des b\u00e2timents associ\u00e9s, ainsi que de pr\u00e9ciser les phases d&rsquo;abandon et l<strong>es <em>hiatus<\/em> chronologiques<\/strong> observ\u00e9s entre la fin du Bas-Empire (III<sup>e<\/sup> si\u00e8cle) et le haut Moyen \u00c2ge. Sur l\u2019ensemble du trac\u00e9, la fouille devait permettre de mieux caract\u00e9riser les phases d\u2019abandons et\/ou de r\u00e9occupations, comme cela avait \u00e9t\u00e9 fait par Wandel Migeon en 2011, impasse de V\u00e9sone. Enfin, rue Claude Bernard, la proximit\u00e9 directe de la zone de fouille avec l\u2019emprise du cimeti\u00e8re de l\u2019\u00e9glise Saint-Pierre, fouill\u00e9e en 2022 par Laure Leroux (Had\u00e8s), devait apporter des \u00e9l\u00e9ments de r\u00e9ponse quant \u00e0 la <strong>probable pr\u00e9sence de s\u00e9pultures m\u00e9di\u00e9vales<\/strong> dans cette zone.<\/p>\n\n\n\n<h4 class=\"wp-block-heading\">Zoom sur l\u2019Antiquit\u00e9<\/h4>\n\n\n\n<p>Pour l&rsquo;Antiquit\u00e9, le suivi a permis de compl\u00e9ter les informations sur la partie sud de la <strong><em>domus<\/em> de V\u00e9sone<\/strong> (actuel mus\u00e9e Vesunna), en mettant au jour le <em><strong>cardo<\/strong><\/em> (axe nord-sud) qui longe l&rsquo;\u00eelot \u00e0 l&rsquo;ouest. Son emplacement est d\u00e9cal\u00e9 de quelques m\u00e8tres par rapport au trac\u00e9 pr\u00e9sum\u00e9. La voie est bord\u00e9e par un trottoir \u00e0 l&rsquo;est, <strong>dot\u00e9 d&rsquo;une colonnade<\/strong> (d\u00e9couverte d&rsquo;une base de colonne). \u00c0 l&rsquo;est de cette rue, on observe la pr\u00e9sence d&rsquo;une vaste salle compos\u00e9e d\u2019un sol en mortier et pourvu d&rsquo;une <strong>base de pilier\/colonne<\/strong> en son centre. Au niveau de la tour de V\u00e9sone, c&rsquo;est le <strong>mur du p\u00e9ribole<\/strong> (mur entourant un espace consacr\u00e9) qui a \u00e9t\u00e9 crois\u00e9 dans l&rsquo;angle sud-ouest et dans l&rsquo;angle nord-ouest de l&rsquo;\u00e9difice. Il se pr\u00e9sente sous la forme d&rsquo;un mur assez large de 1,10&nbsp;m, construit en moellons calcaires. Dans la rue du 26<sup>e<\/sup> RI, le <em><strong>decumanus<\/strong><\/em> principal de la cit\u00e9 a \u00e9t\u00e9 d\u00e9couvert sur environ 30 m, passant devant l<strong>a <em>domus<\/em> de V\u00e9sone et le temple<\/strong>. Il se compose de niveaux de cailloutis marquant des \u00e9tats d&rsquo;utilisation successifs. Dans la rue L\u00e9on-F\u00e9lix, plusieurs murs sont apparus formant de larges pi\u00e8ces dont l&rsquo;une doit correspondre \u00e0 une pi\u00e8ce chauff\u00e9e par le sol voire <strong>une pi\u00e8ce thermale<\/strong>. Des \u00e9l\u00e9ments de <em><strong>suspensura<\/strong><\/em> (dalle suspendue) et de <em><strong>tubuli<\/strong><\/em> (canalisations en terre cuite en forme de tube) ont \u00e9t\u00e9 d\u00e9couverts dans la d\u00e9molition, ainsi que du mortier de tuileau au niveau des murs. Dans la rue Lacalpren\u00e8de, un tron\u00e7on du <em>decumanus<\/em> d&rsquo;une dizaine de m\u00e8tres de large, en provenance du pont Japhet, a \u00e9t\u00e9 observ\u00e9 au fond de la tranch\u00e9e. <\/p>\n\n\n\n<figure class=\"wp-block-image size-full is-resized\"><img decoding=\"async\" loading=\"lazy\" src=\"https:\/\/www.eveha.fr\/wp-content\/uploads\/2024\/08\/Fig.1-Pierre-DUMAS-LATTAQUE.resized.jpg\" alt=\"\" class=\"wp-image-6713\" style=\"width:674px;height:506px\" width=\"674\" height=\"506\" srcset=\"https:\/\/www.eveha.fr\/wp-content\/uploads\/2024\/08\/Fig.1-Pierre-DUMAS-LATTAQUE.resized.jpg 1024w, https:\/\/www.eveha.fr\/wp-content\/uploads\/2024\/08\/Fig.1-Pierre-DUMAS-LATTAQUE.resized-300x225.jpg 300w, https:\/\/www.eveha.fr\/wp-content\/uploads\/2024\/08\/Fig.1-Pierre-DUMAS-LATTAQUE.resized-768x576.jpg 768w\" sizes=\"(max-width: 674px) 100vw, 674px\" \/><figcaption class=\"wp-element-caption\">Fig. 1&nbsp;: Coupe du cardo \u00e0 l&rsquo;ouest de la domus de V\u00e9sone. Cr\u00e9dit : \u00c9veha 2024<\/figcaption><\/figure>\n\n\n\n<figure class=\"wp-block-image size-full is-resized\"><img decoding=\"async\" loading=\"lazy\" src=\"https:\/\/www.eveha.fr\/wp-content\/uploads\/2024\/08\/Fig.3-Pierre-DUMAS-LATTAQUE.resized.jpg\" alt=\"\" class=\"wp-image-6714\" style=\"width:674px;height:506px\" width=\"674\" height=\"506\" srcset=\"https:\/\/www.eveha.fr\/wp-content\/uploads\/2024\/08\/Fig.3-Pierre-DUMAS-LATTAQUE.resized.jpg 1024w, https:\/\/www.eveha.fr\/wp-content\/uploads\/2024\/08\/Fig.3-Pierre-DUMAS-LATTAQUE.resized-300x225.jpg 300w, https:\/\/www.eveha.fr\/wp-content\/uploads\/2024\/08\/Fig.3-Pierre-DUMAS-LATTAQUE.resized-768x576.jpg 768w\" sizes=\"(max-width: 674px) 100vw, 674px\" \/><figcaption class=\"wp-element-caption\">Fig. 2&nbsp;: Mur ouest du p\u00e9ribole de la tour de V\u00e9sone. Cr\u00e9dit : \u00c9veha 2024<\/figcaption><\/figure>\n\n\n\n<figure class=\"wp-block-image size-full is-resized\"><img decoding=\"async\" loading=\"lazy\" src=\"https:\/\/www.eveha.fr\/wp-content\/uploads\/2024\/08\/Fig.4-Pierre-DUMAS-LATTAQUE.resized.jpg\" alt=\"\" class=\"wp-image-6715\" style=\"width:674px;height:506px\" width=\"674\" height=\"506\" srcset=\"https:\/\/www.eveha.fr\/wp-content\/uploads\/2024\/08\/Fig.4-Pierre-DUMAS-LATTAQUE.resized.jpg 1024w, https:\/\/www.eveha.fr\/wp-content\/uploads\/2024\/08\/Fig.4-Pierre-DUMAS-LATTAQUE.resized-300x225.jpg 300w, https:\/\/www.eveha.fr\/wp-content\/uploads\/2024\/08\/Fig.4-Pierre-DUMAS-LATTAQUE.resized-768x576.jpg 768w\" sizes=\"(max-width: 674px) 100vw, 674px\" \/><figcaption class=\"wp-element-caption\">Fig. 3&nbsp;: Base de colonne ou de pilier le long du cardo \u00e0 l&rsquo;ouest de la domus de V\u00e9sone. Cr\u00e9dit : \u00c9veha 2024<\/figcaption><\/figure>\n\n\n\n<figure class=\"wp-block-image size-full is-resized\"><img decoding=\"async\" loading=\"lazy\" src=\"https:\/\/www.eveha.fr\/wp-content\/uploads\/2024\/08\/Fig.5-Pierre-DUMAS-LATTAQUE.resized-rotated.jpg\" alt=\"\" class=\"wp-image-6720\" style=\"width:674px;height:899px\" width=\"674\" height=\"899\" srcset=\"https:\/\/www.eveha.fr\/wp-content\/uploads\/2024\/08\/Fig.5-Pierre-DUMAS-LATTAQUE.resized-rotated.jpg 768w, https:\/\/www.eveha.fr\/wp-content\/uploads\/2024\/08\/Fig.5-Pierre-DUMAS-LATTAQUE.resized-225x300.jpg 225w\" sizes=\"(max-width: 674px) 100vw, 674px\" \/><figcaption class=\"wp-element-caption\">Fig. 4&nbsp;: Angle des murs ouest et nord du p\u00e9ribole de la tour de V\u00e9sone. Cr\u00e9dit : \u00c9veha 2024<\/figcaption><\/figure>\n\n\n\n<figure class=\"wp-block-image size-full is-resized\"><img decoding=\"async\" loading=\"lazy\" src=\"https:\/\/www.eveha.fr\/wp-content\/uploads\/2024\/08\/Fig.6-Pierre-DUMAS-LATTAQUE.resized.jpg\" alt=\"\" class=\"wp-image-6716\" style=\"width:674px;height:506px\" width=\"674\" height=\"506\" srcset=\"https:\/\/www.eveha.fr\/wp-content\/uploads\/2024\/08\/Fig.6-Pierre-DUMAS-LATTAQUE.resized.jpg 1024w, https:\/\/www.eveha.fr\/wp-content\/uploads\/2024\/08\/Fig.6-Pierre-DUMAS-LATTAQUE.resized-300x225.jpg 300w, https:\/\/www.eveha.fr\/wp-content\/uploads\/2024\/08\/Fig.6-Pierre-DUMAS-LATTAQUE.resized-768x576.jpg 768w\" sizes=\"(max-width: 674px) 100vw, 674px\" \/><figcaption class=\"wp-element-caption\">Fig. 5&nbsp;: Mur de la pi\u00e8ce chauff\u00e9e par le sol d\u00e9couvert rue L\u00e9on-F\u00e9lix. Cr\u00e9dit : \u00c9veha 2024<\/figcaption><\/figure>\n\n\n\n<h4 class=\"wp-block-heading\">Du Moyen \u00e2ge aux \u00c9poques moderne et contemporaine<\/h4>\n\n\n\n<p>Concernant ces p\u00e9riodes, la tranch\u00e9e au nord du mus\u00e9e a repris le trac\u00e9 d&rsquo;un mur d&rsquo;un b\u00e2timent de la <strong>caserne Bugeaud<\/strong>. La rue du Vieux Cimeti\u00e8re a \u00e9t\u00e9 suivie sur pr\u00e8s de 150&nbsp;m. La tranch\u00e9e de raccordement du b\u00e2timent de la DDT ainsi que celle au niveau de la rue du 26<sup>e<\/sup> RI ont permis la d\u00e9couverte de <strong>s\u00e9pultures en lien avec l&rsquo;\u00e9glise Saint-Pierre<\/strong>. Enfin, le trac\u00e9 \u00e0 l&rsquo;int\u00e9rieur de la cit\u00e9 administrative a permis la mise au jour des murs en lien avec les b\u00e2timents de la caserne.<\/p>\n\n\n\n<figure class=\"wp-block-image size-full is-resized\"><img decoding=\"async\" loading=\"lazy\" src=\"https:\/\/www.eveha.fr\/wp-content\/uploads\/2024\/08\/Fig.7-Pierre-DUMAS-LATTAQUE.resized.jpg\" alt=\"\" class=\"wp-image-6717\" style=\"width:674px;height:506px\" width=\"674\" height=\"506\" srcset=\"https:\/\/www.eveha.fr\/wp-content\/uploads\/2024\/08\/Fig.7-Pierre-DUMAS-LATTAQUE.resized.jpg 1024w, https:\/\/www.eveha.fr\/wp-content\/uploads\/2024\/08\/Fig.7-Pierre-DUMAS-LATTAQUE.resized-300x225.jpg 300w, https:\/\/www.eveha.fr\/wp-content\/uploads\/2024\/08\/Fig.7-Pierre-DUMAS-LATTAQUE.resized-768x576.jpg 768w\" sizes=\"(max-width: 674px) 100vw, 674px\" \/><figcaption class=\"wp-element-caption\">Fig. 6&nbsp;: Coupe dans la rue du 26<sup>e<\/sup> RI avec tout en bas le decumanus antique recoup\u00e9 par une s\u00e9pulture m\u00e9di\u00e9vale\/moderne surmont\u00e9 par la rue des Vieux Cimeti\u00e8res. Cr\u00e9dit : \u00c9veha 2024<\/figcaption><\/figure>\n\n\n\n<figure class=\"wp-block-image size-full\"><img decoding=\"async\" loading=\"lazy\" width=\"1024\" height=\"768\" src=\"https:\/\/www.eveha.fr\/wp-content\/uploads\/2024\/08\/Fig.8-Pierre-DUMAS-LATTAQUE.resized.jpg\" alt=\"\" class=\"wp-image-6718\" srcset=\"https:\/\/www.eveha.fr\/wp-content\/uploads\/2024\/08\/Fig.8-Pierre-DUMAS-LATTAQUE.resized.jpg 1024w, https:\/\/www.eveha.fr\/wp-content\/uploads\/2024\/08\/Fig.8-Pierre-DUMAS-LATTAQUE.resized-300x225.jpg 300w, https:\/\/www.eveha.fr\/wp-content\/uploads\/2024\/08\/Fig.8-Pierre-DUMAS-LATTAQUE.resized-768x576.jpg 768w\" sizes=\"(max-width: 767px) 89vw, (max-width: 1000px) 54vw, (max-width: 1071px) 543px, 580px\" \/><figcaption class=\"wp-element-caption\">Fig. 7 : Ensemble de s\u00e9pultures m\u00e9di\u00e9vale\/moderne dans la rue du 26<sup>e<\/sup> RI. Cr\u00e9dit : \u00c9veha 2024<\/figcaption><\/figure>\n\n\n\n<figure class=\"wp-block-image size-full\"><img decoding=\"async\" loading=\"lazy\" width=\"1024\" height=\"768\" src=\"https:\/\/www.eveha.fr\/wp-content\/uploads\/2024\/08\/Fig.9-Pierre-DUMAS-LATTAQUE.resized.jpg\" alt=\"\" class=\"wp-image-6719\" srcset=\"https:\/\/www.eveha.fr\/wp-content\/uploads\/2024\/08\/Fig.9-Pierre-DUMAS-LATTAQUE.resized.jpg 1024w, https:\/\/www.eveha.fr\/wp-content\/uploads\/2024\/08\/Fig.9-Pierre-DUMAS-LATTAQUE.resized-300x225.jpg 300w, https:\/\/www.eveha.fr\/wp-content\/uploads\/2024\/08\/Fig.9-Pierre-DUMAS-LATTAQUE.resized-768x576.jpg 768w\" sizes=\"(max-width: 767px) 89vw, (max-width: 1000px) 54vw, (max-width: 1071px) 543px, 580px\" \/><figcaption class=\"wp-element-caption\">Fig. 8 : Mur moderne\/contemporain dans la cit\u00e9 administrative. Cr\u00e9dit : \u00c9veha 2024<\/figcaption><\/figure>\n\n\n\n<h4 class=\"wp-block-heading\">Objectifs scientifiques<\/h4>\n\n\n\n<p>Le but des \u00e9tudes de post-fouille sera de <strong>compl\u00e9ter les donn\u00e9es concernant la ville antiqu<\/strong>e, notamment en ce qui concerne les voies, puisque trois sections de rues ont \u00e9t\u00e9 d\u00e9couverts au cours du suivi de travaux. L&rsquo;\u00e9tude s&rsquo;efforcera de <strong>dater les diff\u00e9rents niveaux d&rsquo;utilisation<\/strong>. Les vestiges li\u00e9s \u00e0 la tour de V\u00e9sone permettront \u00e9galement de <strong>v\u00e9rifier les informations issues des fouilles anciennes<\/strong>. Au sud de la <em>domus<\/em> de V\u00e9sone, les informations r\u00e9colt\u00e9es viendront compl\u00e9ter les donn\u00e9es sur cette partie mal connue de l&rsquo;\u00eelot. De la m\u00eame mani\u00e8re, les d\u00e9couvertes r\u00e9alis\u00e9es rue L\u00e9on-F\u00e9lix viendront <strong>compl\u00e9ter les donn\u00e9es relatives \u00e0 l&rsquo;\u00eelot au sud du <em>decumanus<\/em><\/strong> en provenance du pont Japhet. Pour les parties m\u00e9di\u00e9vale, moderne et contemporaine, la post-fouille permettra de <strong>faire le lien entre le cimeti\u00e8re de l&rsquo;\u00e9glise Saint-Pierre  et la rue des Vieux Cimeti\u00e8res<\/strong> dont le trac\u00e9 recoupe certaines s\u00e9pultures.<\/p>\n","protected":false},"excerpt":{"rendered":"<p>L\u2019op\u00e9ration arch\u00e9ologique men\u00e9e sur le site de P\u00e9rigueux (24) \u2013 Rue des Thermes a \u00e9t\u00e9 r\u00e9alis\u00e9e sous la responsabilit\u00e9 de Pierre Dumas-Lattaque dans le cadre d\u2019un suivi de travaux lors de l\u2019extension du r\u00e9seau de chaleur urbain des Deux Rives, port\u00e9 par ENGIE Solutions. Les investigations arch\u00e9ologiques ont permis de mettre au jour des vestiges &hellip; <\/p>\n<p class=\"link-more\"><a href=\"https:\/\/www.eveha.fr\/index.php\/2024\/09\/04\/perigueux-24-rue-des-thermes\/\" class=\"more-link\">Continuer la lecture<span class=\"screen-reader-text\"> de &laquo;&nbsp;P\u00c9RIGUEUX (24) \u2013 Extension du r\u00e9seau de chaleur des Deux Rives&nbsp;&raquo;<\/span><\/a><\/p>\n","protected":false},"author":12,"featured_media":6723,"comment_status":"closed","ping_status":"open","sticky":false,"template":"","format":"standard","meta":{"inline_featured_image":false,"footnotes":""},"categories":[1,6,10,9,8],"tags":[],"_links":{"self":[{"href":"https:\/\/www.eveha.fr\/index.php\/wp-json\/wp\/v2\/posts\/6712"}],"collection":[{"href":"https:\/\/www.eveha.fr\/index.php\/wp-json\/wp\/v2\/posts"}],"about":[{"href":"https:\/\/www.eveha.fr\/index.php\/wp-json\/wp\/v2\/types\/post"}],"author":[{"embeddable":true,"href":"https:\/\/www.eveha.fr\/index.php\/wp-json\/wp\/v2\/users\/12"}],"replies":[{"embeddable":true,"href":"https:\/\/www.eveha.fr\/index.php\/wp-json\/wp\/v2\/comments?post=6712"}],"version-history":[{"count":6,"href":"https:\/\/www.eveha.fr\/index.php\/wp-json\/wp\/v2\/posts\/6712\/revisions"}],"predecessor-version":[{"id":6782,"href":"https:\/\/www.eveha.fr\/index.php\/wp-json\/wp\/v2\/posts\/6712\/revisions\/6782"}],"wp:featuredmedia":[{"embeddable":true,"href":"https:\/\/www.eveha.fr\/index.php\/wp-json\/wp\/v2\/media\/6723"}],"wp:attachment":[{"href":"https:\/\/www.eveha.fr\/index.php\/wp-json\/wp\/v2\/media?parent=6712"}],"wp:term":[{"taxonomy":"category","embeddable":true,"href":"https:\/\/www.eveha.fr\/index.php\/wp-json\/wp\/v2\/categories?post=6712"},{"taxonomy":"post_tag","embeddable":true,"href":"https:\/\/www.eveha.fr\/index.php\/wp-json\/wp\/v2\/tags?post=6712"}],"curies":[{"name":"wp","href":"https:\/\/api.w.org\/{rel}","templated":true}]}}