{"id":6880,"date":"2024-10-07T15:06:02","date_gmt":"2024-10-07T13:06:02","guid":{"rendered":"https:\/\/www.eveha.fr\/?p=6880"},"modified":"2024-10-07T16:23:10","modified_gmt":"2024-10-07T14:23:10","slug":"questembert-56-avenue-de-la-gare","status":"publish","type":"post","link":"https:\/\/www.eveha.fr\/index.php\/2024\/10\/07\/questembert-56-avenue-de-la-gare\/","title":{"rendered":"QUESTEMBERT (56) \u2013 Avenue de la Gare"},"content":{"rendered":"\n<p>Les fouilles arch\u00e9ologiques men\u00e9es sur le site de Questembert (56) \u2013 <em>Avenue de la Gare<\/em> ont \u00e9t\u00e9 r\u00e9alis\u00e9es sous la responsabilit\u00e9 de Yann Dufay-Garel dans le cadre d&rsquo;un projet de lotissement port\u00e9 par SARL AM\u2019INVEST. Les investigations arch\u00e9ologiques, men\u00e9es sur 7\u00a0300\u00a0m\u00b2, ont permis de mettre au jour <strong>un \u00e9tablissement enclos du second \u00e2ge du Fer (La T\u00e8ne) et quelques vestiges des \u00c9poques moderne et contemporaine<\/strong>.<\/p>\n\n\n\n<!--more-->\n\n\n\n<h4 class=\"wp-block-heading\">Le contexte arch\u00e9ologique pr\u00e9alable  <\/h4>\n\n\n\n<p>La fouille du site de l\u2019avenue de la Gare \u00e0 Questembert devait permettre d&rsquo;\u00e9tudier une <strong>occupation rurale datant du d\u00e9but du second \u00e2ge du Fer<\/strong>. Cette recherche s&rsquo;inscrivait dans des probl\u00e9matiques arch\u00e9ologiques r\u00e9centes concernant les habitats de cette p\u00e9riode dans le nord-ouest de la France. L&rsquo;occupation du site \u00e9tait significative pour la partie orientale du Morbihan et venait combler un vide arch\u00e9ologique concernant les \u00e9tablissements enclos de cette \u00e9poque. En effet, <strong>le IV<sup>e<\/sup> s. av. n. \u00e8. a marqu\u00e9 \u00e0 la fois l\u2019abandon des \u00e9tablissements des VI<sup>e<\/sup> et V<sup>e<\/sup> s. av. n. \u00e8., mais \u00e9galement l&rsquo;\u00e9mergence de nouveaux \u00e9tablissements enclos aux formes vari\u00e9es<\/strong>, refl\u00e9tant des sp\u00e9cificit\u00e9s de production et de statut. Cette fouille devait donc permettre d&rsquo;enrichir les connaissances sur le territoire au d\u00e9but du second \u00e2ge du Fer, en compl\u00e9tant d&rsquo;autres \u00e9tudes men\u00e9es r\u00e9cemment dans la r\u00e9gion.<\/p>\n\n\n\n<figure class=\"wp-block-image size-full\"><img decoding=\"async\" loading=\"lazy\" width=\"1024\" height=\"768\" src=\"https:\/\/www.eveha.fr\/wp-content\/uploads\/2024\/10\/Fig.-1-Yann-Dufay-Garel.resized.jpg\" alt=\"\" class=\"wp-image-6881\" srcset=\"https:\/\/www.eveha.fr\/wp-content\/uploads\/2024\/10\/Fig.-1-Yann-Dufay-Garel.resized.jpg 1024w, https:\/\/www.eveha.fr\/wp-content\/uploads\/2024\/10\/Fig.-1-Yann-Dufay-Garel.resized-300x225.jpg 300w, https:\/\/www.eveha.fr\/wp-content\/uploads\/2024\/10\/Fig.-1-Yann-Dufay-Garel.resized-768x576.jpg 768w\" sizes=\"(max-width: 767px) 89vw, (max-width: 1000px) 54vw, (max-width: 1071px) 543px, 580px\" \/><figcaption class=\"wp-element-caption\">Fig. 1 : Vue g\u00e9n\u00e9rale du site depuis le sud. Cr\u00e9dit : \u00c9veha 2024<\/figcaption><\/figure>\n\n\n\n<figure class=\"wp-block-image size-full\"><img decoding=\"async\" loading=\"lazy\" width=\"970\" height=\"768\" src=\"https:\/\/www.eveha.fr\/wp-content\/uploads\/2024\/10\/Fig.-2-Yann-Dufay-Garel.resized.jpg\" alt=\"\" class=\"wp-image-6882\" srcset=\"https:\/\/www.eveha.fr\/wp-content\/uploads\/2024\/10\/Fig.-2-Yann-Dufay-Garel.resized.jpg 970w, https:\/\/www.eveha.fr\/wp-content\/uploads\/2024\/10\/Fig.-2-Yann-Dufay-Garel.resized-300x238.jpg 300w, https:\/\/www.eveha.fr\/wp-content\/uploads\/2024\/10\/Fig.-2-Yann-Dufay-Garel.resized-768x608.jpg 768w\" sizes=\"(max-width: 767px) 89vw, (max-width: 1000px) 54vw, (max-width: 1071px) 543px, 580px\" \/><figcaption class=\"wp-element-caption\">Fig. 2 : Plan phas\u00e9 provisoire du site \u00e0 l\u2019issue de la fouille. Cr\u00e9dit : \u00c9veha 2024<\/figcaption><\/figure>\n\n\n\n<h4 class=\"wp-block-heading\">Les finalit\u00e9s scientifiques <\/h4>\n\n\n\n<p>La vis\u00e9e scientifique de la fouille men\u00e9e \u00e0 Questembert \u00e9tait de<strong> caract\u00e9riser les rythmes d\u2019occupation<\/strong> afin de distinguer les structures antiques et protohistoriques,<strong> d&rsquo;observer l\u2019occupation du territoire sur le long terme<\/strong> <em>via<\/em> une approche planim\u00e9trique, mais \u00e9galement <strong>de mettre en perspective les r\u00e9sultats<\/strong> avec d&rsquo;autres sites locaux et r\u00e9gionaux. L&rsquo;objectif principal \u00e9tait donc de pr\u00e9ciser la nature, la fonction et l\u2019organisation des diff\u00e9rentes structures tout en insistant sur les relations spatiales des diff\u00e9rents ensembles. La fouille s\u2019est donc concentr\u00e9e sur l\u2019enclos attribu\u00e9 \u00e0 <strong>La T\u00e8ne ancienne<\/strong> (-400 \u00e0 -250), cherchant \u00e0 d\u00e9terminer sa fonction et son organisation, tant \u00e0 l\u2019int\u00e9rieur qu\u2019\u00e0 l\u2019ext\u00e9rieur. Une attention particuli\u00e8re a \u00e9t\u00e9 port\u00e9e \u00e0 la recherche des \u00e9l\u00e9ments mobiliers afin d\u2019\u00e9tablir la chronologie de l\u2019enclos, tout en analysant les formes de b\u00e2timents et les activit\u00e9s domestiques et artisanales associ\u00e9es. Enfin, un des objectifs cl\u00e9s a \u00e9t\u00e9 de d\u00e9terminer le phasage des vestiges, en \u00e9tudiant la stratification et les relations entre les structures, tout en int\u00e9grant un programme de datation absolue par le biais d\u2019analyses au radiocarbone.<\/p>\n\n\n\n<h4 class=\"wp-block-heading\">Un enclos ovale<\/h4>\n\n\n\n<p><strong>Apr\u00e8s une premi\u00e8re occupation gauloise ouverte<\/strong>, mat\u00e9rialis\u00e9e par un court tron\u00e7on de foss\u00e9 et au moins deux b\u00e2timents sur poteaux, un petit \u00e9tablissement enclos est fond\u00e9 probablement <strong>dans le courant du IV<sup>e <\/sup>si\u00e8cle av. n. \u00e8<\/strong>. Celui-ci est d\u00e9limit\u00e9 par un foss\u00e9 de cl\u00f4ture formant un <strong>plan ovale de 1&nbsp;500&nbsp;m\u00b2 environ<\/strong>, presque int\u00e9gralement compris dans l\u2019emprise de fouille. L\u2019excavation, de faible gabarit, mesure pr\u00e8s de 1&nbsp;m de large pour une profondeur conserv\u00e9e de 0,50&nbsp;m environ. Il est combl\u00e9 par une <strong>quantit\u00e9 importante de blocs de granite probablement issus de l\u2019effondrement d\u2019un talus parement\u00e9 adjacent<\/strong> (Fig. 3). <strong>Une entr\u00e9e<\/strong> a \u00e9t\u00e9 identifi\u00e9e en limite nord de l\u2019emprise, sous la forme d\u2019une interruption du foss\u00e9 prot\u00e9g\u00e9e par un imposant <strong>porche d\u2019acc\u00e8s<\/strong> \u00e9difi\u00e9 sur six poteaux porteurs (Fig. 4).<\/p>\n\n\n\n<figure class=\"wp-block-image size-full\"><img decoding=\"async\" loading=\"lazy\" width=\"768\" height=\"1024\" src=\"https:\/\/www.eveha.fr\/wp-content\/uploads\/2024\/10\/Fig.-3-Yann-Dufay-Garel.resized-rotated.jpg\" alt=\"\" class=\"wp-image-6883\" srcset=\"https:\/\/www.eveha.fr\/wp-content\/uploads\/2024\/10\/Fig.-3-Yann-Dufay-Garel.resized-rotated.jpg 768w, https:\/\/www.eveha.fr\/wp-content\/uploads\/2024\/10\/Fig.-3-Yann-Dufay-Garel.resized-225x300.jpg 225w\" sizes=\"(max-width: 767px) 89vw, (max-width: 1000px) 54vw, (max-width: 1071px) 543px, 580px\" \/><figcaption class=\"wp-element-caption\">Fig. 3 : Tron\u00e7on de foss\u00e9 d\u2019enclos combl\u00e9 par des blocs de granite. Cr\u00e9dit : \u00c9veha 2024<\/figcaption><\/figure>\n\n\n\n<figure class=\"wp-block-image size-full\"><img decoding=\"async\" loading=\"lazy\" width=\"1024\" height=\"768\" src=\"https:\/\/www.eveha.fr\/wp-content\/uploads\/2024\/10\/Fig.-4-Yann-Dufay-Garel.resized.jpg\" alt=\"\" class=\"wp-image-6884\" srcset=\"https:\/\/www.eveha.fr\/wp-content\/uploads\/2024\/10\/Fig.-4-Yann-Dufay-Garel.resized.jpg 1024w, https:\/\/www.eveha.fr\/wp-content\/uploads\/2024\/10\/Fig.-4-Yann-Dufay-Garel.resized-300x225.jpg 300w, https:\/\/www.eveha.fr\/wp-content\/uploads\/2024\/10\/Fig.-4-Yann-Dufay-Garel.resized-768x576.jpg 768w\" sizes=\"(max-width: 767px) 89vw, (max-width: 1000px) 54vw, (max-width: 1071px) 543px, 580px\" \/><figcaption class=\"wp-element-caption\">Fig. 4 : Vue z\u00e9nithale du porche d\u2019acc\u00e8s et du b\u00e2timent adjacent. Cr\u00e9dit : \u00c9veha 2024<\/figcaption><\/figure>\n\n\n\n<h4 class=\"wp-block-heading\">Des b\u00e2timents sur poteaux et tranch\u00e9es de fondation<\/h4>\n\n\n\n<p><strong>\u00c0 l\u2019int\u00e9rieur de l\u2019enclos, au moins cinq b\u00e2timents \u00e9difi\u00e9s en mat\u00e9riaux p\u00e9rissables <\/strong>ont \u00e9t\u00e9 identifi\u00e9s. Dans la moiti\u00e9 sud, trois petits b\u00e2timents sur poteaux plant\u00e9s mat\u00e9rialisent probablement un espace d\u00e9di\u00e9 au <strong>stockage<\/strong> et <strong>aux activit\u00e9s agricoles<\/strong> de l\u2019exploitation. Au nord, de part et d\u2019autre de l\u2019entr\u00e9e, <strong>deux grandes constructions oblongues d\u2019environ 70&nbsp;m\u00b2 <\/strong>pourraient correspondre \u00e0 <strong>des b\u00e2timents d\u2019habitation<\/strong> (Fig. 5). L\u2019emplacement des parois ext\u00e9rieures peut \u00eatre partiellement restitu\u00e9 gr\u00e2ce aux tranch\u00e9es de fondation conserv\u00e9es.<\/p>\n\n\n\n<figure class=\"wp-block-image size-full is-resized\"><img decoding=\"async\" loading=\"lazy\" src=\"https:\/\/www.eveha.fr\/wp-content\/uploads\/2024\/10\/Fig.-5-Yann-Dufay-Garel.resized.jpg\" alt=\"\" class=\"wp-image-6885\" style=\"width:674px;height:506px\" width=\"674\" height=\"506\" srcset=\"https:\/\/www.eveha.fr\/wp-content\/uploads\/2024\/10\/Fig.-5-Yann-Dufay-Garel.resized.jpg 1024w, https:\/\/www.eveha.fr\/wp-content\/uploads\/2024\/10\/Fig.-5-Yann-Dufay-Garel.resized-300x225.jpg 300w, https:\/\/www.eveha.fr\/wp-content\/uploads\/2024\/10\/Fig.-5-Yann-Dufay-Garel.resized-768x576.jpg 768w\" sizes=\"(max-width: 674px) 100vw, 674px\" \/><figcaption class=\"wp-element-caption\">Fig. 5 : Vue z\u00e9nithale d\u2019un des b\u00e2timents sur poteaux et tranch\u00e9e de fondation. Cr\u00e9dit : \u00c9veha 2024<\/figcaption><\/figure>\n\n\n\n<h4 class=\"wp-block-heading\">Les t\u00e9moins d\u2019activit\u00e9s agricoles et domestiques<\/h4>\n\n\n\n<p>Dans la moiti\u00e9 sud de l\u2019enclos, <strong>deux structures de combustion<\/strong> ont \u00e9t\u00e9 mises au jour&nbsp;: un foyer rectangulaire \u00e0 pierres chauff\u00e9es et un four muni d\u2019une fosse d\u2019acc\u00e8s (Fig. 6). <br>Les activit\u00e9s domestiques et agricoles sont \u00e9galement repr\u00e9sent\u00e9es par le mobilier, conserv\u00e9 toutefois en faible quantit\u00e9. Outre la <strong>c\u00e9ramique culinaire<\/strong>, on d\u00e9nombre de <strong>nombreuses meules<\/strong> va-et-vient \u2013 mais \u00e9galement une meule rotative \u2013 rejet\u00e9es dans le foss\u00e9 d\u2019enclos ou remploy\u00e9es dans le parement du talus.<\/p>\n\n\n\n<figure class=\"wp-block-image size-full\"><img decoding=\"async\" loading=\"lazy\" width=\"1024\" height=\"575\" src=\"https:\/\/www.eveha.fr\/wp-content\/uploads\/2024\/10\/Fig.-6-Yann-Dufay-Garel.resized.jpg\" alt=\"\" class=\"wp-image-6886\" srcset=\"https:\/\/www.eveha.fr\/wp-content\/uploads\/2024\/10\/Fig.-6-Yann-Dufay-Garel.resized.jpg 1024w, https:\/\/www.eveha.fr\/wp-content\/uploads\/2024\/10\/Fig.-6-Yann-Dufay-Garel.resized-300x168.jpg 300w, https:\/\/www.eveha.fr\/wp-content\/uploads\/2024\/10\/Fig.-6-Yann-Dufay-Garel.resized-768x431.jpg 768w\" sizes=\"(max-width: 767px) 89vw, (max-width: 1000px) 54vw, (max-width: 1071px) 543px, 580px\" \/><figcaption class=\"wp-element-caption\">Fig. 6 :  Foyer \u00e0 pierres chauff\u00e9es. Cr\u00e9dit : \u00c9veha 2024<\/figcaption><\/figure>\n\n\n\n<h4 class=\"wp-block-heading\">Un r\u00e9seau parcellaire d\u2019\u00e9poques moderne et contemporaine<\/h4>\n\n\n\n<p>Apr\u00e8s l\u2019abandon de l\u2019\u00e9tablissement gaulois, qui ne semble pas avoir perdur\u00e9 sur une longue p\u00e9riode, le site de l\u2019avenue de la Gare ne conna\u00eet pas de nouvelles occupations jusqu\u2019\u00e0 la mise en place <strong>d\u2019un r\u00e9seau parcellaire non dat\u00e9 <\/strong>mais dont on peut supposer qu\u2019il remonte au plus t\u00f4t \u00e0 la fin du Moyen \u00c2ge ou \u00e0 l\u2019\u00c9poque moderne.<\/p>\n\n\n\n<h4 class=\"wp-block-heading\">Les recherches en laboratoire<\/h4>\n\n\n\n<p>Les \u00e9tudes du mobilier ainsi que des donn\u00e9es r\u00e9colt\u00e9es se poursuivent actuellement et permettront d&rsquo;affiner nos connaissances de ce site et de son occupation.<strong> <\/strong><br><strong>Les probl\u00e9matiques \u00e0 venir porteront donc classiquement sur la chronologie et la structuration des occupations gauloises, sur la nature des activit\u00e9s pratiqu\u00e9es et sur leur statut.<\/strong> Une mise en contexte avec les autres enclos fouill\u00e9s dans la r\u00e9gion de Questembert, et plus largement dans le Morbihan, devra \u00e9galement \u00eatre effectu\u00e9e.<\/p>\n","protected":false},"excerpt":{"rendered":"<p>Les fouilles arch\u00e9ologiques men\u00e9es sur le site de Questembert (56) \u2013 Avenue de la Gare ont \u00e9t\u00e9 r\u00e9alis\u00e9es sous la responsabilit\u00e9 de Yann Dufay-Garel dans le cadre d&rsquo;un projet de lotissement port\u00e9 par SARL AM\u2019INVEST. Les investigations arch\u00e9ologiques, men\u00e9es sur 7\u00a0300\u00a0m\u00b2, ont permis de mettre au jour un \u00e9tablissement enclos du second \u00e2ge du Fer &hellip; <\/p>\n<p class=\"link-more\"><a href=\"https:\/\/www.eveha.fr\/index.php\/2024\/10\/07\/questembert-56-avenue-de-la-gare\/\" class=\"more-link\">Continuer la lecture<span class=\"screen-reader-text\"> de &laquo;&nbsp;QUESTEMBERT (56) \u2013 Avenue de la Gare&nbsp;&raquo;<\/span><\/a><\/p>\n","protected":false},"author":7,"featured_media":6888,"comment_status":"closed","ping_status":"open","sticky":false,"template":"","format":"standard","meta":{"inline_featured_image":false,"footnotes":""},"categories":[10,9,5],"tags":[],"_links":{"self":[{"href":"https:\/\/www.eveha.fr\/index.php\/wp-json\/wp\/v2\/posts\/6880"}],"collection":[{"href":"https:\/\/www.eveha.fr\/index.php\/wp-json\/wp\/v2\/posts"}],"about":[{"href":"https:\/\/www.eveha.fr\/index.php\/wp-json\/wp\/v2\/types\/post"}],"author":[{"embeddable":true,"href":"https:\/\/www.eveha.fr\/index.php\/wp-json\/wp\/v2\/users\/7"}],"replies":[{"embeddable":true,"href":"https:\/\/www.eveha.fr\/index.php\/wp-json\/wp\/v2\/comments?post=6880"}],"version-history":[{"count":7,"href":"https:\/\/www.eveha.fr\/index.php\/wp-json\/wp\/v2\/posts\/6880\/revisions"}],"predecessor-version":[{"id":6938,"href":"https:\/\/www.eveha.fr\/index.php\/wp-json\/wp\/v2\/posts\/6880\/revisions\/6938"}],"wp:featuredmedia":[{"embeddable":true,"href":"https:\/\/www.eveha.fr\/index.php\/wp-json\/wp\/v2\/media\/6888"}],"wp:attachment":[{"href":"https:\/\/www.eveha.fr\/index.php\/wp-json\/wp\/v2\/media?parent=6880"}],"wp:term":[{"taxonomy":"category","embeddable":true,"href":"https:\/\/www.eveha.fr\/index.php\/wp-json\/wp\/v2\/categories?post=6880"},{"taxonomy":"post_tag","embeddable":true,"href":"https:\/\/www.eveha.fr\/index.php\/wp-json\/wp\/v2\/tags?post=6880"}],"curies":[{"name":"wp","href":"https:\/\/api.w.org\/{rel}","templated":true}]}}