{"id":6998,"date":"2024-11-26T15:23:34","date_gmt":"2024-11-26T14:23:34","guid":{"rendered":"https:\/\/www.eveha.fr\/?p=6998"},"modified":"2024-11-26T15:23:34","modified_gmt":"2024-11-26T14:23:34","slug":"saintes-17-diconche-usine-deau-potable","status":"publish","type":"post","link":"https:\/\/www.eveha.fr\/index.php\/2024\/11\/26\/saintes-17-diconche-usine-deau-potable\/","title":{"rendered":"SAINTES (17) &#8211; Diconche, usine d&rsquo;eau potable"},"content":{"rendered":"\n<p>Les fouilles arch\u00e9ologiques men\u00e9es sur le site de Saintes (17) &#8211; Diconche, usine d&rsquo;eau potable ont \u00e9t\u00e9 r\u00e9alis\u00e9es par le bureau d\u2019\u00e9tudes \u00c9veha sous la responsabilit\u00e9 de Quentin Favrel dans le cadre du projet d\u2019am\u00e9nagement port\u00e9 par Eau 17. Les investigations arch\u00e9ologiques ont permis de mettre au jour des vestiges dat\u00e9s <strong>du N\u00e9olithique, du Moyen \u00c2ge, de l&rsquo;\u00e9poque moderne et de l&rsquo;\u00e9poque contemporaine.<\/strong><\/p>\n\n\n\n<!--more-->\n\n\n\n<h4 class=\"wp-block-heading\">Probl\u00e9matiques scientifiques du cahier des charges <\/h4>\n\n\n\n<p>La localisation de l\u2019emprise correspondait \u00e0 un secteur de l\u2019aire interne de l\u2019enceinte n\u00e9olithique dont il s\u2019agissait de comprendre le r\u00f4le et la nature. La fouille avait donc vocation \u00e0 \u00e9tablir le corpus des structures, leur datation et de relever toutes les informations spatiales, pal\u00e9oenvironnementales et chronologiques susceptibles de permettre la compr\u00e9hension de l&rsquo;occupation de cet espace.<\/p>\n\n\n\n<p>Les donn\u00e9es de la fouille devaient ensuite \u00eatre replac\u00e9es dans leur contexte, \u00e0 savoir les habitats ceintur\u00e9s n\u00e9olithiques de l\u2019Ouest de la France, en particulier entre Loire et Pyr\u00e9n\u00e9es. <\/p>\n\n\n\n<h4 class=\"wp-block-heading\">L&rsquo;occupation de la fin du N\u00e9olithique<\/h4>\n\n\n\n<p>L&rsquo;op\u00e9ration men\u00e9e au sein de l&rsquo;enceinte n\u00e9olithique de Diconche a permis d&rsquo;identifier deux grandes phases d&rsquo;occupations humaines. La premi\u00e8re concerne la fin du N\u00e9olithique et la seconde s&rsquo;\u00e9tend du bas Moyen \u00c2ge \u00e0 l&rsquo;\u00e9poque moderne ou contemporaine.<\/p>\n\n\n\n<figure class=\"wp-block-image size-large\"><img decoding=\"async\" loading=\"lazy\" width=\"1024\" height=\"724\" src=\"https:\/\/www.eveha.fr\/wp-content\/uploads\/2024\/10\/plan_masse_0808-Quentin-FAVREL-1024x724.png\" alt=\"\" class=\"wp-image-7000\" srcset=\"https:\/\/www.eveha.fr\/wp-content\/uploads\/2024\/10\/plan_masse_0808-Quentin-FAVREL-1024x724.png 1024w, https:\/\/www.eveha.fr\/wp-content\/uploads\/2024\/10\/plan_masse_0808-Quentin-FAVREL-300x212.png 300w, https:\/\/www.eveha.fr\/wp-content\/uploads\/2024\/10\/plan_masse_0808-Quentin-FAVREL-768x543.png 768w, https:\/\/www.eveha.fr\/wp-content\/uploads\/2024\/10\/plan_masse_0808-Quentin-FAVREL-1536x1086.png 1536w, https:\/\/www.eveha.fr\/wp-content\/uploads\/2024\/10\/plan_masse_0808-Quentin-FAVREL-2048x1448.png 2048w\" sizes=\"(max-width: 767px) 89vw, (max-width: 1000px) 54vw, (max-width: 1071px) 543px, 580px\" \/><figcaption class=\"wp-element-caption\">Plan du site du Diconche \u00e0 Saintes. Cr\u00e9dit : \u00c9veha 2024.<\/figcaption><\/figure>\n\n\n\n<p>L&rsquo;occupation n\u00e9olithique mise en \u00e9vidence sur le site s&rsquo;inscrit dans la continuit\u00e9 des op\u00e9rations de fouilles programm\u00e9es r\u00e9alis\u00e9es \u00e0 partir des ann\u00e9es 1980. Elle date du <strong>N\u00e9olithique r\u00e9cent\/final<\/strong> (3350\/2550 av. n. \u00e8.). Elle se mat\u00e9rialise par la pr\u00e9sence de plusieurs faits sur le terrain. Au nord-est du site, <strong>un foss\u00e9 d&rsquo;enceinte<\/strong> <strong>avec syst\u00e8me d&rsquo;entr\u00e9e dit \u00ab en pince de crabe<\/strong> \u00bb est creus\u00e9 presque perpendiculairement \u00e0 la diaclase. <br>Il contient un abondant mobilier lithique, un peu de faune et de c\u00e9ramique. Ce foss\u00e9 pourrait avoir un sym\u00e9trique quelques m\u00e8tres \u00e0 l&rsquo;ouest, mais nettement plus aras\u00e9 et moins riche en mobilier. Ces faits sont aussi passablement perturb\u00e9s, voire recoup\u00e9s par des travaux r\u00e9cents sur le site. La pr\u00e9sence d&rsquo;un foss\u00e9 n\u00e9olithique \u00e0 cet endroit signifie qu&rsquo;il existait un troisi\u00e8me syst\u00e8me d&rsquo;enceinte sur le site, au sommet du plateau. Il s&rsquo;ajoute aux deux syst\u00e8mes d&rsquo;enceinte identifi\u00e9s lors des fouilles programm\u00e9es des ann\u00e9es 1980. <br>Sa relation avec la diaclase doit cependant encore \u00eatre \u00e9claircie. Il est possible que cette derni\u00e8re ait \u00e9t\u00e9 utilis\u00e9e de mani\u00e8re opportuniste par les communaut\u00e9s n\u00e9olithiques, puisqu&rsquo;elle pouvait former un foss\u00e9 naturel. Creuser un tron\u00e7on de foss\u00e9 perpendiculaire \u00e0 cette derni\u00e8re permet alors de barrer l&rsquo;acc\u00e8s au sommet du plateau.<\/p>\n\n\n\n<figure class=\"wp-block-image size-large\"><img decoding=\"async\" loading=\"lazy\" width=\"1024\" height=\"768\" src=\"https:\/\/www.eveha.fr\/wp-content\/uploads\/2024\/10\/Fosse-neolithique-Quentin-FAVREL-1024x768.jpg\" alt=\"\" class=\"wp-image-7001\" srcset=\"https:\/\/www.eveha.fr\/wp-content\/uploads\/2024\/10\/Fosse-neolithique-Quentin-FAVREL-1024x768.jpg 1024w, https:\/\/www.eveha.fr\/wp-content\/uploads\/2024\/10\/Fosse-neolithique-Quentin-FAVREL-300x225.jpg 300w, https:\/\/www.eveha.fr\/wp-content\/uploads\/2024\/10\/Fosse-neolithique-Quentin-FAVREL-768x576.jpg 768w, https:\/\/www.eveha.fr\/wp-content\/uploads\/2024\/10\/Fosse-neolithique-Quentin-FAVREL-1536x1152.jpg 1536w, https:\/\/www.eveha.fr\/wp-content\/uploads\/2024\/10\/Fosse-neolithique-Quentin-FAVREL.jpg 1890w\" sizes=\"(max-width: 767px) 89vw, (max-width: 1000px) 54vw, (max-width: 1071px) 543px, 580px\" \/><figcaption class=\"wp-element-caption\">Coupe du foss\u00e9 n\u00e9olithique en bordure d&#8217;emprise. Cr\u00e9dit : \u00c9veha 2024.<\/figcaption><\/figure>\n\n\n\n<figure class=\"wp-block-image size-large\"><img decoding=\"async\" loading=\"lazy\" width=\"638\" height=\"425\" src=\"https:\/\/www.eveha.fr\/wp-content\/uploads\/2024\/10\/Vue-aerienne-du-fosse-neolithique-et-de-son-entree-en-pince-de-crabe-Quentin-FAVREL.jpg\" alt=\"\" class=\"wp-image-7004\" srcset=\"https:\/\/www.eveha.fr\/wp-content\/uploads\/2024\/10\/Vue-aerienne-du-fosse-neolithique-et-de-son-entree-en-pince-de-crabe-Quentin-FAVREL.jpg 638w, https:\/\/www.eveha.fr\/wp-content\/uploads\/2024\/10\/Vue-aerienne-du-fosse-neolithique-et-de-son-entree-en-pince-de-crabe-Quentin-FAVREL-300x200.jpg 300w\" sizes=\"(max-width: 638px) 100vw, 638px\" \/><figcaption class=\"wp-element-caption\">Vue a\u00e9rienne du foss\u00e9 n\u00e9olithique avec entr\u00e9e en pince de crabe. Cr\u00e9dit : \u00c9veha 2024.<\/figcaption><\/figure>\n\n\n\n<p>Au sud du site, une concentration de <strong>trous de poteau<\/strong> permet d&rsquo;identifier les restes d&rsquo;un b\u00e2timent qui semble lui-aussi <strong>dater du N\u00e9olithique r\u00e9cent\/final.<\/strong> Son plan n&rsquo;est pas complet, il pourrait se prolonger en dehors de l&#8217;emprise de fouille et semble avoir un module au sol de plan quadrangulaire. Le mobilier comprend des tessons de c\u00e9ramique n\u00e9olithiques, mais aussi quelques tessons qui semblent m\u00e9di\u00e9vaux et du mobilier lithique.<\/p>\n\n\n\n<h4 class=\"wp-block-heading\">L&rsquo;occupation du Moyen \u00c2ge \u00e0 nos jours<\/h4>\n\n\n\n<p>La deuxi\u00e8me phase d&rsquo;occupation est identifi\u00e9e par la pr\u00e9sence de <strong>deux silos, probablement du bas Moyen \u00c2ge<\/strong> dans l&rsquo;ouest du site. Ils font \u00e9cho \u00e0 une d\u00e9couverte similaire r\u00e9alis\u00e9e lors des fouilles programm\u00e9es. Un syst\u00e8me fossoy\u00e9 bord\u00e9 par endroit de fosses de plantations est ensuite install\u00e9 sur le site \u00e0 l&rsquo;\u00c9poque moderne. Il semble orient\u00e9 vers une maison forte \u00e0 l&rsquo;extr\u00e9mit\u00e9 nord-ouest du plateau.<\/p>\n\n\n\n<figure class=\"wp-block-image size-large\"><img decoding=\"async\" loading=\"lazy\" width=\"1024\" height=\"768\" src=\"https:\/\/www.eveha.fr\/wp-content\/uploads\/2024\/10\/un-silo-medieval-Quentin-FAVREL-2-1024x768.jpg\" alt=\"\" class=\"wp-image-7008\" srcset=\"https:\/\/www.eveha.fr\/wp-content\/uploads\/2024\/10\/un-silo-medieval-Quentin-FAVREL-2-1024x768.jpg 1024w, https:\/\/www.eveha.fr\/wp-content\/uploads\/2024\/10\/un-silo-medieval-Quentin-FAVREL-2-300x225.jpg 300w, https:\/\/www.eveha.fr\/wp-content\/uploads\/2024\/10\/un-silo-medieval-Quentin-FAVREL-2-768x576.jpg 768w, https:\/\/www.eveha.fr\/wp-content\/uploads\/2024\/10\/un-silo-medieval-Quentin-FAVREL-2-1536x1152.jpg 1536w, https:\/\/www.eveha.fr\/wp-content\/uploads\/2024\/10\/un-silo-medieval-Quentin-FAVREL-2.jpg 1890w\" sizes=\"(max-width: 767px) 89vw, (max-width: 1000px) 54vw, (max-width: 1071px) 543px, 580px\" \/><figcaption class=\"wp-element-caption\">Coupe d&rsquo;un silo m\u00e9di\u00e9val. Cr\u00e9dit : \u00c9veha 2024.<\/figcaption><\/figure>\n\n\n\n<p>Enfin,<strong> la diaclase<\/strong> qui traverse le site du nord au sud est une faille g\u00e9ologique combl\u00e9e d&rsquo;un s\u00e9diment sableux jaune \u00e0 orange. Elle mesure jusqu&rsquo;\u00e0<strong> 10 m\u00e8tres de largeur en surface<\/strong> et sa profondeur est inconnue. Nous n&rsquo;avons pu descendre que jusqu&rsquo;\u00e0 la base des niveaux anthropiques, \u00e0 environ 2 m\u00e8tres sous le niveau de d\u00e9capage. Son comblement fait l&rsquo;objet d&rsquo;un sc\u00e9nario complexe sous tout point de vue. Les niveaux anthropiques comprennent du mobilier dat\u00e9 du N\u00e9olithique (c\u00e9ramique et lithique), mais aussi des p\u00e9riodes moderne et contemporaine.<\/p>\n\n\n\n<figure class=\"wp-block-image size-large is-resized\"><img decoding=\"async\" loading=\"lazy\" src=\"https:\/\/www.eveha.fr\/wp-content\/uploads\/2024\/10\/la-diaclase-Quentin-FAVREL-1024x768.jpg\" alt=\"\" class=\"wp-image-7006\" style=\"width:674px;height:506px\" width=\"674\" height=\"506\" srcset=\"https:\/\/www.eveha.fr\/wp-content\/uploads\/2024\/10\/la-diaclase-Quentin-FAVREL-1024x768.jpg 1024w, https:\/\/www.eveha.fr\/wp-content\/uploads\/2024\/10\/la-diaclase-Quentin-FAVREL-300x225.jpg 300w, https:\/\/www.eveha.fr\/wp-content\/uploads\/2024\/10\/la-diaclase-Quentin-FAVREL-768x576.jpg 768w, https:\/\/www.eveha.fr\/wp-content\/uploads\/2024\/10\/la-diaclase-Quentin-FAVREL-1536x1152.jpg 1536w, https:\/\/www.eveha.fr\/wp-content\/uploads\/2024\/10\/la-diaclase-Quentin-FAVREL.jpg 1890w\" sizes=\"(max-width: 674px) 100vw, 674px\" \/><figcaption class=\"wp-element-caption\">Coupe des niveaux anthropiques de la diaclase. Cr\u00e9dit : \u00c9veha 2024.<\/figcaption><\/figure>\n\n\n\n<h4 class=\"wp-block-heading\">Recherches \u00e0 venir <\/h4>\n\n\n\n<p>Le comblement de la diaclase doit faire l&rsquo;objet d&rsquo;une \u00e9tude approfondie. Il est fortement perturb\u00e9 et il est difficile de d\u00e9terminer si la partie sup\u00e9rieure de la diaclase, avec un comblement anthropique, a \u00e9t\u00e9 creus\u00e9e par l&rsquo;homme ou si un ph\u00e9nom\u00e8ne naturel de sous-tirage, comme celui qui a conduit \u00e0 la formation de l&rsquo;aven, a progressivement drain\u00e9 du mobilier d\u00e9pos\u00e9 en surface.<\/p>\n\n\n\n<p>L&rsquo;objectif sera de d\u00e9terminer si la diaclase formait d\u00e9j\u00e0 une sorte de foss\u00e9 naturel au N\u00e9olithique, si les populations n\u00e9olithiques l&rsquo;ont creus\u00e9e ou surcreus\u00e9e pour cr\u00e9er une enceinte en profitant de son comblement sableux \u2013 bien plus simple \u00e0 exploiter que le calcaire du site \u2013 ou si le sable de cette diaclase a pu \u00eatre exploit\u00e9 pour d&rsquo;autres raisons \u00e0 la p\u00e9riode moderne ou contemporaine.<\/p>\n\n\n\n<p>L&rsquo;examen du mobilier et des pr\u00e9l\u00e8vements par les sp\u00e9cialistes permettra de pr\u00e9ciser le phasage du site tant pour le N\u00e9olithique que pour les p\u00e9riodes historiques.<\/p>\n\n\n\n<p>Les principaux faits seront remis en contexte et compar\u00e9s avec les sites de r\u00e9f\u00e9rences \u00e0 l&rsquo;\u00e9chelle locale et r\u00e9gionale, qu&rsquo;il s&rsquo;agisse d&rsquo;un b\u00e2timent et du foss\u00e9 d&rsquo;enceinte n\u00e9olithique, des silos m\u00e9di\u00e9vaux ou du parcellaire moderne\/contemporain.<\/p>\n\n\n\n<p>L&rsquo;examen des nombreux clich\u00e9s a\u00e9riens r\u00e9alis\u00e9s depuis la deuxi\u00e8me guerre mondiale devrait permettre de proposer une analyse approfondie sur l&rsquo;\u00e9volution du site, tant pour le N\u00e9olithique que pour les p\u00e9riodes historiques. Concernant le N\u00e9olithique, il conviendra de remettre en perspective les d\u00e9couvertes r\u00e9alis\u00e9es lors de cette op\u00e9ration avec les fouilles des ann\u00e9es 1980 et 1990. Enfin, les vestiges des p\u00e9riodes historiques n&rsquo;avaient pas fait l&rsquo;objet d&rsquo;une analyse aussi approfondie que la p\u00e9riode n\u00e9olithique jusque-l\u00e0, il conviendrait de corriger cet \u00e9tat de fait.<\/p>\n","protected":false},"excerpt":{"rendered":"<p>Les fouilles arch\u00e9ologiques men\u00e9es sur le site de Saintes (17) &#8211; Diconche, usine d&rsquo;eau potable ont \u00e9t\u00e9 r\u00e9alis\u00e9es par le bureau d\u2019\u00e9tudes \u00c9veha sous la responsabilit\u00e9 de Quentin Favrel dans le cadre du projet d\u2019am\u00e9nagement port\u00e9 par Eau 17. Les investigations arch\u00e9ologiques ont permis de mettre au jour des vestiges dat\u00e9s du N\u00e9olithique, du Moyen &hellip; <\/p>\n<p class=\"link-more\"><a href=\"https:\/\/www.eveha.fr\/index.php\/2024\/11\/26\/saintes-17-diconche-usine-deau-potable\/\" class=\"more-link\">Continuer la lecture<span class=\"screen-reader-text\"> de &laquo;&nbsp;SAINTES (17) &#8211; Diconche, usine d&rsquo;eau potable&nbsp;&raquo;<\/span><\/a><\/p>\n","protected":false},"author":4,"featured_media":7009,"comment_status":"closed","ping_status":"open","sticky":false,"template":"","format":"standard","meta":{"inline_featured_image":false,"footnotes":""},"categories":[10,9,8,5],"tags":[],"_links":{"self":[{"href":"https:\/\/www.eveha.fr\/index.php\/wp-json\/wp\/v2\/posts\/6998"}],"collection":[{"href":"https:\/\/www.eveha.fr\/index.php\/wp-json\/wp\/v2\/posts"}],"about":[{"href":"https:\/\/www.eveha.fr\/index.php\/wp-json\/wp\/v2\/types\/post"}],"author":[{"embeddable":true,"href":"https:\/\/www.eveha.fr\/index.php\/wp-json\/wp\/v2\/users\/4"}],"replies":[{"embeddable":true,"href":"https:\/\/www.eveha.fr\/index.php\/wp-json\/wp\/v2\/comments?post=6998"}],"version-history":[{"count":7,"href":"https:\/\/www.eveha.fr\/index.php\/wp-json\/wp\/v2\/posts\/6998\/revisions"}],"predecessor-version":[{"id":7203,"href":"https:\/\/www.eveha.fr\/index.php\/wp-json\/wp\/v2\/posts\/6998\/revisions\/7203"}],"wp:featuredmedia":[{"embeddable":true,"href":"https:\/\/www.eveha.fr\/index.php\/wp-json\/wp\/v2\/media\/7009"}],"wp:attachment":[{"href":"https:\/\/www.eveha.fr\/index.php\/wp-json\/wp\/v2\/media?parent=6998"}],"wp:term":[{"taxonomy":"category","embeddable":true,"href":"https:\/\/www.eveha.fr\/index.php\/wp-json\/wp\/v2\/categories?post=6998"},{"taxonomy":"post_tag","embeddable":true,"href":"https:\/\/www.eveha.fr\/index.php\/wp-json\/wp\/v2\/tags?post=6998"}],"curies":[{"name":"wp","href":"https:\/\/api.w.org\/{rel}","templated":true}]}}