{"id":7547,"date":"2025-01-30T15:58:18","date_gmt":"2025-01-30T14:58:18","guid":{"rendered":"https:\/\/www.eveha.fr\/?p=7547"},"modified":"2025-01-30T17:12:10","modified_gmt":"2025-01-30T16:12:10","slug":"decize-58-zac-du-four-a-chaux-2","status":"publish","type":"post","link":"https:\/\/www.eveha.fr\/index.php\/2025\/01\/30\/decize-58-zac-du-four-a-chaux-2\/","title":{"rendered":"DECIZE (58) &#8211; ZAC du Four \u00e0 Chaux"},"content":{"rendered":"\n<p>Les fouilles arch\u00e9ologiques men\u00e9es sur le site de Decize (58) &#8211; <em>ZAC du Four \u00e0 Chaux <\/em>ont \u00e9t\u00e9 r\u00e9alis\u00e9es par le bureau d\u2019\u00e9tudes \u00c9veha sous la responsabilit\u00e9 de Lucie Christin dans le cadre du projet d\u2019am\u00e9nagement port\u00e9 par la Communaut\u00e9 de Communes Sud Nivernais. Les investigations arch\u00e9ologiques ont permis de mettre au jour des vestiges dat\u00e9s du <strong>second \u00e2ge du Fer.<\/strong><\/p>\n\n\n\n<!--more-->\n\n\n\n<h4 class=\"wp-block-heading\"><strong>Probl\u00e9matiques scientifiques<\/strong><\/h4>\n\n\n\n<p>Cette fouille avait pour objectif de mettre en \u00e9vidence un espace fun\u00e9raire, d\u2019en comprendre l\u2019organisation et les pratiques associ\u00e9es aux s\u00e9pultures qu\u2019il contenait. Peu de n\u00e9cropoles protohistoriques \u00e9tant bien document\u00e9es dans ce secteur du Val d\u2019Aron, la fouille de Decize \u2013 <em>Zac du Four \u00e0 Chaux<\/em> devait ainsi permettre d\u2019enrichir le corpus des enclos fun\u00e9raires lat\u00e9niens dans cette partie m\u00e9ridionale de la Ni\u00e8vre.<\/p>\n\n\n\n<figure class=\"wp-block-image size-full\"><img decoding=\"async\" loading=\"lazy\" width=\"1024\" height=\"768\" src=\"https:\/\/www.eveha.fr\/wp-content\/uploads\/2025\/01\/Figure-1.jpg\" alt=\"\" class=\"wp-image-7548\" srcset=\"https:\/\/www.eveha.fr\/wp-content\/uploads\/2025\/01\/Figure-1.jpg 1024w, https:\/\/www.eveha.fr\/wp-content\/uploads\/2025\/01\/Figure-1-300x225.jpg 300w, https:\/\/www.eveha.fr\/wp-content\/uploads\/2025\/01\/Figure-1-768x576.jpg 768w\" sizes=\"(max-width: 767px) 89vw, (max-width: 1000px) 54vw, (max-width: 1071px) 543px, 580px\" \/><figcaption class=\"wp-element-caption\"><br>Fig. 1&nbsp;: Plan du site. Cr\u00e9dit&nbsp;: \u00c9veha 2024<\/figcaption><\/figure>\n\n\n\n<h4 class=\"wp-block-heading\"><strong>Un enclos fun\u00e9raire de l&rsquo;\u00e2ge du Fer<\/strong><\/h4>\n\n\n\n<p>Les investigations arch\u00e9ologiques ont permis de mettre au jour un enclos fun\u00e9raire du <strong>second \u00e2ge du Fer<\/strong> et plus particuli\u00e8rement de <strong>La T\u00e8ne ancienne <\/strong>(400\/320 av. n. \u00e8.). <\/p>\n\n\n\n<p><strong>L\u2019enclos quadrangulaire d\u2019environ 25 m de c\u00f4t\u00e9 <\/strong>comprend 16 s\u00e9pultures \u00e0 inhumation. Il est constitu\u00e9 d\u2019un foss\u00e9 continu d\u2019une largeur d\u2019ouverture conserv\u00e9e allant jusqu\u2019\u00e0 1,7 m pour une profondeur d\u2019environ 1 m. Son profil en V et l\u2019observation du comblement ayant r\u00e9v\u00e9l\u00e9 l\u2019existence de poteaux sugg\u00e8rent la pr\u00e9sence d\u2019une palissade.<\/p>\n\n\n\n<p>Lors de la fouille, <strong>quinze inhumations ont \u00e9t\u00e9 mises au jour<\/strong>, toutes orient\u00e9es nord-est \/ sud-ouest et r\u00e9parties dans les deux tiers est de l\u2019enclos. Une seizi\u00e8me s\u00e9pulture a \u00e9t\u00e9 int\u00e9gralement fouill\u00e9e lors du diagnostic et se distingue des autres par son orientation nord-ouest \/ sud-est et la pr\u00e9sence d\u2019armes qui accompagnaient le d\u00e9funt. Aucun recoupement n\u2019est visible lors de l\u2019installation des s\u00e9pultures. Certaines d\u2019entre elles semblent regroup\u00e9es par groupe de deux.<\/p>\n\n\n\n<figure class=\"wp-block-image size-full\"><img decoding=\"async\" loading=\"lazy\" width=\"1024\" height=\"768\" src=\"https:\/\/www.eveha.fr\/wp-content\/uploads\/2025\/01\/Figure-2-1.jpg\" alt=\"\" class=\"wp-image-7549\" srcset=\"https:\/\/www.eveha.fr\/wp-content\/uploads\/2025\/01\/Figure-2-1.jpg 1024w, https:\/\/www.eveha.fr\/wp-content\/uploads\/2025\/01\/Figure-2-1-300x225.jpg 300w, https:\/\/www.eveha.fr\/wp-content\/uploads\/2025\/01\/Figure-2-1-768x576.jpg 768w\" sizes=\"(max-width: 767px) 89vw, (max-width: 1000px) 54vw, (max-width: 1071px) 543px, 580px\" \/><figcaption class=\"wp-element-caption\"><br>Fig. 2&nbsp;: Vue a\u00e9rienne du site vers l\u2019ouest. Cr\u00e9dit&nbsp;: \u00c9veha 2024<\/figcaption><\/figure>\n\n\n\n<p>Concernant le mobilier osseux, des ph\u00e9nom\u00e8nes de conservation diff\u00e9rentielle tr\u00e8s nets sont visibles d\u2019une s\u00e9pulture \u00e0 l\u2019autre. Dans la majorit\u00e9 des cas, l\u2019os est particuli\u00e8rement mal conserv\u00e9 voire quasi-inexistant&nbsp;; pour d\u2019autres la repr\u00e9sentation du squelette est assez bonne. Les indices taphonomiques li\u00e9s aux restes osseux restent donc assez rares et ne permettent pas toujours de d\u00e9finir avec certitude les modes d\u2019inhumation. N\u00e9anmoins, d\u2019autres observations permettent de les pr\u00e9ciser. Certaines s\u00e9pultures pr\u00e9sentent des coffrages en pierres, d\u2019autres des contenants en mat\u00e9riaux p\u00e9rissables, d\u2019autres encore semblent inhum\u00e9s en pleine terre. En outre, l\u2019analyse du comblement permet la mise en exergue de contenants monoxyles pour quelques s\u00e9pultures. Une certaine diversit\u00e9 a \u00e9galement pu \u00eatre mise en \u00e9vidence dans la position des d\u00e9funts (sur le dos, le ventre, sur le c\u00f4t\u00e9).<\/p>\n\n\n\n<figure class=\"wp-block-image size-full\"><img decoding=\"async\" loading=\"lazy\" width=\"1024\" height=\"768\" src=\"https:\/\/www.eveha.fr\/wp-content\/uploads\/2025\/01\/Figure-3-1.jpg\" alt=\"\" class=\"wp-image-7550\" srcset=\"https:\/\/www.eveha.fr\/wp-content\/uploads\/2025\/01\/Figure-3-1.jpg 1024w, https:\/\/www.eveha.fr\/wp-content\/uploads\/2025\/01\/Figure-3-1-300x225.jpg 300w, https:\/\/www.eveha.fr\/wp-content\/uploads\/2025\/01\/Figure-3-1-768x576.jpg 768w\" sizes=\"(max-width: 767px) 89vw, (max-width: 1000px) 54vw, (max-width: 1071px) 543px, 580px\" \/><figcaption class=\"wp-element-caption\"><br>Fig. 3&nbsp;: Vue en plan d\u2019une s\u00e9pulture. Cr\u00e9dit&nbsp;: \u00c9veha 2024<\/figcaption><\/figure>\n\n\n\n<figure class=\"wp-block-image size-full\"><img decoding=\"async\" loading=\"lazy\" width=\"1024\" height=\"768\" src=\"https:\/\/www.eveha.fr\/wp-content\/uploads\/2025\/01\/Figure-4-1.jpg\" alt=\"\" class=\"wp-image-7551\" srcset=\"https:\/\/www.eveha.fr\/wp-content\/uploads\/2025\/01\/Figure-4-1.jpg 1024w, https:\/\/www.eveha.fr\/wp-content\/uploads\/2025\/01\/Figure-4-1-300x225.jpg 300w, https:\/\/www.eveha.fr\/wp-content\/uploads\/2025\/01\/Figure-4-1-768x576.jpg 768w\" sizes=\"(max-width: 767px) 89vw, (max-width: 1000px) 54vw, (max-width: 1071px) 543px, 580px\" \/><figcaption class=\"wp-element-caption\"><br>Fig. 4&nbsp;: Vue en plan d\u2019une s\u00e9pulture et de son coffrage en pierres. Cr\u00e9dit&nbsp;: \u00c9veha 2024<\/figcaption><\/figure>\n\n\n\n<figure class=\"wp-block-image size-full\"><img decoding=\"async\" loading=\"lazy\" width=\"1024\" height=\"768\" src=\"https:\/\/www.eveha.fr\/wp-content\/uploads\/2025\/01\/Figure-5-1.jpg\" alt=\"\" class=\"wp-image-7555\" srcset=\"https:\/\/www.eveha.fr\/wp-content\/uploads\/2025\/01\/Figure-5-1.jpg 1024w, https:\/\/www.eveha.fr\/wp-content\/uploads\/2025\/01\/Figure-5-1-300x225.jpg 300w, https:\/\/www.eveha.fr\/wp-content\/uploads\/2025\/01\/Figure-5-1-768x576.jpg 768w\" sizes=\"(max-width: 767px) 89vw, (max-width: 1000px) 54vw, (max-width: 1071px) 543px, 580px\" \/><figcaption class=\"wp-element-caption\"><br>Fig. 5&nbsp;: Vue en plan d\u2019une s\u00e9pulture pr\u00e9sentant des traces de contenant monoxyle. Cr\u00e9dit&nbsp;: \u00c9veha 2024<\/figcaption><\/figure>\n\n\n\n<p>\u00c0 l\u2019inverse de la mati\u00e8re osseuse, la quasi-totalit\u00e9 des s\u00e9pultures comprennent du mobilier m\u00e9tallique, majoritairement de la parure en alliage cuivreux, en excellent \u00e9tat de conservation et remarquable par sa vari\u00e9t\u00e9 et sa qualit\u00e9 (bracelets, torque, fibules, ceintures).<\/p>\n\n\n\n<figure class=\"wp-block-image size-full\"><img decoding=\"async\" loading=\"lazy\" width=\"1024\" height=\"768\" src=\"https:\/\/www.eveha.fr\/wp-content\/uploads\/2025\/01\/Figure-6.jpg\" alt=\"\" class=\"wp-image-7556\" srcset=\"https:\/\/www.eveha.fr\/wp-content\/uploads\/2025\/01\/Figure-6.jpg 1024w, https:\/\/www.eveha.fr\/wp-content\/uploads\/2025\/01\/Figure-6-300x225.jpg 300w, https:\/\/www.eveha.fr\/wp-content\/uploads\/2025\/01\/Figure-6-768x576.jpg 768w\" sizes=\"(max-width: 767px) 89vw, (max-width: 1000px) 54vw, (max-width: 1071px) 543px, 580px\" \/><figcaption class=\"wp-element-caption\"><br>Fig.6&nbsp;: Vue de d\u00e9tail du mobilier m\u00e9tallique d\u2019une des s\u00e9pultures. Cr\u00e9dit&nbsp;: \u00c9veha 2024<\/figcaption><\/figure>\n\n\n\n<p>Enfin, sept trous de poteau ont \u00e9t\u00e9 mis au jour dont trois directement en lien avec certaines tombes, impliquant possiblement la pr\u00e9sence d\u2019\u00e9l\u00e9ments de marquage des structures fun\u00e9raires. Deux de ces trous de poteau se distinguent par leurs dimensions et leur emplacement. Situ\u00e9s au nord et au sud \u00e0 l\u2019int\u00e9rieur de l\u2019enclos, ils pourraient constituer des \u00e9l\u00e9ments d\u2019architecture li\u00e9s \u00e0 l\u2019espace s\u00e9pulcral form\u00e9 par l\u2019enclos.<\/p>\n\n\n\n<h4 class=\"wp-block-heading\"><strong>Recherches \u00e0 venir<\/strong><\/h4>\n\n\n\n<p>Le site de Decize &#8211; <em>ZAC du Four \u00e0 chaux<\/em> est le premier enclos fun\u00e9raire fouill\u00e9 r\u00e9cemment dans le d\u00e9partement de la Ni\u00e8vre. Son \u00e9tude va permettre d\u2019enrichir et d\u2019affiner les connaissances li\u00e9es aux pratiques fun\u00e9raires lat\u00e9niennes dans cette r\u00e9gion et d\u2019\u00e9toffer \u00e9galement un corpus du petit mobilier m\u00e9tallique encore mince dans ce secteur.<\/p>\n","protected":false},"excerpt":{"rendered":"<p>Les fouilles arch\u00e9ologiques men\u00e9es sur le site de Decize (58) &#8211; ZAC du Four \u00e0 Chaux ont \u00e9t\u00e9 r\u00e9alis\u00e9es par le bureau d\u2019\u00e9tudes \u00c9veha sous la responsabilit\u00e9 de Lucie Christin dans le cadre du projet d\u2019am\u00e9nagement port\u00e9 par la Communaut\u00e9 de Communes Sud Nivernais. Les investigations arch\u00e9ologiques ont permis de mettre au jour des vestiges &hellip; <\/p>\n<p class=\"link-more\"><a href=\"https:\/\/www.eveha.fr\/index.php\/2025\/01\/30\/decize-58-zac-du-four-a-chaux-2\/\" class=\"more-link\">Continuer la lecture<span class=\"screen-reader-text\"> de &laquo;&nbsp;DECIZE (58) &#8211; ZAC du Four \u00e0 Chaux&nbsp;&raquo;<\/span><\/a><\/p>\n","protected":false},"author":8,"featured_media":7558,"comment_status":"closed","ping_status":"open","sticky":false,"template":"","format":"standard","meta":{"inline_featured_image":false,"footnotes":""},"categories":[1,5],"tags":[],"_links":{"self":[{"href":"https:\/\/www.eveha.fr\/index.php\/wp-json\/wp\/v2\/posts\/7547"}],"collection":[{"href":"https:\/\/www.eveha.fr\/index.php\/wp-json\/wp\/v2\/posts"}],"about":[{"href":"https:\/\/www.eveha.fr\/index.php\/wp-json\/wp\/v2\/types\/post"}],"author":[{"embeddable":true,"href":"https:\/\/www.eveha.fr\/index.php\/wp-json\/wp\/v2\/users\/8"}],"replies":[{"embeddable":true,"href":"https:\/\/www.eveha.fr\/index.php\/wp-json\/wp\/v2\/comments?post=7547"}],"version-history":[{"count":15,"href":"https:\/\/www.eveha.fr\/index.php\/wp-json\/wp\/v2\/posts\/7547\/revisions"}],"predecessor-version":[{"id":7745,"href":"https:\/\/www.eveha.fr\/index.php\/wp-json\/wp\/v2\/posts\/7547\/revisions\/7745"}],"wp:featuredmedia":[{"embeddable":true,"href":"https:\/\/www.eveha.fr\/index.php\/wp-json\/wp\/v2\/media\/7558"}],"wp:attachment":[{"href":"https:\/\/www.eveha.fr\/index.php\/wp-json\/wp\/v2\/media?parent=7547"}],"wp:term":[{"taxonomy":"category","embeddable":true,"href":"https:\/\/www.eveha.fr\/index.php\/wp-json\/wp\/v2\/categories?post=7547"},{"taxonomy":"post_tag","embeddable":true,"href":"https:\/\/www.eveha.fr\/index.php\/wp-json\/wp\/v2\/tags?post=7547"}],"curies":[{"name":"wp","href":"https:\/\/api.w.org\/{rel}","templated":true}]}}