{"id":7811,"date":"2025-03-04T11:13:48","date_gmt":"2025-03-04T10:13:48","guid":{"rendered":"https:\/\/www.eveha.fr\/?p=7811"},"modified":"2025-03-07T14:35:19","modified_gmt":"2025-03-07T13:35:19","slug":"cambon-les-lavaur-81-le-bouriou","status":"publish","type":"post","link":"https:\/\/www.eveha.fr\/index.php\/2025\/03\/04\/cambon-les-lavaur-81-le-bouriou\/","title":{"rendered":"CAMBON-LES-LAVAUR (81) &#8211; Le Bouriou"},"content":{"rendered":"\n<p>Les fouilles arch\u00e9ologiques men\u00e9es sur le site de Cambon-Les-Lavaur (81) &#8211; Le Bouriou ont \u00e9t\u00e9 r\u00e9alis\u00e9es par le bureau d\u2019\u00e9tudes \u00c9veha sous la responsabilit\u00e9 de Louise Biscarrat dans le cadre du projet d\u2019am\u00e9nagement port\u00e9 par ATOSCA. Les investigations arch\u00e9ologiques ont permis de mettre au jour des vestiges dat\u00e9s de la Protohistoire, de l\u2019Antiquit\u00e9, du Moyen \u00c2ge et de l\u2019\u00c9poque moderne.<\/p>\n\n\n\n<!--more-->\n\n\n\n<h4 class=\"wp-block-heading\">Probl\u00e9matiques \u00e0 l\u2019origine de la prescription de fouille<\/h4>\n\n\n\n<p>Les objectifs de cette fouille \u00e9taient de confirmer la chronologie d\u2019occupation du site. Pour l\u2019occupation de la fin de l\u2019\u00e2ge du Fer, le but \u00e9tait d\u2019appr\u00e9hender l\u2019organisation spatiale et fonctionnelle des structures pour d\u00e9finir notamment le type d\u2019occupation. Pour l\u2019occupation m\u00e9di\u00e9vale, cette fouille devait permettre de pr\u00e9senter au niveau r\u00e9gional des nouvelles donn\u00e9es arch\u00e9ologiques concernant une occupation rurale. Enfin, la fouille des fours avait pour but de mettre en \u00e9vidence leur fonction et leur chronologie d\u2019utilisation. Ces donn\u00e9es devaient alors \u00eatre compar\u00e9es avec des exemples de m\u00eames fonctions et p\u00e9riode au niveau r\u00e9gional et national.<\/p>\n\n\n\n<figure class=\"wp-block-image size-large\"><img decoding=\"async\" loading=\"lazy\" width=\"1024\" height=\"724\" src=\"https:\/\/www.eveha.fr\/wp-content\/uploads\/2025\/03\/PlanA3-avec-talweg-1024x724.jpg\" alt=\"\" class=\"wp-image-8038\" srcset=\"https:\/\/www.eveha.fr\/wp-content\/uploads\/2025\/03\/PlanA3-avec-talweg-1024x724.jpg 1024w, https:\/\/www.eveha.fr\/wp-content\/uploads\/2025\/03\/PlanA3-avec-talweg-300x212.jpg 300w, https:\/\/www.eveha.fr\/wp-content\/uploads\/2025\/03\/PlanA3-avec-talweg-768x543.jpg 768w, https:\/\/www.eveha.fr\/wp-content\/uploads\/2025\/03\/PlanA3-avec-talweg-1536x1086.jpg 1536w, https:\/\/www.eveha.fr\/wp-content\/uploads\/2025\/03\/PlanA3-avec-talweg-2048x1448.jpg 2048w\" sizes=\"(max-width: 767px) 89vw, (max-width: 1000px) 54vw, (max-width: 1071px) 543px, 580px\" \/><figcaption class=\"wp-element-caption\">Fig. 1 : Plan g\u00e9n\u00e9ral du site. Cr\u00e9dit : \u00c9veha 2024<\/figcaption><\/figure>\n\n\n\n<h4 class=\"wp-block-heading\">Des fours \u00e0 chaux<\/h4>\n\n\n\n<p><strong>Quatorze fours \u00e0 chaux ont \u00e9t\u00e9 d\u00e9couverts sur le site de part et d\u2019autre du talweg. <\/strong>Trois groupes se distinguent. <strong>Chaque groupe est accompagn\u00e9 par un four domestique circulaire. <\/strong>Tous les fours sont extr\u00eamement bien conserv\u00e9s, certains ayant \u00e9t\u00e9 observ\u00e9s sur plus de 2,5 m de hauteur. Ils pr\u00e9sentent tous une typologie similaire \u2013 four \u00e0 banquette et couloir central. <strong>Toutefois, chaque four est unique par sa morphologie et son comblement<\/strong>. Au sein de la batterie principale, il a \u00e9t\u00e9 possible d\u2019observer les recoupements entre les diff\u00e9rents fours. Les fours les plus anciens se trouvent syst\u00e9matiquement au plus pr\u00e8s du talweg et les plus r\u00e9cents en arri\u00e8re de ceux-ci. Des analyses sont en cours afin de pouvoir pr\u00e9ciser la datation de ces fours.<\/p>\n\n\n\n<figure class=\"wp-block-image size-large\"><img decoding=\"async\" src=\"https:\/\/www.eveha.fr\/wp-content\/uploads\/2025\/02\/Fig.3-Louise-BISCARRAT-1024x576.jpg\" alt=\"\" class=\"wp-image-7814\"\/><figcaption class=\"wp-element-caption\">Fig. 2 : Vue g\u00e9n\u00e9rale de la batterie des fours \u00e0 chaux. Cr\u00e9dit : \u00c9veha 2024<\/figcaption><\/figure>\n\n\n\n<h4 class=\"wp-block-heading\">Une occupation domestique \u00e0 l\u2019\u00e2ge du Fer<\/h4>\n\n\n\n<p>La fouille a permis la mise au jour de <strong>deux potentiels enclos de l&rsquo;\u00e2ge du Fer.<\/strong> Le plus grand des deux a livr\u00e9 de nombreux fragments d\u2019amphore et de la c\u00e9ramique. \u00c0 l\u2019int\u00e9rieur de celui-ci,<strong> trois b\u00e2timents sur poteaux <\/strong>ont \u00e9t\u00e9 mis au jour ainsi que plusieurs fours domestiques et quelques fosses. Le second enclos est beaucoup moins bien conserv\u00e9. L\u2019\u00e9tude post-fouille permettra de pr\u00e9ciser la chronologie de ces enclos.<\/p>\n\n\n\n<figure class=\"wp-block-image size-large\"><img decoding=\"async\" loading=\"lazy\" width=\"1024\" height=\"767\" src=\"https:\/\/www.eveha.fr\/wp-content\/uploads\/2025\/02\/Fig.2-Louise-BISCARRAT-1-1024x767.jpg\" alt=\"\" class=\"wp-image-7815\" srcset=\"https:\/\/www.eveha.fr\/wp-content\/uploads\/2025\/02\/Fig.2-Louise-BISCARRAT-1-1024x767.jpg 1024w, https:\/\/www.eveha.fr\/wp-content\/uploads\/2025\/02\/Fig.2-Louise-BISCARRAT-1-300x225.jpg 300w, https:\/\/www.eveha.fr\/wp-content\/uploads\/2025\/02\/Fig.2-Louise-BISCARRAT-1-768x575.jpg 768w, https:\/\/www.eveha.fr\/wp-content\/uploads\/2025\/02\/Fig.2-Louise-BISCARRAT-1-1536x1151.jpg 1536w, https:\/\/www.eveha.fr\/wp-content\/uploads\/2025\/02\/Fig.2-Louise-BISCARRAT-1-2048x1534.jpg 2048w\" sizes=\"(max-width: 767px) 89vw, (max-width: 1000px) 54vw, (max-width: 1071px) 543px, 580px\" \/><figcaption class=\"wp-element-caption\">Fig. 3 : Photographie g\u00e9n\u00e9rale au drone du secteur protohistorique. Cr\u00e9dit : \u00c9veha 2024<\/figcaption><\/figure>\n\n\n\n<h4 class=\"wp-block-heading\">Une occupation rurale m\u00e9di\u00e9vale et moderne<\/h4>\n\n\n\n<p><strong>Une vingtaine de silos regroup\u00e9s en trois aires<\/strong> distinctes ont \u00e9galement \u00e9t\u00e9 mis au jour. Ils se situent de part et d\u2019autre du talweg pour deux d\u2019entre eux, et un autre est situ\u00e9 dans le creux du talweg. Ils semblent \u00eatre dat\u00e9s de l\u2019\u00e9poque m\u00e9di\u00e9vale. Pour l\u2019\u00e9poque moderne, un petit b\u00e2timent quadrangulaire fortement aras\u00e9 et des drains en TCA ont \u00e9t\u00e9 retrouv\u00e9s. Ces structures pourraient fonctionner avec une ferme moderne rep\u00e9r\u00e9e en contrebas de l\u2019emprise lors du diagnostic.<\/p>\n\n\n\n<h4 class=\"wp-block-heading\">Recherches \u00e0 venir<\/h4>\n\n\n\n<p>Les \u00e9tudes de post-fouille se concentreront sur l\u2019\u00e9tude du mobilier et des donn\u00e9es de terrain pour pr\u00e9ciser la chronologie d\u2019occupation du site et pour mieux appr\u00e9hender l\u2019organisation spatiale et fonctionnelle des structures. L\u2019\u00e9tude des fours \u00e0 chaux sera poursuivie avec une s\u00e9rie d\u2019analyse (chaux, anthracologie, stratigraphie) et plusieurs m\u00e9thodes de datation absolue (<sup>14<\/sup>C et arch\u00e9omagn\u00e9tisme) afin de proposer des dur\u00e9es de fonctionnement.<\/p>\n","protected":false},"excerpt":{"rendered":"<p>Les fouilles arch\u00e9ologiques men\u00e9es sur le site de Cambon-Les-Lavaur (81) &#8211; Le Bouriou ont \u00e9t\u00e9 r\u00e9alis\u00e9es par le bureau d\u2019\u00e9tudes \u00c9veha sous la responsabilit\u00e9 de Louise Biscarrat dans le cadre du projet d\u2019am\u00e9nagement port\u00e9 par ATOSCA. Les investigations arch\u00e9ologiques ont permis de mettre au jour des vestiges dat\u00e9s de la Protohistoire, de l\u2019Antiquit\u00e9, du Moyen &hellip; <\/p>\n<p class=\"link-more\"><a href=\"https:\/\/www.eveha.fr\/index.php\/2025\/03\/04\/cambon-les-lavaur-81-le-bouriou\/\" class=\"more-link\">Continuer la lecture<span class=\"screen-reader-text\"> de &laquo;&nbsp;CAMBON-LES-LAVAUR (81) &#8211; Le Bouriou&nbsp;&raquo;<\/span><\/a><\/p>\n","protected":false},"author":5,"featured_media":7814,"comment_status":"closed","ping_status":"open","sticky":false,"template":"","format":"standard","meta":{"inline_featured_image":false,"footnotes":""},"categories":[1,9,8,5],"tags":[],"_links":{"self":[{"href":"https:\/\/www.eveha.fr\/index.php\/wp-json\/wp\/v2\/posts\/7811"}],"collection":[{"href":"https:\/\/www.eveha.fr\/index.php\/wp-json\/wp\/v2\/posts"}],"about":[{"href":"https:\/\/www.eveha.fr\/index.php\/wp-json\/wp\/v2\/types\/post"}],"author":[{"embeddable":true,"href":"https:\/\/www.eveha.fr\/index.php\/wp-json\/wp\/v2\/users\/5"}],"replies":[{"embeddable":true,"href":"https:\/\/www.eveha.fr\/index.php\/wp-json\/wp\/v2\/comments?post=7811"}],"version-history":[{"count":12,"href":"https:\/\/www.eveha.fr\/index.php\/wp-json\/wp\/v2\/posts\/7811\/revisions"}],"predecessor-version":[{"id":8039,"href":"https:\/\/www.eveha.fr\/index.php\/wp-json\/wp\/v2\/posts\/7811\/revisions\/8039"}],"wp:featuredmedia":[{"embeddable":true,"href":"https:\/\/www.eveha.fr\/index.php\/wp-json\/wp\/v2\/media\/7814"}],"wp:attachment":[{"href":"https:\/\/www.eveha.fr\/index.php\/wp-json\/wp\/v2\/media?parent=7811"}],"wp:term":[{"taxonomy":"category","embeddable":true,"href":"https:\/\/www.eveha.fr\/index.php\/wp-json\/wp\/v2\/categories?post=7811"},{"taxonomy":"post_tag","embeddable":true,"href":"https:\/\/www.eveha.fr\/index.php\/wp-json\/wp\/v2\/tags?post=7811"}],"curies":[{"name":"wp","href":"https:\/\/api.w.org\/{rel}","templated":true}]}}