{"id":7868,"date":"2025-03-07T13:34:46","date_gmt":"2025-03-07T12:34:46","guid":{"rendered":"https:\/\/www.eveha.fr\/?p=7868"},"modified":"2025-04-02T09:49:29","modified_gmt":"2025-04-02T07:49:29","slug":"gencay-86-cours-du-chateau","status":"publish","type":"post","link":"https:\/\/www.eveha.fr\/index.php\/2025\/03\/07\/gencay-86-cours-du-chateau\/","title":{"rendered":"GEN\u00c7AY (86) &#8211; Cours du Ch\u00e2teau"},"content":{"rendered":"\n<p>Les fouilles arch\u00e9ologiques men\u00e9es sur le site de Gencay (86) &#8211; Cours du Ch\u00e2teau ont \u00e9t\u00e9 r\u00e9alis\u00e9es par le bureau d\u2019\u00e9tudes \u00c9veha sous la responsabilit\u00e9 de Cl\u00e9ment Armand dans le cadre du projet d\u2019am\u00e9nagement port\u00e9 par EURL, Ch\u00e2teau de Gen\u00e7ay. Les investigations arch\u00e9ologiques ont permis de mettre au jour des vestiges s&rsquo;\u00e9chelonnant de l&rsquo;<strong>\u00e9poque m\u00e9di\u00e9vale \u00e0 l&rsquo;\u00e9poque contemporaine<\/strong>.<\/p>\n\n\n\n<!--more-->\n\n\n\n<h4 class=\"wp-block-heading\">Cadre de l&rsquo;intervention<\/h4>\n\n\n\n<p>L\u2019op\u00e9ration arch\u00e9ologique, men\u00e9e en parall\u00e8le d&rsquo;un suivi de restauration sur les zones 1 et 2,  avait pour but de renseigner l&rsquo;<strong>origine de l&rsquo;implantation castrale<\/strong>, son organisation g\u00e9n\u00e9rale et les \u00e9volutions successives du ch\u00e2teau \u00e0 partir de l\u2019ouverture de trois zones de fouille : le b\u00e2timent adoss\u00e9 \u00e0 la courtine sud, alias \u00ab les \u00e9curies \u00bb (Zone 3) ; la tour ma\u00eetresse et l&rsquo;espace attenant contre la courtine nord (Zone 4) ; les abords du puits (Zone 5).<\/p>\n\n\n\n<p>\u00c0 ces principaux objectifs s&rsquo;ajoutaient \u00e9galement la d\u00e9termination des phases associ\u00e9es \u00e0 la construction de la tour \u00e0 contrefort ainsi qu&rsquo;\u00e0 la structuration de l\u2019enceinte castrale. Il fallait, si cela \u00e9tait possible, comprendre s\u2019il regroupait <strong>le traditionnel complexe architectural <em>camera<\/em><\/strong> (chambre seigneuriale), <strong><em>aula<\/em><\/strong> (grande salle, espace publique, salle de justice et d&rsquo;apparat), <strong><em>capella<\/em><\/strong> (chapelle). L&rsquo;op\u00e9ration avait aussi pour but de tenter de mettre en \u00e9vidence la possible existence d\u2019une coactivit\u00e9 entre les chantiers de construction et la pr\u00e9sence militaire. Il s&rsquo;agissait aussi de distinguer les parties d\u00e9di\u00e9es \u00e0 la r\u00e9sidence seigneuriale des zones r\u00e9serv\u00e9es aux fonctions militaires, aux stockages et aux activit\u00e9s de production.<\/p>\n\n\n\n<figure class=\"wp-block-image size-full\"><img decoding=\"async\" loading=\"lazy\" width=\"1024\" height=\"768\" src=\"https:\/\/www.eveha.fr\/wp-content\/uploads\/2025\/03\/fig_1.jpeg\" alt=\"\" class=\"wp-image-8144\" srcset=\"https:\/\/www.eveha.fr\/wp-content\/uploads\/2025\/03\/fig_1.jpeg 1024w, https:\/\/www.eveha.fr\/wp-content\/uploads\/2025\/03\/fig_1-300x225.jpeg 300w, https:\/\/www.eveha.fr\/wp-content\/uploads\/2025\/03\/fig_1-768x576.jpeg 768w\" sizes=\"(max-width: 767px) 89vw, (max-width: 1000px) 54vw, (max-width: 1071px) 543px, 580px\" \/><figcaption class=\"wp-element-caption\">Fig.1 : Plan de la zone 3 \u00e0 l&rsquo;issue de la fouille. Cr\u00e9dit : \u00c9veha 2024<\/figcaption><\/figure>\n\n\n\n<p><strong>Zone 3 : le b\u00e2timent adoss\u00e9 \u00e0 la courtine sud, alias \u00ables \u00e9curies \u00bb<\/strong> <\/p>\n\n\n\n<p>Deux objectifs principaux r\u00e9gissaient la prescription de la zone 3. Le premier concernait la r\u00e9ouverture des sondages r\u00e9alis\u00e9s en 1991 par J.-P. Cochon. Pour des raisons de s\u00e9curit\u00e9, seul le sondage profond a pu \u00eatre rouvert. Nous avons ainsi redress\u00e9 la coupe et r\u00e9alis\u00e9 sa relecture. Il nous a aussi \u00e9t\u00e9 possible d\u2019appr\u00e9hender le fond du sondage et de mettre en exergue la non viabilit\u00e9 de certaines hypoth\u00e8ses \u00e9mises. Le deuxi\u00e8me objectif concernait la r\u00e9alisation de nouveaux pr\u00e9l\u00e8vements de grains contenus dans une couche d\u2019incendie. Ces derniers ont \u00e9t\u00e9 r\u00e9alis\u00e9s et g\u00e9or\u00e9f\u00e9renc\u00e9s. Une analyse visuelle des grains a abouti \u00e0 la reconnaissance d\u2019au moins deux types diff\u00e9rents que nous avons choisi de pr\u00e9lever.<\/p>\n\n\n\n<figure class=\"wp-block-image size-full\"><img decoding=\"async\" loading=\"lazy\" width=\"1024\" height=\"768\" src=\"https:\/\/www.eveha.fr\/wp-content\/uploads\/2025\/03\/fig_2.jpeg\" alt=\"\" class=\"wp-image-8146\" srcset=\"https:\/\/www.eveha.fr\/wp-content\/uploads\/2025\/03\/fig_2.jpeg 1024w, https:\/\/www.eveha.fr\/wp-content\/uploads\/2025\/03\/fig_2-300x225.jpeg 300w, https:\/\/www.eveha.fr\/wp-content\/uploads\/2025\/03\/fig_2-768x576.jpeg 768w\" sizes=\"(max-width: 767px) 89vw, (max-width: 1000px) 54vw, (max-width: 1071px) 543px, 580px\" \/><figcaption class=\"wp-element-caption\">Fig.2 : Vestiges du b\u00e2timent 1 (en ros\u00e9). Cr\u00e9dit : \u00c9veha 2024<\/figcaption><\/figure>\n\n\n\n<p>En ce qui concerne l\u2019\u00e9tude de la zone, la lecture des coupes associ\u00e9e \u00e0 une analyse fine des \u00e9l\u00e9vations a donn\u00e9 l\u2019occasion d\u2019appr\u00e9hender plusieurs phases de construction de b\u00e2timents li\u00e9es \u00e0 des phases d\u2019occupations. La phase I correspond \u00e0 un nivellement du substrat permettant l\u2019installation du b\u00e2timent 1 (Fig. 2). La mise en \u0153uvre de ce dernier correspond \u00e0 une phase II que l\u2019on peut ais\u00e9ment associer \u00e0 l\u2019am\u00e9nagement du rocher. Ce b\u00e2timent, qui semble poss\u00e9der une circulation en partie basse (cave&nbsp;? cellier ?), est ensuite abandonn\u00e9 (remblay\u00e9) et probablement d\u00e9ras\u00e9 pour mettre en place le b\u00e2timent 2 (phase 3) (Fig. 3). Ce b\u00e2timent, d\u00e9j\u00e0 per\u00e7u en 1991, est compos\u00e9 de plusieurs phases. Sa mise en \u0153uvre prend place directement sur le d\u00e9rasement du b\u00e2timent 1 avec une orientation qui diff\u00e8re l\u00e9g\u00e8rement. Certaines assises des parements sont compos\u00e9es de blocs en <em>opus spicatum<\/em>. <\/p>\n\n\n\n<figure class=\"wp-block-image size-full\"><img decoding=\"async\" loading=\"lazy\" width=\"1024\" height=\"768\" src=\"https:\/\/www.eveha.fr\/wp-content\/uploads\/2025\/03\/fig_3.jpeg\" alt=\"\" class=\"wp-image-8147\" srcset=\"https:\/\/www.eveha.fr\/wp-content\/uploads\/2025\/03\/fig_3.jpeg 1024w, https:\/\/www.eveha.fr\/wp-content\/uploads\/2025\/03\/fig_3-300x225.jpeg 300w, https:\/\/www.eveha.fr\/wp-content\/uploads\/2025\/03\/fig_3-768x576.jpeg 768w\" sizes=\"(max-width: 767px) 89vw, (max-width: 1000px) 54vw, (max-width: 1071px) 543px, 580px\" \/><figcaption class=\"wp-element-caption\">Fig. 3 : Vestiges du b\u00e2timent 2 (en ros\u00e9). Cr\u00e9dit : \u00c9veha 2024<\/figcaption><\/figure>\n\n\n\n<p>Aux 14<sup>e<\/sup>-15<sup>e<\/sup> si\u00e8cles (phase 6), le b\u00e2timent 3 appara\u00eet toujours en fonction. Il sert d\u2019appui \u00e0 une ma\u00e7onnerie (F 307) qui fonctionne avec la reprise du programme de l\u2019<em>aula<\/em> (Armand, 2022, 2023). Il ne semble abandonn\u00e9 que dans la phase 7, au moment m\u00eame o\u00f9 les ma\u00e7onneries du 15<sup>e<\/sup> si\u00e8cle sont d\u00e9ras\u00e9es et remblay\u00e9es.<\/p>\n\n\n\n<p>Les phases 8 \u00e0 11 correspondent \u00e0 des \u00ab&nbsp;fouilles&nbsp;\u00bb plus ou moins r\u00e9centes men\u00e9es sur le site. Ces sondages ont tronqu\u00e9s de nombreux niveaux dont, au meilleur des cas, il ne reste que des lambeaux.<\/p>\n\n\n\n<figure class=\"wp-block-image size-full\"><img decoding=\"async\" loading=\"lazy\" width=\"1024\" height=\"768\" src=\"https:\/\/www.eveha.fr\/wp-content\/uploads\/2025\/03\/fig_4.jpeg\" alt=\"\" class=\"wp-image-8148\" srcset=\"https:\/\/www.eveha.fr\/wp-content\/uploads\/2025\/03\/fig_4.jpeg 1024w, https:\/\/www.eveha.fr\/wp-content\/uploads\/2025\/03\/fig_4-300x225.jpeg 300w, https:\/\/www.eveha.fr\/wp-content\/uploads\/2025\/03\/fig_4-768x576.jpeg 768w\" sizes=\"(max-width: 767px) 89vw, (max-width: 1000px) 54vw, (max-width: 1071px) 543px, 580px\" \/><figcaption class=\"wp-element-caption\">Fig.4 : Vestiges du b\u00e2timent 3 (en ros\u00e9). Cr\u00e9dit \u00c9veha 2024<\/figcaption><\/figure>\n\n\n\n<p><strong>Zone 4 : la tour ma\u00eetresse et l\u2019espace attenant contre la courtine nord (Fig. 5<\/strong>)<\/p>\n\n\n\n<figure class=\"wp-block-image size-full\"><img decoding=\"async\" loading=\"lazy\" width=\"1024\" height=\"768\" src=\"https:\/\/www.eveha.fr\/wp-content\/uploads\/2025\/03\/fig_5.jpeg\" alt=\"\" class=\"wp-image-8150\" srcset=\"https:\/\/www.eveha.fr\/wp-content\/uploads\/2025\/03\/fig_5.jpeg 1024w, https:\/\/www.eveha.fr\/wp-content\/uploads\/2025\/03\/fig_5-300x225.jpeg 300w, https:\/\/www.eveha.fr\/wp-content\/uploads\/2025\/03\/fig_5-768x576.jpeg 768w\" sizes=\"(max-width: 767px) 89vw, (max-width: 1000px) 54vw, (max-width: 1071px) 543px, 580px\" \/><figcaption class=\"wp-element-caption\">Fig.5 : Plan de la zone 4 \u00e0 l&rsquo;issue de la fouille. Cr\u00e9dit : \u00c9veha 2024<\/figcaption><\/figure>\n\n\n\n<p>Le but de la fouille men\u00e9e dans la zone 1 \u00e9tait d\u2019appr\u00e9hender d\u2019\u00e9ventuels<strong> \u00e9l\u00e9ments en lien avec les vestiges de la tour ma\u00eetresse<\/strong>. De surcro\u00eet, des investigations devaient \u00eatre men\u00e9es sur la caract\u00e9risation de l\u2019espace, ses diff\u00e9rentes fonctions \u00e0 travers le temps et les divers am\u00e9nagements qui se d\u00e9veloppent dans la zone prescrite.<\/p>\n\n\n\n<figure class=\"wp-block-image size-full\"><img decoding=\"async\" loading=\"lazy\" width=\"768\" height=\"1024\" src=\"https:\/\/www.eveha.fr\/wp-content\/uploads\/2025\/03\/fig_6.png\" alt=\"\" class=\"wp-image-8151\" srcset=\"https:\/\/www.eveha.fr\/wp-content\/uploads\/2025\/03\/fig_6.png 768w, https:\/\/www.eveha.fr\/wp-content\/uploads\/2025\/03\/fig_6-225x300.png 225w\" sizes=\"(max-width: 767px) 89vw, (max-width: 1000px) 54vw, (max-width: 1071px) 543px, 580px\" \/><figcaption class=\"wp-element-caption\">Fig.6 : Vue prise depuis le sud-ouest des deux phases de mise en oeuvre du contrefort. Cr\u00e9dit : \u00c9veha 2024<\/figcaption><\/figure>\n\n\n\n<p>La fouille s\u2019arr\u00eatant sur les derniers niveaux d\u2019occupations fonctionnant avec les ma\u00e7onneries, nous n\u2019avons pas pu appr\u00e9hender de vestiges en liens avec la tour ma\u00eetresse dans l\u2019angle nord-est de la zone. Toutefois, la partie ouest de la zone a livr\u00e9 des niveaux d\u2019occupations ainsi qu\u2019une ma\u00e7onnerie semblant appartenir \u00e0 cette phase. De plus, la partie basse d\u2019un contrefort d\u2019angle fait partie de la mise en \u0153uvre de la tour ma\u00eetresse. Sa reprise en partie haute est int\u00e9gr\u00e9e dans le programme du 13<sup>e<\/sup> si\u00e8cle (Fig. 6). L\u2019analyse des traces d\u2019outils et des cha\u00eenages nous permet d\u2019affirmer notre observation. Le <strong>programme du 13<sup>e<\/sup> si\u00e8cle<\/strong> (phase 5) a quant \u00e0 lui livr\u00e9 plus d\u2019informations. En effet, m\u00eame si aucun niveau de sol interne ne correspond \u00e0 cette phase, les diff\u00e9rents vestiges ma\u00e7onn\u00e9s permettent de dresser le<strong> plan du b\u00e2timent accol\u00e9 au ch\u00e2telet d\u2019entr\u00e9e<\/strong>. L\u2019absence de niveaux de sols tardifs dans la partie centrale de la zone nous a permis de descendre jusqu\u2019\u00e0 un niveau semblant correspondre au niveau de chantier du b\u00e2timent du 13<sup>e<\/sup> si\u00e8cle (b\u00e2timent 4) et ainsi d\u2019observer sa technique de mise en \u0153uvre. La fondation est compos\u00e9e d\u2019une ma\u00e7onnerie tr\u00e8s large (environ 3,50 m) servant \u00e0 l\u2019installation de l\u2019\u00e9l\u00e9vation. En partie basse, nous avons pu enregistrer un arc de d\u00e9charge orient\u00e9 sud-ouest\u2013nord-est, d\u2019environ 4 m de longueur. La pr\u00e9sence de cet \u00e9l\u00e9ment architectural en partie basse met en avant l\u2019importante hauteur de la fa\u00e7ade ouest. Ainsi, <strong>il para\u00eet<\/strong> <strong>fort probable que le b\u00e2timent ait \u00e9t\u00e9 compos\u00e9 de deux niveaux<\/strong>. Cette hypoth\u00e8se est \u00e9tay\u00e9e par les vestiges d\u2019un mur de refend assez imposant dont la quasi int\u00e9gralit\u00e9 \u00e0 \u00e9t\u00e9 pr\u00e9lev\u00e9e (Fig. 7).<\/p>\n\n\n\n<figure class=\"wp-block-image size-full\"><img decoding=\"async\" loading=\"lazy\" width=\"1024\" height=\"768\" src=\"https:\/\/www.eveha.fr\/wp-content\/uploads\/2025\/03\/fig_7.jpeg\" alt=\"\" class=\"wp-image-8152\" srcset=\"https:\/\/www.eveha.fr\/wp-content\/uploads\/2025\/03\/fig_7.jpeg 1024w, https:\/\/www.eveha.fr\/wp-content\/uploads\/2025\/03\/fig_7-300x225.jpeg 300w, https:\/\/www.eveha.fr\/wp-content\/uploads\/2025\/03\/fig_7-768x576.jpeg 768w\" sizes=\"(max-width: 767px) 89vw, (max-width: 1000px) 54vw, (max-width: 1071px) 543px, 580px\" \/><figcaption class=\"wp-element-caption\">Fig.7 : Restitution du rez-de-chausss\u00e9e de l&#8217;emprise du b\u00e2timent du 13e si\u00e8cle accol\u00e9 au ch\u00e2telet d&rsquo;entr\u00e9e. Cr\u00e9dit: \u00c9veha 2024<\/figcaption><\/figure>\n\n\n\n<p>La phase 6, attribuable aux <strong>14<sup>e<\/sup>-15<sup>e<\/sup> si\u00e8cles<\/strong>, a \u00e9t\u00e9 per\u00e7ue dans trois fen\u00eatres et concerne un \u00e9l\u00e9ment notable. Il s\u2019agit d\u2019un sol en carreaux de terre cuite qui semble se d\u00e9velopper sur l\u2019ensemble de l\u2019espace compris dans le b\u00e2timent 4. Les liens stratigraphiques avec les ma\u00e7onneries du 13<sup>e<\/sup> si\u00e8cle ainsi que l\u2019orientation des carreaux tend \u00e0 faire penser \u00e0 une installation post\u00e9rieure au 13<sup>e<\/sup> si\u00e8cle (Fig. 8), potentiellement autour du 15<sup>e<\/sup> si\u00e8cle, d\u2019apr\u00e8s la typologie. Ce sol b\u00e2ti ne fonctionne avec aucune ma\u00e7onnerie d\u00e9couverte lors de l\u2019op\u00e9ration. Toutefois, il sert d\u2019appui \u00e0 un grand nombre de ma\u00e7onneries imputables \u00e0 la phase 7 A. Cet ensemble b\u00e2ti forme un b\u00e2timent (b\u00e2timent 5) compos\u00e9 de diff\u00e9rentes salles qui se d\u00e9veloppent \u00e0 l\u2019int\u00e9rieur des ma\u00e7onneries du 13<sup>e<\/sup> si\u00e8cle (Fig. 9). Ce b\u00e2timent est associ\u00e9 \u00e0 des niveaux d\u2019utilisation ainsi qu\u2019\u00e0 une importante phase de remblaiement de l\u2019entr\u00e9e dans la cour du ch\u00e2teau. Apr\u00e8s l\u2019occupation et l\u2019utilisation du b\u00e2timent 5 \u2013 dont la fonction n\u2019a pas encore r\u00e9ellement \u00e9t\u00e9 d\u00e9termin\u00e9e \u2013, ce dernier est d\u00e9mantel\u00e9 (phase 7 C). Nous prenons pour preuve l\u2019important niveau de remblai, compos\u00e9 majoritairement de tuiles, qui correspond \u00e0 la destruction de la toiture du b\u00e2timent 5. Au-dessus de ce niveau, dans la phase 7 D, une ma\u00e7onnerie est am\u00e9nag\u00e9e. Cette derni\u00e8re pourrait fonctionner avec le niveau de sol en terre battue qui condamne les vestiges ma\u00e7onn\u00e9s du b\u00e2timent 5. La zone 4, tout comme la zone 3, a \u00e9t\u00e9 le th\u00e9\u00e2tre d\u2019investigations durant le 19<sup>e<\/sup> et le 20<sup>e<\/sup> si\u00e8cle. En t\u00e9moignent les diff\u00e9rents creusements pr\u00e9sents dans les coupes dont l\u2019ouverture appara\u00eet directement sous les niveaux de terre v\u00e9g\u00e9tale.<\/p>\n\n\n\n<figure class=\"wp-block-image size-full\"><img decoding=\"async\" loading=\"lazy\" width=\"1024\" height=\"768\" src=\"https:\/\/www.eveha.fr\/wp-content\/uploads\/2025\/03\/fig_8.jpg\" alt=\"\" class=\"wp-image-8153\" srcset=\"https:\/\/www.eveha.fr\/wp-content\/uploads\/2025\/03\/fig_8.jpg 1024w, https:\/\/www.eveha.fr\/wp-content\/uploads\/2025\/03\/fig_8-300x225.jpg 300w, https:\/\/www.eveha.fr\/wp-content\/uploads\/2025\/03\/fig_8-768x576.jpg 768w\" sizes=\"(max-width: 767px) 89vw, (max-width: 1000px) 54vw, (max-width: 1071px) 543px, 580px\" \/><figcaption class=\"wp-element-caption\">Fig.8 : Vue g\u00e9n\u00e9rale du niveau de sol d\u00e9couvert au sein de deux sondages dans la zone 4. Cr\u00e9dit : \u00c9veha 2024<\/figcaption><\/figure>\n\n\n\n<figure class=\"wp-block-image size-full\"><img decoding=\"async\" loading=\"lazy\" width=\"1024\" height=\"768\" src=\"https:\/\/www.eveha.fr\/wp-content\/uploads\/2025\/03\/fig_9.jpeg\" alt=\"\" class=\"wp-image-8154\" srcset=\"https:\/\/www.eveha.fr\/wp-content\/uploads\/2025\/03\/fig_9.jpeg 1024w, https:\/\/www.eveha.fr\/wp-content\/uploads\/2025\/03\/fig_9-300x225.jpeg 300w, https:\/\/www.eveha.fr\/wp-content\/uploads\/2025\/03\/fig_9-768x576.jpeg 768w\" sizes=\"(max-width: 767px) 89vw, (max-width: 1000px) 54vw, (max-width: 1071px) 543px, 580px\" \/><figcaption class=\"wp-element-caption\">Fig.9 : Vestiges des ma\u00e7onneries li\u00e9es au b\u00e2timent 5 (en ros\u00e9). Des ma\u00e7onneries plus anciennes servent \u00e0 fermer le b\u00e2timent sur plusieurs faces. Cr\u00e9dit : \u00c9veha 2024<\/figcaption><\/figure>\n\n\n\n<h4 class=\"wp-block-heading\">Zone 5 : les abords du puits (Fig.10)<\/h4>\n\n\n\n<figure class=\"wp-block-image size-full\"><img decoding=\"async\" loading=\"lazy\" width=\"1024\" height=\"768\" src=\"https:\/\/www.eveha.fr\/wp-content\/uploads\/2025\/03\/fig_10.jpeg\" alt=\"\" class=\"wp-image-8155\" srcset=\"https:\/\/www.eveha.fr\/wp-content\/uploads\/2025\/03\/fig_10.jpeg 1024w, https:\/\/www.eveha.fr\/wp-content\/uploads\/2025\/03\/fig_10-300x225.jpeg 300w, https:\/\/www.eveha.fr\/wp-content\/uploads\/2025\/03\/fig_10-768x576.jpeg 768w\" sizes=\"(max-width: 767px) 89vw, (max-width: 1000px) 54vw, (max-width: 1071px) 543px, 580px\" \/><figcaption class=\"wp-element-caption\">Fig.10 : Plan de la zone 5 \u00e0 l&rsquo;issue de la fouille. Cr\u00e9dit : \u00c9veha 2024<\/figcaption><\/figure>\n\n\n\n<p>Dans la zone 5, les vestiges les plus anciens per\u00e7us fonctionnent avec la phase 3. Ils correspondent \u00e0 un niveau de sol (F 525) associ\u00e9 \u00e0 un niveau de remblaiement (US 5018). Cette phase a \u00e9t\u00e9 appr\u00e9hend\u00e9e sur une fen\u00eatre assez restreinte (coupe ouest SD 5.02) ce qui rend impossible sa compr\u00e9hension globale. N\u00e9anmoins, lors de la phase 4, ce niveau est coup\u00e9 par la mise en \u0153uvre d\u2019un b\u00e2timent (b\u00e2timent 6) dont nous avons pu observer les fondations de l\u2019angle sud-est. Dans les coupes ouest et nord de SD 5.02 a \u00e9t\u00e9 rep\u00e9r\u00e9 un niveau de travail li\u00e9 \u00e0 l\u2019installation du b\u00e2timent 6, tandis qu\u2019un autre semble s\u2019apparenter \u00e0 son niveau de fonctionnement. Lors de la phase 5 A, le b\u00e2timent est remblay\u00e9. Une fois l\u2019enceinte b\u00e2tie (phase 5 B), des am\u00e9nagements li\u00e9s \u00e0 l\u2019occupation de la cour, tel un puits (F&nbsp;505), sont mis en \u0153uvre. Le puits peut d\u2019ailleurs \u00eatre mis en corr\u00e9lation avec un caniveau passant sous le b\u00e2timent 7. Un syst\u00e8me d\u2019\u00e9vacuation des eaux us\u00e9es (caniveau) a aussi \u00e9t\u00e9 mis au jour contre l\u2019enceinte. Toutefois, des restaurations men\u00e9es dans les ann\u00e9es 1960-1970 nous contraignent \u00e0 rester m\u00e9fiant quant \u00e0 sa datation. Dans la partie orientale du sondage, nous avons enregistr\u00e9 l\u2019amorce d\u2019un b\u00e2timent (b\u00e2timent 7) attribuable par sa mise en \u0153uvre \u00e0 la phase de travaux se d\u00e9roulant sur le site aux 14<sup>e<\/sup>-15<sup>e<\/sup> si\u00e8cles (phase 6). Le secteur subit d\u2019autres modifications entre la fin du 18<sup>e<\/sup> si\u00e8cle et le d\u00e9but du 19<sup>e<\/sup> si\u00e8cle. C\u2019est \u00e0 cette p\u00e9riode qu\u2019une prison est install\u00e9e dans la tour du Moulin. Bien que renseign\u00e9e par les textes, aucune observation arch\u00e9ologique sur cette phase n\u2019avait encore \u00e9t\u00e9 r\u00e9alis\u00e9e. C\u2019est lors de cette campagne que pour la premi\u00e8re fois il a \u00e9t\u00e9 observ\u00e9 des vestiges en lien avec l\u2019occupation carc\u00e9rale. Il s\u2019agit d\u2019une ma\u00e7onnerie &#8211; s\u2019apparentant \u00e0 un mur de cour- et d\u2019un caniveau compos\u00e9 de remploi de chenaux. De mani\u00e8re g\u00e9n\u00e9rale, cette zone a \u00e9t\u00e9 fortement impact\u00e9e par des sondages et fouilles dans les ann\u00e9es 1960-1970, ce qui laisse planer un doute certain quant \u00e0 l\u2019authenticit\u00e9 de certaines structures.<\/p>\n","protected":false},"excerpt":{"rendered":"<p>Les fouilles arch\u00e9ologiques men\u00e9es sur le site de Gencay (86) &#8211; Cours du Ch\u00e2teau ont \u00e9t\u00e9 r\u00e9alis\u00e9es par le bureau d\u2019\u00e9tudes \u00c9veha sous la responsabilit\u00e9 de Cl\u00e9ment Armand dans le cadre du projet d\u2019am\u00e9nagement port\u00e9 par EURL, Ch\u00e2teau de Gen\u00e7ay. Les investigations arch\u00e9ologiques ont permis de mettre au jour des vestiges s&rsquo;\u00e9chelonnant de l&rsquo;\u00e9poque m\u00e9di\u00e9vale &hellip; <\/p>\n<p class=\"link-more\"><a href=\"https:\/\/www.eveha.fr\/index.php\/2025\/03\/07\/gencay-86-cours-du-chateau\/\" class=\"more-link\">Continuer la lecture<span class=\"screen-reader-text\"> de &laquo;&nbsp;GEN\u00c7AY (86) &#8211; Cours du Ch\u00e2teau&nbsp;&raquo;<\/span><\/a><\/p>\n","protected":false},"author":4,"featured_media":7885,"comment_status":"closed","ping_status":"open","sticky":false,"template":"","format":"standard","meta":{"inline_featured_image":false,"footnotes":""},"categories":[1,9,8],"tags":[],"_links":{"self":[{"href":"https:\/\/www.eveha.fr\/index.php\/wp-json\/wp\/v2\/posts\/7868"}],"collection":[{"href":"https:\/\/www.eveha.fr\/index.php\/wp-json\/wp\/v2\/posts"}],"about":[{"href":"https:\/\/www.eveha.fr\/index.php\/wp-json\/wp\/v2\/types\/post"}],"author":[{"embeddable":true,"href":"https:\/\/www.eveha.fr\/index.php\/wp-json\/wp\/v2\/users\/4"}],"replies":[{"embeddable":true,"href":"https:\/\/www.eveha.fr\/index.php\/wp-json\/wp\/v2\/comments?post=7868"}],"version-history":[{"count":20,"href":"https:\/\/www.eveha.fr\/index.php\/wp-json\/wp\/v2\/posts\/7868\/revisions"}],"predecessor-version":[{"id":8183,"href":"https:\/\/www.eveha.fr\/index.php\/wp-json\/wp\/v2\/posts\/7868\/revisions\/8183"}],"wp:featuredmedia":[{"embeddable":true,"href":"https:\/\/www.eveha.fr\/index.php\/wp-json\/wp\/v2\/media\/7885"}],"wp:attachment":[{"href":"https:\/\/www.eveha.fr\/index.php\/wp-json\/wp\/v2\/media?parent=7868"}],"wp:term":[{"taxonomy":"category","embeddable":true,"href":"https:\/\/www.eveha.fr\/index.php\/wp-json\/wp\/v2\/categories?post=7868"},{"taxonomy":"post_tag","embeddable":true,"href":"https:\/\/www.eveha.fr\/index.php\/wp-json\/wp\/v2\/tags?post=7868"}],"curies":[{"name":"wp","href":"https:\/\/api.w.org\/{rel}","templated":true}]}}