{"id":7902,"date":"2025-03-07T11:21:38","date_gmt":"2025-03-07T10:21:38","guid":{"rendered":"https:\/\/www.eveha.fr\/?p=7902"},"modified":"2025-03-07T15:54:43","modified_gmt":"2025-03-07T14:54:43","slug":"baccon-45-la-vallee-de-thorigny","status":"publish","type":"post","link":"https:\/\/www.eveha.fr\/index.php\/2025\/03\/07\/baccon-45-la-vallee-de-thorigny\/","title":{"rendered":"BACCON (45) &#8211; La Vall\u00e9e de Thorigny"},"content":{"rendered":"\n<p>Les fouilles arch\u00e9ologiques men\u00e9es sur le site de Baccon (45)\u00a0 &#8211;\u00a0 La Vall\u00e9e de Thorigny &#8211; Les Grands R\u00e9ages ont \u00e9t\u00e9 r\u00e9alis\u00e9es par le bureau d\u2019\u00e9tudes \u00c9veha sous la responsabilit\u00e9 de Sarah Soufi dans le cadre du projet d\u2019am\u00e9nagement port\u00e9 par LafargeHolcim Granulats &#8211; Soci\u00e9t\u00e9 des Mat\u00e9riaux de Beauce. Les investigations arch\u00e9ologiques ont permis de mettre au jour<strong> des vestiges dat\u00e9s de la Protohistoire et de l&rsquo;Antiquit\u00e9.<\/strong><\/p>\n\n\n\n<!--more-->\n\n\n\n<h4 class=\"wp-block-heading\">Une occupation agricole gallo-romaine<\/h4>\n\n\n\n<p>L\u2019extension d&rsquo;une carri\u00e8re de granulats sur la commune de Baccon (45) a motiv\u00e9 la conduite d&rsquo;une fouille pr\u00e9ventive de septembre \u00e0 d\u00e9cembre 2024. Cette op\u00e9ration men\u00e9e sur 2,4 ha a r\u00e9v\u00e9l\u00e9 une occupation rurale dont la chronologie s\u2019\u00e9tend de la fin du second \u00e2ge du Fer (450 av. \u00e0 25 av. n.\u00e8) au d\u00e9but de l\u2019Antiquit\u00e9.&nbsp;<\/p>\n\n\n\n<figure class=\"wp-block-image size-full\"><img decoding=\"async\" loading=\"lazy\" width=\"1024\" height=\"724\" src=\"http:\/\/www.eveha.fr\/wp-content\/uploads\/2025\/02\/Fig10-Sarah-Soufi.resized.jpg\" alt=\"\" class=\"wp-image-7904\" srcset=\"https:\/\/www.eveha.fr\/wp-content\/uploads\/2025\/02\/Fig10-Sarah-Soufi.resized.jpg 1024w, https:\/\/www.eveha.fr\/wp-content\/uploads\/2025\/02\/Fig10-Sarah-Soufi.resized-300x212.jpg 300w, https:\/\/www.eveha.fr\/wp-content\/uploads\/2025\/02\/Fig10-Sarah-Soufi.resized-768x543.jpg 768w\" sizes=\"(max-width: 767px) 89vw, (max-width: 1000px) 54vw, (max-width: 1071px) 543px, 580px\" \/><figcaption class=\"wp-element-caption\">Fig. 1 : Plan masse des vestiges arch\u00e9ologiques. Cr\u00e9dit : \u00c9veha 2024<\/figcaption><\/figure>\n\n\n\n<figure class=\"wp-block-image size-full is-resized\"><img decoding=\"async\" loading=\"lazy\" src=\"https:\/\/www.eveha.fr\/wp-content\/uploads\/2025\/02\/Fig01.resized.jpg\" alt=\"\" class=\"wp-image-7907\" style=\"width:674px;height:450px\" width=\"674\" height=\"450\" srcset=\"https:\/\/www.eveha.fr\/wp-content\/uploads\/2025\/02\/Fig01.resized.jpg 1024w, https:\/\/www.eveha.fr\/wp-content\/uploads\/2025\/02\/Fig01.resized-300x200.jpg 300w, https:\/\/www.eveha.fr\/wp-content\/uploads\/2025\/02\/Fig01.resized-768x512.jpg 768w\" sizes=\"(max-width: 674px) 100vw, 674px\" \/><figcaption class=\"wp-element-caption\">Fig. 2 : Vue drone de la zone centrale du site. Cr\u00e9dit : \u00c9veha 2024<\/figcaption><\/figure>\n\n\n\n<p>Les structures les plus anciennes comprennent <strong>un b\u00e2timent sur cinq poteaux<\/strong>, ceint d\u2019un enclos \u00e0 trois c\u00f4t\u00e9s d\u2019environ 1500 m\u00b2 dont le trac\u00e9 perdure jusqu\u2019\u00e0 l\u2019Antiquit\u00e9. L\u2019occupation s\u2019organise alors autour d\u2019au moins <strong>un grand b\u00e2timent rectangulaire, d&rsquo;environ 70 m\u00b2<\/strong> (Fig. 3), conserv\u00e9 gr\u00e2ce \u00e0 la pr\u00e9sence d\u2019une cr\u00eate de labour. <\/p>\n\n\n\n<figure class=\"wp-block-image size-full\"><img decoding=\"async\" loading=\"lazy\" width=\"1024\" height=\"683\" src=\"https:\/\/www.eveha.fr\/wp-content\/uploads\/2025\/02\/Fig02-Sarah-Soufi.resized.jpg\" alt=\"\" class=\"wp-image-7908\" srcset=\"https:\/\/www.eveha.fr\/wp-content\/uploads\/2025\/02\/Fig02-Sarah-Soufi.resized.jpg 1024w, https:\/\/www.eveha.fr\/wp-content\/uploads\/2025\/02\/Fig02-Sarah-Soufi.resized-300x200.jpg 300w, https:\/\/www.eveha.fr\/wp-content\/uploads\/2025\/02\/Fig02-Sarah-Soufi.resized-768x512.jpg 768w\" sizes=\"(max-width: 767px) 89vw, (max-width: 1000px) 54vw, (max-width: 1071px) 543px, 580px\" \/><figcaption class=\"wp-element-caption\">Fig. 3 : Grand b\u00e2timent ma\u00e7onn\u00e9. Cr\u00e9dit : \u00c9veha, 2024.<\/figcaption><\/figure>\n\n\n\n<figure class=\"wp-block-image size-full\"><img decoding=\"async\" loading=\"lazy\" width=\"1024\" height=\"768\" src=\"https:\/\/www.eveha.fr\/wp-content\/uploads\/2025\/02\/Fig04-Sarah-Soufi.resized.jpg\" alt=\"\" class=\"wp-image-7910\" srcset=\"https:\/\/www.eveha.fr\/wp-content\/uploads\/2025\/02\/Fig04-Sarah-Soufi.resized.jpg 1024w, https:\/\/www.eveha.fr\/wp-content\/uploads\/2025\/02\/Fig04-Sarah-Soufi.resized-300x225.jpg 300w, https:\/\/www.eveha.fr\/wp-content\/uploads\/2025\/02\/Fig04-Sarah-Soufi.resized-768x576.jpg 768w\" sizes=\"(max-width: 767px) 89vw, (max-width: 1000px) 54vw, (max-width: 1071px) 543px, 580px\" \/><figcaption class=\"wp-element-caption\">Fig. 4 : Prise de vue de la cave antique. Cr\u00e9dit : \u00c9veha, 2024.<\/figcaption><\/figure>\n\n\n\n<figure class=\"wp-block-image size-full\"><img decoding=\"async\" loading=\"lazy\" width=\"1024\" height=\"683\" src=\"https:\/\/www.eveha.fr\/wp-content\/uploads\/2025\/02\/Fig05-Sarah-Soufi.resized.jpg\" alt=\"\" class=\"wp-image-7911\" srcset=\"https:\/\/www.eveha.fr\/wp-content\/uploads\/2025\/02\/Fig05-Sarah-Soufi.resized.jpg 1024w, https:\/\/www.eveha.fr\/wp-content\/uploads\/2025\/02\/Fig05-Sarah-Soufi.resized-300x200.jpg 300w, https:\/\/www.eveha.fr\/wp-content\/uploads\/2025\/02\/Fig05-Sarah-Soufi.resized-768x512.jpg 768w\" sizes=\"(max-width: 767px) 89vw, (max-width: 1000px) 54vw, (max-width: 1071px) 543px, 580px\" \/><figcaption class=\"wp-element-caption\">Fig. 5 : Vue d&rsquo;ensemble de la cave et du cellier antiques. Cr\u00e9dit : \u00c9veha 2024<\/figcaption><\/figure>\n\n\n\n<p>Les d\u00e9couvertes r\u00e9alis\u00e9es sur le reste du terrain, pourtant aras\u00e9, r\u00e9v\u00e8lent l\u2019existence d\u2019<strong>un \u00e9tablissement plus vaste<\/strong>, dont seuls les vestiges profonds ont \u00e9t\u00e9 pr\u00e9serv\u00e9s : une cave ma\u00e7onn\u00e9e de 7 m\u00b2 (Fig. 4 et 5), quatre b\u00e2timents sur poteaux, pas moins de cinq celliers (Fig. 6, 7 et 8), un four \u00e0 c\u00e9ramiques antiques pr\u00e9coces (Fig. 9) et plusieurs foyers en cigare.<\/p>\n\n\n\n<figure class=\"wp-block-image size-full\"><img decoding=\"async\" loading=\"lazy\" width=\"1024\" height=\"768\" src=\"https:\/\/www.eveha.fr\/wp-content\/uploads\/2025\/02\/Fig06-Sarah-Soufi.resized.jpg\" alt=\"\" class=\"wp-image-7912\" srcset=\"https:\/\/www.eveha.fr\/wp-content\/uploads\/2025\/02\/Fig06-Sarah-Soufi.resized.jpg 1024w, https:\/\/www.eveha.fr\/wp-content\/uploads\/2025\/02\/Fig06-Sarah-Soufi.resized-300x225.jpg 300w, https:\/\/www.eveha.fr\/wp-content\/uploads\/2025\/02\/Fig06-Sarah-Soufi.resized-768x576.jpg 768w\" sizes=\"(max-width: 767px) 89vw, (max-width: 1000px) 54vw, (max-width: 1071px) 543px, 580px\" \/><figcaption class=\"wp-element-caption\">Fig. 6 : Cellier antique en cours de fouille. Cr\u00e9dit : \u00c9veha 2024<\/figcaption><\/figure>\n\n\n\n<figure class=\"wp-block-image size-full\"><img decoding=\"async\" loading=\"lazy\" width=\"1024\" height=\"768\" src=\"https:\/\/www.eveha.fr\/wp-content\/uploads\/2025\/02\/Fig07-Sarah-Soufi.resized.jpg\" alt=\"\" class=\"wp-image-7913\" srcset=\"https:\/\/www.eveha.fr\/wp-content\/uploads\/2025\/02\/Fig07-Sarah-Soufi.resized.jpg 1024w, https:\/\/www.eveha.fr\/wp-content\/uploads\/2025\/02\/Fig07-Sarah-Soufi.resized-300x225.jpg 300w, https:\/\/www.eveha.fr\/wp-content\/uploads\/2025\/02\/Fig07-Sarah-Soufi.resized-768x576.jpg 768w\" sizes=\"(max-width: 767px) 89vw, (max-width: 1000px) 54vw, (max-width: 1071px) 543px, 580px\" \/><figcaption class=\"wp-element-caption\">Fig. 7 : Cellier antique en cours de fouille. Cr\u00e9dit : \u00c9veha 2024<\/figcaption><\/figure>\n\n\n\n<figure class=\"wp-block-image size-full\"><img decoding=\"async\" loading=\"lazy\" width=\"1024\" height=\"768\" src=\"https:\/\/www.eveha.fr\/wp-content\/uploads\/2025\/02\/Fig08-Sarah-Soufi.resized.jpg\" alt=\"\" class=\"wp-image-7914\" srcset=\"https:\/\/www.eveha.fr\/wp-content\/uploads\/2025\/02\/Fig08-Sarah-Soufi.resized.jpg 1024w, https:\/\/www.eveha.fr\/wp-content\/uploads\/2025\/02\/Fig08-Sarah-Soufi.resized-300x225.jpg 300w, https:\/\/www.eveha.fr\/wp-content\/uploads\/2025\/02\/Fig08-Sarah-Soufi.resized-768x576.jpg 768w\" sizes=\"(max-width: 767px) 89vw, (max-width: 1000px) 54vw, (max-width: 1071px) 543px, 580px\" \/><figcaption class=\"wp-element-caption\">Fig. 8 : Cellier antique vid\u00e9, laissant appara\u00eetre le substrat naturel calcaire. Cr\u00e9dit : \u00c9veha 2024<\/figcaption><\/figure>\n\n\n\n<figure class=\"wp-block-image size-full\"><img decoding=\"async\" loading=\"lazy\" width=\"1024\" height=\"768\" src=\"https:\/\/www.eveha.fr\/wp-content\/uploads\/2025\/02\/Fig09-Sarah-Soufi.resized.jpg\" alt=\"\" class=\"wp-image-7915\" srcset=\"https:\/\/www.eveha.fr\/wp-content\/uploads\/2025\/02\/Fig09-Sarah-Soufi.resized.jpg 1024w, https:\/\/www.eveha.fr\/wp-content\/uploads\/2025\/02\/Fig09-Sarah-Soufi.resized-300x225.jpg 300w, https:\/\/www.eveha.fr\/wp-content\/uploads\/2025\/02\/Fig09-Sarah-Soufi.resized-768x576.jpg 768w\" sizes=\"(max-width: 767px) 89vw, (max-width: 1000px) 54vw, (max-width: 1071px) 543px, 580px\" \/><figcaption class=\"wp-element-caption\">Fig. 9 : Vue z\u00e9nithale d&rsquo;un four \u00e0 c\u00e9ramiques antique. Cr\u00e9dit : \u00c9veha 2024<\/figcaption><\/figure>\n\n\n\n<p>Une carri\u00e8re de calcaire et trois puits compl\u00e8tent cet ensemble, dont l\u2019un est associ\u00e9 \u00e0 une aire am\u00e9nag\u00e9e o\u00f9 un abondant mat\u00e9riel antique a \u00e9t\u00e9 d\u00e9couvert. Parmi cet important mobilier, une dizaine de pesons sugg\u00e8rent une activit\u00e9 de tissage.<\/p>\n\n\n\n<h4 class=\"wp-block-heading\">Et maintenant&#8230;<\/h4>\n\n\n\n<p>L&rsquo;objectif de la post-fouille sera de caract\u00e9riser les diff\u00e9rentes phases d&rsquo;occupation du site ainsi que les fonctions des diff\u00e9rents b\u00e2timents.<\/p>\n","protected":false},"excerpt":{"rendered":"<p>Les fouilles arch\u00e9ologiques men\u00e9es sur le site de Baccon (45)\u00a0 &#8211;\u00a0 La Vall\u00e9e de Thorigny &#8211; Les Grands R\u00e9ages ont \u00e9t\u00e9 r\u00e9alis\u00e9es par le bureau d\u2019\u00e9tudes \u00c9veha sous la responsabilit\u00e9 de Sarah Soufi dans le cadre du projet d\u2019am\u00e9nagement port\u00e9 par LafargeHolcim Granulats &#8211; Soci\u00e9t\u00e9 des Mat\u00e9riaux de Beauce. Les investigations arch\u00e9ologiques ont permis de &hellip; <\/p>\n<p class=\"link-more\"><a href=\"https:\/\/www.eveha.fr\/index.php\/2025\/03\/07\/baccon-45-la-vallee-de-thorigny\/\" class=\"more-link\">Continuer la lecture<span class=\"screen-reader-text\"> de &laquo;&nbsp;BACCON (45) &#8211; La Vall\u00e9e de Thorigny&nbsp;&raquo;<\/span><\/a><\/p>\n","protected":false},"author":13,"featured_media":7905,"comment_status":"closed","ping_status":"open","sticky":false,"template":"","format":"standard","meta":{"inline_featured_image":false,"footnotes":""},"categories":[6,5],"tags":[],"_links":{"self":[{"href":"https:\/\/www.eveha.fr\/index.php\/wp-json\/wp\/v2\/posts\/7902"}],"collection":[{"href":"https:\/\/www.eveha.fr\/index.php\/wp-json\/wp\/v2\/posts"}],"about":[{"href":"https:\/\/www.eveha.fr\/index.php\/wp-json\/wp\/v2\/types\/post"}],"author":[{"embeddable":true,"href":"https:\/\/www.eveha.fr\/index.php\/wp-json\/wp\/v2\/users\/13"}],"replies":[{"embeddable":true,"href":"https:\/\/www.eveha.fr\/index.php\/wp-json\/wp\/v2\/comments?post=7902"}],"version-history":[{"count":7,"href":"https:\/\/www.eveha.fr\/index.php\/wp-json\/wp\/v2\/posts\/7902\/revisions"}],"predecessor-version":[{"id":8040,"href":"https:\/\/www.eveha.fr\/index.php\/wp-json\/wp\/v2\/posts\/7902\/revisions\/8040"}],"wp:featuredmedia":[{"embeddable":true,"href":"https:\/\/www.eveha.fr\/index.php\/wp-json\/wp\/v2\/media\/7905"}],"wp:attachment":[{"href":"https:\/\/www.eveha.fr\/index.php\/wp-json\/wp\/v2\/media?parent=7902"}],"wp:term":[{"taxonomy":"category","embeddable":true,"href":"https:\/\/www.eveha.fr\/index.php\/wp-json\/wp\/v2\/categories?post=7902"},{"taxonomy":"post_tag","embeddable":true,"href":"https:\/\/www.eveha.fr\/index.php\/wp-json\/wp\/v2\/tags?post=7902"}],"curies":[{"name":"wp","href":"https:\/\/api.w.org\/{rel}","templated":true}]}}