{"id":8433,"date":"2025-06-30T14:01:28","date_gmt":"2025-06-30T12:01:28","guid":{"rendered":"https:\/\/www.eveha.fr\/?p=8433"},"modified":"2025-06-30T14:01:28","modified_gmt":"2025-06-30T12:01:28","slug":"limoges-87-rue-du-clos-adrien","status":"publish","type":"post","link":"https:\/\/www.eveha.fr\/index.php\/2025\/06\/30\/limoges-87-rue-du-clos-adrien\/","title":{"rendered":"LIMOGES (87) \u2013 Rue du Clos-Adrien"},"content":{"rendered":"\n<p>Les fouilles arch\u00e9ologiques men\u00e9es sur le site de Limoges (87) \u2013 Rue du Clos-Adrien ont \u00e9t\u00e9 r\u00e9alis\u00e9es par le bureau d\u2019\u00e9tudes \u00c9veha sous la responsabilit\u00e9 de J\u00e9r\u00f4me Lachaud dans le cadre d\u2019un projet d\u2019am\u00e9nagement port\u00e9 par Communaut\u00e9 d&rsquo;agglom\u00e9ration Limoges M\u00e9tropole. Les investigations arch\u00e9ologiques ont permis de mettre au jour <strong>des vestiges dat\u00e9s de l\u2019Antiquit\u00e9 \u00e0 l\u2019\u00e9poque contemporaine.<\/strong><\/p>\n\n\n\n<!--more-->\n\n\n\n<h4 class=\"wp-block-heading\">Les objectifs de recherche \u00e0 l&rsquo;origine de la prescription arch\u00e9ologique<\/h4>\n\n\n\n<p>Les objectifs scientifiques de cette op\u00e9ration \u00e9taient multiples :<\/p>\n\n\n\n<ul>\n<li>Comprendre l\u2019\u00e9volution de la voirie dans ce secteur, de l\u2019Antiquit\u00e9 \u00e0 nos jours, en essayant de rattacher le plus pr\u00e9cis\u00e9ment possible les niveaux d\u2019empierrement mis en \u00e9vidence avec les voies antiques mises au jour pr\u00e9c\u00e9demment. Chercher tout \u00e9l\u00e9ment de datation relative ou absolue pour phaser ces niveaux de circulation et d\u00e9finir leurs emprises respectives.<\/li>\n\n\n\n<li>Pour les s\u00e9pultures carolingiennes, d\u00e9terminer l\u2019\u00e9tendue de l&rsquo;espace fun\u00e9raire et mettre en \u00e9vidence toute trace d\u2019un \u00e9ventuel \u00e9difice religieux contemporain.<\/li>\n\n\n\n<li>Mettre en relation le syst\u00e8me de captage d\u2019aquif\u00e8re (terrain perm\u00e9able permettant l&rsquo;\u00e9coulement et le captage de l&rsquo;eau) mis au jour au sud en 2015 et dans la rue du Clos-Adrien lors du diagnostic de 2022 avec les deux tron\u00e7ons d\u2019aqueducs et les puits d\u00e9couverts en 1976.<\/li>\n\n\n\n<li>Mieux d\u00e9finir l\u2019\u00e9volution globale du quartier depuis l\u2019Antiquit\u00e9 jusqu\u2019\u00e0 l\u2019\u00e9poque contemporaine.<\/li>\n<\/ul>\n\n\n\n<h4 class=\"wp-block-heading\">Pr\u00e9sentation des r\u00e9sultats<\/h4>\n\n\n\n<p>Les vestiges identifi\u00e9s lors de l&rsquo;op\u00e9ration concernent l&rsquo;Antiquit\u00e9, le haut Moyen \u00c2ge, l&rsquo;\u00e9poque moderne et l&rsquo;\u00e9poque contemporaine.<\/p>\n\n\n\n<p><strong>Une zone de captage d&rsquo;aquif\u00e8res en limite occidentale de la ville antique<\/strong><\/p>\n\n\n\n<p>Pour l&rsquo;Antiquit\u00e9, deux grandes th\u00e9matiques ressortent : le captage d&rsquo;aquif\u00e8res et la voirie.<\/p>\n\n\n\n<p>Le captage d\u2019aquif\u00e8res prend la forme d\u2019au moins <strong>trois r\u00e9seaux distincts d\u2019aqueducs<\/strong>, dont deux prennent leur source sur la partie sommitale de la rue, l\u2019un \u00e9tant dirig\u00e9 vers le sud-est, l\u2019autre vers le nord-ouest. Ce dernier constitue d\u2019ailleurs une information in\u00e9dite&nbsp;: les aqueducs pr\u00e9c\u00e9demment d\u00e9couverts dans ce secteur sont tous dirig\u00e9s au sud ou \u00e0 l\u2019est. Un troisi\u00e8me r\u00e9seau, directement li\u00e9 \u00e0 celui d\u00e9couvert en 1976 sous l\u2019immeuble au n\u00b0 16 de la rue, concerne la zone m\u00e9diane de celle-ci et pr\u00e9sente un meilleur \u00e9tat de conservation que les deux en partie sommitale. Ce r\u00e9seau a pu faire l\u2019objet d\u2019une exploration compl\u00e8te des parties accessibles et se compose d\u2019un ensemble de galeries d\u2019une longueur totale de plus de 31 m\u00e8tres, principalement orient\u00e9 d\u2019ouest en est, et de deux puits de creusement (Fig. 1) distants de moins de 9 m\u00e8tres l\u2019un de l\u2019autre, tous deux recouverts de dalles en pierre de grand appareil. La majeure partie de ce r\u00e9seau \u00e9tait encore en eau sur plusieurs d\u00e9cim\u00e8tres de hauteur et l\u2019extr\u00e9mit\u00e9 ouest d\u2019une galerie (Fig. 2) a \u00e9t\u00e9 identifi\u00e9e comme un captage encore productif, de l&rsquo;eau ruisselant d\u2019une anfractuosit\u00e9 de la paroi.<\/p>\n\n\n\n<figure class=\"wp-block-image size-full\"><img decoding=\"async\" loading=\"lazy\" width=\"1024\" height=\"768\" src=\"https:\/\/www.eveha.fr\/wp-content\/uploads\/2025\/05\/Fig.-1.resized-2.jpg\" alt=\"\" class=\"wp-image-8442\" srcset=\"https:\/\/www.eveha.fr\/wp-content\/uploads\/2025\/05\/Fig.-1.resized-2.jpg 1024w, https:\/\/www.eveha.fr\/wp-content\/uploads\/2025\/05\/Fig.-1.resized-2-300x225.jpg 300w, https:\/\/www.eveha.fr\/wp-content\/uploads\/2025\/05\/Fig.-1.resized-2-768x576.jpg 768w\" sizes=\"(max-width: 767px) 89vw, (max-width: 1000px) 54vw, (max-width: 1071px) 543px, 580px\" \/><figcaption class=\"wp-element-caption\">Fig. 1 : Puits de creusement avec dalle de couverture et d\u00e9part de galerie d&rsquo;aqueduc. Cr\u00e9dit : \u00c9veha 2024<\/figcaption><\/figure>\n\n\n\n<figure class=\"wp-block-image size-full\"><img decoding=\"async\" loading=\"lazy\" width=\"768\" height=\"1024\" src=\"https:\/\/www.eveha.fr\/wp-content\/uploads\/2025\/05\/Fig.-2.resized-2-rotated.jpg\" alt=\"\" class=\"wp-image-8444\" srcset=\"https:\/\/www.eveha.fr\/wp-content\/uploads\/2025\/05\/Fig.-2.resized-2-rotated.jpg 768w, https:\/\/www.eveha.fr\/wp-content\/uploads\/2025\/05\/Fig.-2.resized-2-225x300.jpg 225w\" sizes=\"(max-width: 767px) 89vw, (max-width: 1000px) 54vw, (max-width: 1071px) 543px, 580px\" \/><figcaption class=\"wp-element-caption\">Fig. 2 : Galerie d&rsquo;aqueduc souterraine avec zone de captage en fond. Cr\u00e9dit : \u00c9veha 2024<\/figcaption><\/figure>\n\n\n\n<p>Les vestiges de voirie rattachables \u00e0 l\u2019<strong>Antiquit\u00e9<\/strong> se concentrent principalement en partie orientale de la rue. \u00c0 l\u2019intersection avec la rue Ferdinand-Buisson, une potentielle portion du Decumanus D-VIII a \u00e9t\u00e9 observ\u00e9e en plusieurs \u00e9tapes, en plan (Fig. 3) et en coupe. Plus \u00e0 l\u2019ouest, <strong>une voie l\u00e9g\u00e8rement bomb\u00e9e,<\/strong> compos\u00e9e de plusieurs recharges et niveaux de circulation, semble s\u2019orienter selon un axe nord-ouest\u2013sud-est, non loin du trac\u00e9 th\u00e9orique du Cardo C-I. Enfin, il n\u2019est pas exclu que d\u2019autres sections de voie puissent dater de l\u2019Antiquit\u00e9 jusqu\u2019en partie occidentale de la rue, mais leur orientation et chronologie restent \u00e0 pr\u00e9ciser.<\/p>\n\n\n\n<figure class=\"wp-block-image size-full is-resized\"><img decoding=\"async\" loading=\"lazy\" src=\"https:\/\/www.eveha.fr\/wp-content\/uploads\/2025\/05\/Fig.-3.resized-1.jpg\" alt=\"\" class=\"wp-image-8449\" style=\"width:675px;height:506px\" width=\"675\" height=\"506\" srcset=\"https:\/\/www.eveha.fr\/wp-content\/uploads\/2025\/05\/Fig.-3.resized-1.jpg 1024w, https:\/\/www.eveha.fr\/wp-content\/uploads\/2025\/05\/Fig.-3.resized-1-300x225.jpg 300w, https:\/\/www.eveha.fr\/wp-content\/uploads\/2025\/05\/Fig.-3.resized-1-768x576.jpg 768w\" sizes=\"(max-width: 675px) 100vw, 675px\" \/><figcaption class=\"wp-element-caption\"><br>Fig. 3 : Portion de voirie antique. Cr\u00e9dit : \u00c9veha 2025<\/figcaption><\/figure>\n\n\n\n<p><strong>Un petit ensemble s\u00e9pulcral in\u00e9dit<\/strong><\/p>\n\n\n\n<p>La p\u00e9riode du haut Moyen \u00c2ge concerne <strong>un petit groupe de cinq s\u00e9pultures<\/strong>, dont celles d\u00e9j\u00e0 identifi\u00e9es lors du diagnostic (Fig. 4). Aucune d\u2019entre elles \u2013 loin s\u2019en faut \u2013 n\u2019\u00e9tait compl\u00e8te et leur \u00e9tat de conservation g\u00e9n\u00e9ral \u00e9tait d\u00e9grad\u00e9. N\u00e9anmoins, leur orientation classique et coh\u00e9rente les unes par rapport aux autres, leur proximit\u00e9 relative et leur localisation topographique permettent assur\u00e9ment de consid\u00e9rer cet ensemble comme un espace fun\u00e9raire. La datation par radiocarbone r\u00e9alis\u00e9e suite au diagnostic en 2022 indique qu\u2019elles auraient \u00e9t\u00e9 mises en place <strong>\u00e0 l\u2019\u00e9poque carolingienne, ce qui constitue une donn\u00e9e in\u00e9dite dans cette partie de Limoges o\u00f9 aucun \u00e9difice cultuel de cette \u00e9poque n\u2019est recens\u00e9.<\/strong> Le Moyen \u00c2ge central ne semble pas \u00eatre repr\u00e9sent\u00e9 sur cette op\u00e9ration.<\/p>\n\n\n\n<figure class=\"wp-block-image size-full\"><img decoding=\"async\" loading=\"lazy\" width=\"1024\" height=\"768\" src=\"https:\/\/www.eveha.fr\/wp-content\/uploads\/2025\/05\/Fig.-4.resized-1.jpg\" alt=\"\" class=\"wp-image-8448\" srcset=\"https:\/\/www.eveha.fr\/wp-content\/uploads\/2025\/05\/Fig.-4.resized-1.jpg 1024w, https:\/\/www.eveha.fr\/wp-content\/uploads\/2025\/05\/Fig.-4.resized-1-300x225.jpg 300w, https:\/\/www.eveha.fr\/wp-content\/uploads\/2025\/05\/Fig.-4.resized-1-768x576.jpg 768w\" sizes=\"(max-width: 767px) 89vw, (max-width: 1000px) 54vw, (max-width: 1071px) 543px, 580px\" \/><figcaption class=\"wp-element-caption\"><br>Fig. 4 : S\u00e9pulture incompl\u00e8te perturb\u00e9e par un r\u00e9seau contemporain. Cr\u00e9dit : \u00c9veha 2024<\/figcaption><\/figure>\n\n\n\n<p><strong>Un secteur peu am\u00e9nag\u00e9 \u00e0 l&rsquo;\u00e9poque moderne<\/strong><\/p>\n\n\n\n<p>Cette p\u00e9riode est principalement repr\u00e9sent\u00e9e par du mobilier c\u00e9ramique identifi\u00e9 dans des remblais ou structures en creux partiellement reconnues, telles que des fosses aux fonctions restant \u00e0 pr\u00e9ciser, mais s\u2019apparentant \u00e0 des d\u00e9potoirs. Des \u00e9l\u00e9ments de voirie, peut-\u00eatre correspondant aux \u00e9tats les plus anciens de l\u2019actuelle rue du Clos-Adrien, pourraient \u00e9galement se rattacher \u00e0 la fin de cette p\u00e9riode.<\/p>\n\n\n\n<p><strong>Une urbanisation tr\u00e8s progressive aux XIX<sup>e<\/sup> et XX<sup>e<\/sup> s.<\/strong><\/p>\n\n\n\n<p>L\u2019\u00e9poque contemporaine, enfin, regroupe elle aussi des vestiges de voie ant\u00e9rieures aux rues goudronn\u00e9es du XX<sup>e<\/sup> s., mais aussi des \u00e9l\u00e9ments de ma\u00e7onneries dont la majorit\u00e9 se concentre aux extr\u00e9mit\u00e9s occidentale et orientale de la zone prescrite. Il s\u2019agit manifestement d\u2019anciens alignements de fa\u00e7ades d\u00e9molis, sans doute dans le cadre d\u2019am\u00e9nagements urbains visant \u00e0 \u00e9largir l\u2019assise de la rue, principalement c\u00f4t\u00e9 nord en partie orientale et c\u00f4t\u00e9 sud en partie occidentale (Fig. 5). Le mobilier (c\u00e9ramique, verre) associ\u00e9 \u00e0 ces niveaux de destruction, mais aussi dans les ma\u00e7onneries, \u00e9voque clairement la p\u00e9riode contemporaine.<\/p>\n\n\n\n<figure class=\"wp-block-image size-full\"><img decoding=\"async\" loading=\"lazy\" width=\"768\" height=\"1024\" src=\"https:\/\/www.eveha.fr\/wp-content\/uploads\/2025\/05\/Fig.-5.resized-rotated.jpg\" alt=\"\" class=\"wp-image-8447\" srcset=\"https:\/\/www.eveha.fr\/wp-content\/uploads\/2025\/05\/Fig.-5.resized-rotated.jpg 768w, https:\/\/www.eveha.fr\/wp-content\/uploads\/2025\/05\/Fig.-5.resized-225x300.jpg 225w\" sizes=\"(max-width: 767px) 89vw, (max-width: 1000px) 54vw, (max-width: 1071px) 543px, 580px\" \/><figcaption class=\"wp-element-caption\"><br>Fig. 5 : Portion de mur contemporain. Cr\u00e9dit : \u00c9veha 2025<\/figcaption><\/figure>\n\n\n\n<h4 class=\"wp-block-heading\">Les recherches \u00e0 venir<\/h4>\n\n\n\n<p>Plusieurs probl\u00e9matiques seront trait\u00e9es dans le cadre de l\u2019\u00e9tude post-fouille.<\/p>\n\n\n\n<p>En premier lieu, la description, l\u2019interpr\u00e9tation et la mise en relation des r\u00e9seaux d\u2019aqueducs antiques, avec les d\u00e9couvertes ant\u00e9rieures du m\u00eame ordre, devraient permettre de v\u00e9rifier la contemporan\u00e9it\u00e9 de cet ensemble de captage d&rsquo;aquif\u00e8res de l\u2019ouest de la ville antique et sa potentielle extension vers l\u2019ouest, au-del\u00e0 des limites urbaines.<\/p>\n\n\n\n<p>Les vestiges de voirie, toutes p\u00e9riodes confondues, occuperont \u00e9galement une part importante du travail d\u2019analyse afin de rattacher autant que possible les portions identifi\u00e9es \u00e0 des axes routiers d\u00e9j\u00e0 connus ou d\u2019en d\u00e9terminer de potentiels nouveaux.<\/p>\n\n\n\n<p>Le petit ensemble fun\u00e9raire d\u2019\u00e9poque carolingienne doit faire l\u2019objet d\u2019une \u00e9tude anthropologique. Son caract\u00e8re in\u00e9dit nous invite \u00e0 consid\u00e9rer la possible pr\u00e9sence d\u2019un \u00e9difice cultuel contemporain dans les proches environs.<\/p>\n\n\n\n<p>Les modalit\u00e9s d\u2019occupation des abords imm\u00e9diats de la rue du Clos-Adrien constituent un autre enjeu de l\u2019\u00e9tude, de l\u2019Antiquit\u00e9 aux p\u00e9riodes plus r\u00e9centes, dans un secteur consid\u00e9r\u00e9 comme en limite de la ville antique, avant d\u2019\u00eatre progressivement (mais pas compl\u00e8tement) d\u00e9laiss\u00e9 au Moyen \u00c2ge voire \u00e0 l\u2019\u00e9poque moderne.<\/p>\n\n\n\n<p>Enfin, l\u2019urbanisation progressive aux XIX<sup>e<\/sup> et XX<sup>e<\/sup> si\u00e8cle sera abord\u00e9e \u00e0 la lecture des \u00e9l\u00e9ments b\u00e2tis (anciens alignements de fa\u00e7ade) mis au jour aux deux extr\u00e9mit\u00e9s de la zone prescrite.<\/p>\n","protected":false},"excerpt":{"rendered":"<p>Les fouilles arch\u00e9ologiques men\u00e9es sur le site de Limoges (87) \u2013 Rue du Clos-Adrien ont \u00e9t\u00e9 r\u00e9alis\u00e9es par le bureau d\u2019\u00e9tudes \u00c9veha sous la responsabilit\u00e9 de J\u00e9r\u00f4me Lachaud dans le cadre d\u2019un projet d\u2019am\u00e9nagement port\u00e9 par Communaut\u00e9 d&rsquo;agglom\u00e9ration Limoges M\u00e9tropole. Les investigations arch\u00e9ologiques ont permis de mettre au jour des vestiges dat\u00e9s de l\u2019Antiquit\u00e9 \u00e0 &hellip; <\/p>\n<p class=\"link-more\"><a href=\"https:\/\/www.eveha.fr\/index.php\/2025\/06\/30\/limoges-87-rue-du-clos-adrien\/\" class=\"more-link\">Continuer la lecture<span class=\"screen-reader-text\"> de &laquo;&nbsp;LIMOGES (87) \u2013 Rue du Clos-Adrien&nbsp;&raquo;<\/span><\/a><\/p>\n","protected":false},"author":12,"featured_media":8454,"comment_status":"closed","ping_status":"open","sticky":false,"template":"","format":"standard","meta":{"inline_featured_image":false,"footnotes":""},"categories":[1,6,10,9,8],"tags":[],"_links":{"self":[{"href":"https:\/\/www.eveha.fr\/index.php\/wp-json\/wp\/v2\/posts\/8433"}],"collection":[{"href":"https:\/\/www.eveha.fr\/index.php\/wp-json\/wp\/v2\/posts"}],"about":[{"href":"https:\/\/www.eveha.fr\/index.php\/wp-json\/wp\/v2\/types\/post"}],"author":[{"embeddable":true,"href":"https:\/\/www.eveha.fr\/index.php\/wp-json\/wp\/v2\/users\/12"}],"replies":[{"embeddable":true,"href":"https:\/\/www.eveha.fr\/index.php\/wp-json\/wp\/v2\/comments?post=8433"}],"version-history":[{"count":6,"href":"https:\/\/www.eveha.fr\/index.php\/wp-json\/wp\/v2\/posts\/8433\/revisions"}],"predecessor-version":[{"id":8747,"href":"https:\/\/www.eveha.fr\/index.php\/wp-json\/wp\/v2\/posts\/8433\/revisions\/8747"}],"wp:featuredmedia":[{"embeddable":true,"href":"https:\/\/www.eveha.fr\/index.php\/wp-json\/wp\/v2\/media\/8454"}],"wp:attachment":[{"href":"https:\/\/www.eveha.fr\/index.php\/wp-json\/wp\/v2\/media?parent=8433"}],"wp:term":[{"taxonomy":"category","embeddable":true,"href":"https:\/\/www.eveha.fr\/index.php\/wp-json\/wp\/v2\/categories?post=8433"},{"taxonomy":"post_tag","embeddable":true,"href":"https:\/\/www.eveha.fr\/index.php\/wp-json\/wp\/v2\/tags?post=8433"}],"curies":[{"name":"wp","href":"https:\/\/api.w.org\/{rel}","templated":true}]}}