{"id":8458,"date":"2025-06-30T13:49:44","date_gmt":"2025-06-30T11:49:44","guid":{"rendered":"https:\/\/www.eveha.fr\/?p=8458"},"modified":"2025-07-01T15:16:35","modified_gmt":"2025-07-01T13:16:35","slug":"lubersac-19-chapouloux","status":"publish","type":"post","link":"https:\/\/www.eveha.fr\/index.php\/2025\/06\/30\/lubersac-19-chapouloux\/","title":{"rendered":"LUBERSAC (19) &#8211; Chapouloux"},"content":{"rendered":"\n<p>Les fouilles arch\u00e9ologiques men\u00e9es sur le site de Lubersac (19) au lieu-dit <em>Contournement routier du bourg de Lubersac &#8211; Chapouloux<\/em> ont \u00e9t\u00e9 r\u00e9alis\u00e9es par le bureau d\u2019\u00e9tudes \u00c9veha, sous la responsabilit\u00e9 de Nicolas Peyne, dans le cadre d\u2019un projet d\u2019am\u00e9nagement port\u00e9 par le Conseil D\u00e9partemental de la Corr\u00e8ze. <br>Les investigations arch\u00e9ologiques ont permis de mettre au jour des vestiges dat\u00e9s de la <strong>Protohistoire<\/strong>.<\/p>\n\n\n\n<!--more-->\n\n\n\n<h4 class=\"wp-block-heading\">Cadre de l&rsquo;intervention<\/h4>\n\n\n\n<p>Les objectifs du cahier des charges de l&rsquo;op\u00e9ration se divisaient en <strong>trois axes<\/strong>.<br>Le <strong>premier axe<\/strong> concernait la <strong>taphonomie du site<\/strong>&nbsp;: il s&rsquo;agissait de v\u00e9rifier le caract\u00e8re anthropique et l\u2019\u00e9tat de pr\u00e9servation des occupations par une \u00e9tude g\u00e9omorphologique, incluant l\u2019analyse des processus d\u2019\u00e9rosion et de la pal\u00e9otopographie ancienne dans une perspective \u00e9volutive. Les mati\u00e8res premi\u00e8res potentielles devaient \u00eatre identifi\u00e9es. <br>\u00c0 travers la r\u00e9partition des diff\u00e9rents types de mobilier, \u00e9tait \u00e9tudi\u00e9e avec pr\u00e9cision l&rsquo;organisation des vestiges et des activit\u00e9s.<\/p>\n\n\n\n<p>Le <strong>second axe<\/strong> correspondait \u00e0 un objectif de <strong>datation<\/strong>, par la collecte de tous les \u00e9l\u00e9ments mobiliers et l&rsquo;identification de la p\u00e9riode pour certaines structures souffrant d\u2019un d\u00e9ficit ou d\u2019une absence d\u2019\u00e9l\u00e9ments diagnostics, en particulier en rive droite du vallon.<\/p>\n\n\n\n<p>Le <strong>troisi\u00e8me axe<\/strong> ciblait l&rsquo;<strong>\u00e9tude de la zone humide<\/strong> par un ensemble d&rsquo;analyses pal\u00e9o-environnementales, s\u00e9quenc\u00e9es sur la totalit\u00e9 de l\u2019enregistrement s\u00e9dimentaire \u00e0 des fins de reconstitution des contextes pal\u00e9o-environnementaux successifs. Il \u00e9tait n\u00e9cessaire d&rsquo;<strong>identifier les am\u00e9nagements anthropiques<\/strong> et l&rsquo;<strong>impact de l\u2019homme sur l\u2019environnement<\/strong>.<\/p>\n\n\n\n<h4 class=\"wp-block-heading\">L&rsquo;occupation protohistorique<\/h4>\n\n\n\n<p>La p\u00e9riode du <strong>Bronze final \u2013 d\u00e9but du premier \u00e2ge du Fer<\/strong> comprend deux structures assez caract\u00e9ristiques de la Protohistoire. Il s\u2019agit d\u2019une<strong> fosse polylob\u00e9e et d\u2019une fosse en Y<\/strong>. Ces donn\u00e9es sont compl\u00e9t\u00e9es par <strong>l\u2019\u00e9tude d\u2019un vallon<\/strong> ayant fonctionn\u00e9 sur une longue dur\u00e9e.<\/p>\n\n\n\n<figure class=\"wp-block-image size-full\"><img decoding=\"async\" loading=\"lazy\" width=\"1024\" height=\"768\" src=\"https:\/\/www.eveha.fr\/wp-content\/uploads\/2025\/05\/2P1000927-Nicolas-PEYNE.jpg\" alt=\"\" class=\"wp-image-8467\" srcset=\"https:\/\/www.eveha.fr\/wp-content\/uploads\/2025\/05\/2P1000927-Nicolas-PEYNE.jpg 1024w, https:\/\/www.eveha.fr\/wp-content\/uploads\/2025\/05\/2P1000927-Nicolas-PEYNE-300x225.jpg 300w, https:\/\/www.eveha.fr\/wp-content\/uploads\/2025\/05\/2P1000927-Nicolas-PEYNE-768x576.jpg 768w\" sizes=\"(max-width: 767px) 89vw, (max-width: 1000px) 54vw, (max-width: 1071px) 543px, 580px\" \/><figcaption class=\"wp-element-caption\">Fig. 2 : Vue de l&rsquo;ensemble polylob\u00e9 en fin de fouille. Cr\u00e9dit : \u00c9veha, 2024. <\/figcaption><\/figure>\n\n\n\n<p><strong>Un ensemble polylob\u00e9<\/strong><\/p>\n\n\n\n<p>Le groupe de structures anthropiques d\u00e9couvert au diagnostic comprend plusieurs creusements imbriqu\u00e9s les uns dans les autres. Certaines de ces structures correspondent \u00e0 des <strong>fosses<\/strong>. Une structure, combl\u00e9e par de nombreuses pierres, est l\u00e9g\u00e8rement piriforme, ce qui peut faire penser \u00e0 un <strong>silo<\/strong>. Cette information pourrait avoir un int\u00e9r\u00eat particulier quant \u00e0 la taphonomie de cette occupation car seule la partie inf\u00e9rieure est conserv\u00e9e. Ces pierres sont issues du <strong>d\u00e9montage d\u2019une structure de combustion<\/strong>, d\u2019autant que ces blocs sont associ\u00e9s \u00e0 des parois de four et \u00e0 d\u2019autres \u00e9l\u00e9ments de terres \u00e0 b\u00e2tir rub\u00e9fi\u00e9es. Aussi, l\u2019une de ces fosses contenait une scorie de fer et pose la question d&rsquo;<strong>une forge<\/strong> \u00e0 proximit\u00e9.<\/p>\n\n\n\n<figure class=\"wp-block-image size-full\"><img decoding=\"async\" loading=\"lazy\" width=\"1024\" height=\"768\" src=\"https:\/\/www.eveha.fr\/wp-content\/uploads\/2025\/05\/1P1000799-Nicolas-PEYNE.jpg\" alt=\"\" class=\"wp-image-8466\" srcset=\"https:\/\/www.eveha.fr\/wp-content\/uploads\/2025\/05\/1P1000799-Nicolas-PEYNE.jpg 1024w, https:\/\/www.eveha.fr\/wp-content\/uploads\/2025\/05\/1P1000799-Nicolas-PEYNE-300x225.jpg 300w, https:\/\/www.eveha.fr\/wp-content\/uploads\/2025\/05\/1P1000799-Nicolas-PEYNE-768x576.jpg 768w\" sizes=\"(max-width: 767px) 89vw, (max-width: 1000px) 54vw, (max-width: 1071px) 543px, 580px\" \/><figcaption class=\"wp-element-caption\">Fig. 2 : Vue de l&rsquo;organisation des pierres au fond de la fosse 2070. Cr\u00e9dit : \u00c9veha, 2024.<\/figcaption><\/figure>\n\n\n\n<figure class=\"wp-block-image size-full\"><img decoding=\"async\" loading=\"lazy\" width=\"1024\" height=\"768\" src=\"https:\/\/www.eveha.fr\/wp-content\/uploads\/2025\/05\/3P1000613-Nicolas-PEYNE.jpg\" alt=\"\" class=\"wp-image-8468\" srcset=\"https:\/\/www.eveha.fr\/wp-content\/uploads\/2025\/05\/3P1000613-Nicolas-PEYNE.jpg 1024w, https:\/\/www.eveha.fr\/wp-content\/uploads\/2025\/05\/3P1000613-Nicolas-PEYNE-300x225.jpg 300w, https:\/\/www.eveha.fr\/wp-content\/uploads\/2025\/05\/3P1000613-Nicolas-PEYNE-768x576.jpg 768w\" sizes=\"(max-width: 767px) 89vw, (max-width: 1000px) 54vw, (max-width: 1071px) 543px, 580px\" \/><figcaption class=\"wp-element-caption\">Fig. 3 : D\u00e9tail de fragments de c\u00e9ramique dans l&rsquo;ensemble polylob\u00e9. Cr\u00e9dit : \u00c9veha, 2024.<\/figcaption><\/figure>\n\n\n\n<p><strong>Une<\/strong> <strong>fosse en Y<\/strong><\/p>\n\n\n\n<p>Une <strong>fosse en Y<\/strong> a \u00e9t\u00e9 d\u00e9couverte dans le bord occidental du vallon. En surface, elle avait une forme ovale. Son profil ne laisse aucun doute quant \u00e0 sa nature. Son fond, atteint \u00e0 <br>1,65 m de profondeur sous le niveau de d\u00e9capage, formait un fin rectangle particuli\u00e8rement allong\u00e9. Des pr\u00e9l\u00e8vements ont \u00e9t\u00e9 r\u00e9alis\u00e9s \u00e0 sa base et \u00e0 son sommet, car ces ensembles peuvent se combler sur plusieurs centaines d\u2019ann\u00e9es. <strong>Ce type de structure reste peu connu sur le territoire r\u00e9gional<\/strong>, mais une am\u00e9lioration notable de sa reconnaissance se fait ressentir ces derni\u00e8res ann\u00e9es. Bien que la question reste encore maintenant en suspens quant \u00e0 leur fonction, elles sont r\u00e9guli\u00e8rement interpr\u00e9t\u00e9es comme des <strong>fosses de pi\u00e9geage pour la chasse.<\/strong><\/p>\n\n\n\n<figure class=\"wp-block-image size-full\"><img decoding=\"async\" loading=\"lazy\" width=\"768\" height=\"1024\" src=\"https:\/\/www.eveha.fr\/wp-content\/uploads\/2025\/05\/4P1011479-Nicolas-PEYNE.jpg\" alt=\"\" class=\"wp-image-8469\" srcset=\"https:\/\/www.eveha.fr\/wp-content\/uploads\/2025\/05\/4P1011479-Nicolas-PEYNE.jpg 768w, https:\/\/www.eveha.fr\/wp-content\/uploads\/2025\/05\/4P1011479-Nicolas-PEYNE-225x300.jpg 225w\" sizes=\"(max-width: 767px) 89vw, (max-width: 1000px) 54vw, (max-width: 1071px) 543px, 580px\" \/><figcaption class=\"wp-element-caption\">Fig. 4 : Vue du profil de la fosse en Y. Cr\u00e9dit : \u00c9veha, 2024.<\/figcaption><\/figure>\n\n\n\n<p><strong>Un vallon<\/strong><\/p>\n\n\n\n<p>Deux nouvelles informations essentielles concernant le vallon sont apparues lors de la fouille : <strong>son trac\u00e9 est moins rectiligne qu\u2019attendu<\/strong>, avec un m\u00e9andre assez marqu\u00e9, et son profil laisse appara\u00eetre de multiples niveaux diversifi\u00e9s parfaitement lisibles, dont <strong>deux niveaux de tourbe<\/strong> parfaitement s\u00e9par\u00e9s par un horizon argileux.<\/p>\n\n\n\n<figure class=\"wp-block-image size-large\"><img decoding=\"async\" loading=\"lazy\" width=\"1024\" height=\"768\" src=\"https:\/\/www.eveha.fr\/wp-content\/uploads\/2025\/05\/5DJI_0015-Nicolas-PEYNE-1024x768.jpg\" alt=\"\" class=\"wp-image-8470\" srcset=\"https:\/\/www.eveha.fr\/wp-content\/uploads\/2025\/05\/5DJI_0015-Nicolas-PEYNE-1024x768.jpg 1024w, https:\/\/www.eveha.fr\/wp-content\/uploads\/2025\/05\/5DJI_0015-Nicolas-PEYNE-300x225.jpg 300w, https:\/\/www.eveha.fr\/wp-content\/uploads\/2025\/05\/5DJI_0015-Nicolas-PEYNE-768x576.jpg 768w, https:\/\/www.eveha.fr\/wp-content\/uploads\/2025\/05\/5DJI_0015-Nicolas-PEYNE-1536x1152.jpg 1536w, https:\/\/www.eveha.fr\/wp-content\/uploads\/2025\/05\/5DJI_0015-Nicolas-PEYNE-2048x1536.jpg 2048w\" sizes=\"(max-width: 767px) 89vw, (max-width: 1000px) 54vw, (max-width: 1071px) 543px, 580px\" \/><figcaption class=\"wp-element-caption\">Fig. 5 : Photographie a\u00e9rienne des deux transects d&rsquo;\u00e9tude du vallon (fouille en pyramide invers\u00e9e). Cr\u00e9dit :  \u00c9veha, 2024.<br> <\/figcaption><\/figure>\n\n\n\n<figure class=\"wp-block-image size-full\"><img decoding=\"async\" loading=\"lazy\" width=\"1024\" height=\"768\" src=\"https:\/\/www.eveha.fr\/wp-content\/uploads\/2025\/05\/6P1011442-Nicolas-PEYNE.jpg\" alt=\"\" class=\"wp-image-8471\" srcset=\"https:\/\/www.eveha.fr\/wp-content\/uploads\/2025\/05\/6P1011442-Nicolas-PEYNE.jpg 1024w, https:\/\/www.eveha.fr\/wp-content\/uploads\/2025\/05\/6P1011442-Nicolas-PEYNE-300x225.jpg 300w, https:\/\/www.eveha.fr\/wp-content\/uploads\/2025\/05\/6P1011442-Nicolas-PEYNE-768x576.jpg 768w\" sizes=\"(max-width: 767px) 89vw, (max-width: 1000px) 54vw, (max-width: 1071px) 543px, 580px\" \/><figcaption class=\"wp-element-caption\">Fig. 6 : Vue des transects du vallon en cours d&rsquo;\u00e9tude. Cr\u00e9dit : \u00c9veha, 2024.<\/figcaption><\/figure>\n\n\n\n<h4 class=\"wp-block-heading\">La post-fouille<\/h4>\n\n\n\n<p>L&rsquo;\u00e9tude post-fouille comprendra une <strong>analyse fine de la c\u00e9ramique<\/strong> afin de percevoir les diff\u00e9rentes p\u00e9riodes de l&rsquo;occupation humaine. Le type de vaisselle rencontr\u00e9e pourra donner des indications sur leur usage (pr\u00e9paration culinaire, pr\u00e9sentation, stockage, &#8230;).<\/p>\n\n\n\n<p>\u00c0 l&rsquo;exception d&rsquo;une scorie et de parois de four, <strong>les autres types mobiliers sont absents du corpus<\/strong>. Ces deux \u00e9l\u00e9ments devraient donner des informations sur les \u00e9tapes de la cha\u00eene op\u00e9ratoire de l&rsquo;activit\u00e9 de m\u00e9tallurgie, dont les restes ont \u00e9t\u00e9 retrouv\u00e9s dans la fosse polylob\u00e9e.<\/p>\n\n\n\n<figure class=\"wp-block-image size-full\"><img decoding=\"async\" loading=\"lazy\" width=\"1024\" height=\"768\" src=\"https:\/\/www.eveha.fr\/wp-content\/uploads\/2025\/05\/7P1011374-Nicolas-PEYNE.jpg\" alt=\"\" class=\"wp-image-8472\" srcset=\"https:\/\/www.eveha.fr\/wp-content\/uploads\/2025\/05\/7P1011374-Nicolas-PEYNE.jpg 1024w, https:\/\/www.eveha.fr\/wp-content\/uploads\/2025\/05\/7P1011374-Nicolas-PEYNE-300x225.jpg 300w, https:\/\/www.eveha.fr\/wp-content\/uploads\/2025\/05\/7P1011374-Nicolas-PEYNE-768x576.jpg 768w\" sizes=\"(max-width: 767px) 89vw, (max-width: 1000px) 54vw, (max-width: 1071px) 543px, 580px\" \/><figcaption class=\"wp-element-caption\">Fig. 7 : Vue de la fen\u00eatre d&rsquo;observation pour le premier transect apr\u00e8s nettoyage. Cr\u00e9dit : \u00c9veha, 2024.<\/figcaption><\/figure>\n\n\n\n<p>L&rsquo;enregistrement pal\u00e9o-\u00e9cologique des paysages successifs sera en particulier abord\u00e9 par la <strong>biosph\u00e8re v\u00e9g\u00e9tale<\/strong>. Ainsi, les restes organiques (bois, charbons et graines) seront \u00e9tudi\u00e9s par une <strong>carpologue<\/strong>. Une <strong>\u00e9tude de pollens<\/strong> viendra compl\u00e9ter cette analyse environnementale. Le manque de mobilier arch\u00e9ologique dans les horizons du vallon devra \u00eatre r\u00e9solu par des <strong>datations radiocarbones<\/strong>.<\/p>\n\n\n\n<figure class=\"wp-block-image size-full\"><img decoding=\"async\" loading=\"lazy\" width=\"1024\" height=\"768\" src=\"https:\/\/www.eveha.fr\/wp-content\/uploads\/2025\/05\/8P1011463-Nicolas-PEYNE.jpg\" alt=\"\" class=\"wp-image-8473\" srcset=\"https:\/\/www.eveha.fr\/wp-content\/uploads\/2025\/05\/8P1011463-Nicolas-PEYNE.jpg 1024w, https:\/\/www.eveha.fr\/wp-content\/uploads\/2025\/05\/8P1011463-Nicolas-PEYNE-300x225.jpg 300w, https:\/\/www.eveha.fr\/wp-content\/uploads\/2025\/05\/8P1011463-Nicolas-PEYNE-768x576.jpg 768w\" sizes=\"(max-width: 767px) 89vw, (max-width: 1000px) 54vw, (max-width: 1071px) 543px, 580px\" \/><figcaption class=\"wp-element-caption\">Fig. 8 : Vue de la fin de la fouille de la partie interm\u00e9diaire entre les deux transects. Cr\u00e9dit : \u00c9veha, 2024.<\/figcaption><\/figure>\n","protected":false},"excerpt":{"rendered":"<p>Les fouilles arch\u00e9ologiques men\u00e9es sur le site de Lubersac (19) au lieu-dit Contournement routier du bourg de Lubersac &#8211; Chapouloux ont \u00e9t\u00e9 r\u00e9alis\u00e9es par le bureau d\u2019\u00e9tudes \u00c9veha, sous la responsabilit\u00e9 de Nicolas Peyne, dans le cadre d\u2019un projet d\u2019am\u00e9nagement port\u00e9 par le Conseil D\u00e9partemental de la Corr\u00e8ze. Les investigations arch\u00e9ologiques ont permis de mettre &hellip; <\/p>\n<p class=\"link-more\"><a href=\"https:\/\/www.eveha.fr\/index.php\/2025\/06\/30\/lubersac-19-chapouloux\/\" class=\"more-link\">Continuer la lecture<span class=\"screen-reader-text\"> de &laquo;&nbsp;LUBERSAC (19) &#8211; Chapouloux&nbsp;&raquo;<\/span><\/a><\/p>\n","protected":false},"author":12,"featured_media":8475,"comment_status":"closed","ping_status":"open","sticky":false,"template":"","format":"standard","meta":{"inline_featured_image":false,"footnotes":""},"categories":[1,20,5],"tags":[],"_links":{"self":[{"href":"https:\/\/www.eveha.fr\/index.php\/wp-json\/wp\/v2\/posts\/8458"}],"collection":[{"href":"https:\/\/www.eveha.fr\/index.php\/wp-json\/wp\/v2\/posts"}],"about":[{"href":"https:\/\/www.eveha.fr\/index.php\/wp-json\/wp\/v2\/types\/post"}],"author":[{"embeddable":true,"href":"https:\/\/www.eveha.fr\/index.php\/wp-json\/wp\/v2\/users\/12"}],"replies":[{"embeddable":true,"href":"https:\/\/www.eveha.fr\/index.php\/wp-json\/wp\/v2\/comments?post=8458"}],"version-history":[{"count":11,"href":"https:\/\/www.eveha.fr\/index.php\/wp-json\/wp\/v2\/posts\/8458\/revisions"}],"predecessor-version":[{"id":8778,"href":"https:\/\/www.eveha.fr\/index.php\/wp-json\/wp\/v2\/posts\/8458\/revisions\/8778"}],"wp:featuredmedia":[{"embeddable":true,"href":"https:\/\/www.eveha.fr\/index.php\/wp-json\/wp\/v2\/media\/8475"}],"wp:attachment":[{"href":"https:\/\/www.eveha.fr\/index.php\/wp-json\/wp\/v2\/media?parent=8458"}],"wp:term":[{"taxonomy":"category","embeddable":true,"href":"https:\/\/www.eveha.fr\/index.php\/wp-json\/wp\/v2\/categories?post=8458"},{"taxonomy":"post_tag","embeddable":true,"href":"https:\/\/www.eveha.fr\/index.php\/wp-json\/wp\/v2\/tags?post=8458"}],"curies":[{"name":"wp","href":"https:\/\/api.w.org\/{rel}","templated":true}]}}