{"id":962,"date":"2021-01-29T08:04:51","date_gmt":"2021-01-29T07:04:51","guid":{"rendered":"http:\/\/www.eveha.fr\/?p=962"},"modified":"2021-03-30T10:44:12","modified_gmt":"2021-03-30T08:44:12","slug":"chalon-sur-saone-71-rue-garibaldi","status":"publish","type":"post","link":"https:\/\/www.eveha.fr\/index.php\/2021\/01\/29\/chalon-sur-saone-71-rue-garibaldi\/","title":{"rendered":"CHALON-SUR-SA\u00d4NE (71) &#8211; Rue Garibaldi"},"content":{"rendered":"\n<p> Les fouilles men\u00e9es sur le site de Ch\u00e2lon-sur-Sa\u00f4ne, 63 rue Garibaldi ont \u00e9t\u00e9 r\u00e9alis\u00e9es par le bureau d&rsquo;\u00e9tudes \u00c9veha sous la responsabilit\u00e9 de Romain Pansiot du 3 septembre au 20 octobre 2020. Elles interviennent dans le cadre du projet d&rsquo;am\u00e9nagement port\u00e9 par Nexity consistant \u00e0 la cr\u00e9ation de b\u00e2timents d\u2019accueil pour personnes \u00e2g\u00e9es. <\/p>\n\n\n\n<p>Les investigations arch\u00e9ologiques ont permis de mettre au jour<strong> une n\u00e9cropole p\u00e9riurbaine<\/strong> de bord de voie utilis\u00e9e du 1<sup>er<\/sup> au 3<sup>e<\/sup> si\u00e8cle de notre \u00e8re avant d&rsquo;\u00eatre pill\u00e9e au d\u00e9but du 4<sup>e <\/sup>si\u00e8cle. <\/p>\n\n\n\n<p><\/p>\n\n\n\n<!--more Lire la suitE-->\n\n\n\n<div class=\"wp-block-image\"><figure class=\"aligncenter\"><img decoding=\"async\" loading=\"lazy\" width=\"1024\" height=\"768\" src=\"https:\/\/www.eveha.fr\/wp-content\/uploads\/2021\/01\/1.resized-1024x768.jpg\" alt=\"\" class=\"wp-image-963\" srcset=\"https:\/\/www.eveha.fr\/wp-content\/uploads\/2021\/01\/1.resized.jpg 1024w, https:\/\/www.eveha.fr\/wp-content\/uploads\/2021\/01\/1.resized-300x225.jpg 300w, https:\/\/www.eveha.fr\/wp-content\/uploads\/2021\/01\/1.resized-768x576.jpg 768w\" sizes=\"(max-width: 767px) 89vw, (max-width: 1000px) 54vw, (max-width: 1071px) 543px, 580px\" \/><figcaption>Fondations d&rsquo;un monument fun\u00e9raire, en cours de fouille, vue vers l&rsquo;est. Clich\u00e9 : Eveha, 2020.<\/figcaption><\/figure><\/div>\n\n\n\n<p><strong> Les attentes pr\u00e9alables \u00e0 la fouille<\/strong><\/p>\n\n\n\n<p>Le cahier des charges scientifiques \u00e9mis par le S.R.A. portait \u00e0 l\u2019origine sur une occupation li\u00e9e \u00e0 la m\u00e9tallurgie du fer localis\u00e9e \u00e0 proximit\u00e9 d\u2019un axe important reliant les villes antiques de Ch\u00e2lon et d\u2019Autun. Une occupation de l\u2019\u00e2ge du Bronze \u00e9tait alors envisag\u00e9e au vue des vestiges mobiliers mis au jour lors du diagnostic.<\/p>\n\n\n\n<p><strong>Les vestiges de l&rsquo;Antiquit\u00e9<\/strong><\/p>\n\n\n\n<p> Les vestiges, apparus entre 1,6 m et &#8211; dans la partie ouest de l\u2019emprise-, 2,6 m de profondeur, se composent d\u2019un r\u00e9seau de foss\u00e9s marquant une limite parcellaire qui perdure du 1<sup>er<\/sup> s. av. J.-C. au 4<sup>e<\/sup> s. de notre \u00e8re et qui semble d\u00e9limiter un espace s\u00e9pulcral o\u00f9 ont \u00e9t\u00e9 mises au jour des cr\u00e9mations, des inhumations et les fondations de deux potentiels monuments fun\u00e9raires. <\/p>\n\n\n\n<p>Dans cet espace, bord\u00e9 d\u2019un chemin antique de 3 m de large, de nombreuses fosses interpr\u00e9t\u00e9es comme des vestiges de pillage, des trous de poteaux, une portion de chemin indur\u00e9 et un b\u00e2timent rectangulaire presque enti\u00e8rement r\u00e9cup\u00e9r\u00e9 composent le reste du corpus comptant 105 structures. Des rejets li\u00e9s \u00e0 la m\u00e9tallurgie du fer ont pu \u00eatre pr\u00e9lev\u00e9s au sein des comblements sup\u00e9rieurs de certains de ces foss\u00e9s d\u00e9limitant l\u2019espace fun\u00e9raire. Certains d\u00e9chets laissent entrevoir la possibilit\u00e9 d\u2019une activit\u00e9 de recyclage d\u2019\u00e9l\u00e9ments en fer. <\/p>\n\n\n\n<p><strong>Les vestiges protohistoriques et modernes<\/strong><\/p>\n\n\n\n<p>Les vestiges protohistoriques sont quasiment inexistants, seuls deux fosses et un foss\u00e9 ont livr\u00e9 quelques \u00e9l\u00e9ments mobiliers datant  potentiellement de la fin de l\u2019\u00e2ge du Bronze et potentiellement du d\u00e9but de l\u2019\u00e2ge du Fer. <\/p>\n\n\n\n<p>La partie nord de l\u2019emprise est largement impact\u00e9e par une voie peu entretenue dont le cailloutis tr\u00e8s orni\u00e9r\u00e9 a livr\u00e9 de nombreux fers \u00e0 chevaux. Deux monnaies d\u00e9couvertes dans le foss\u00e9 bordier permettent de dater cette voirie secondaire des 17<sup>e<\/sup>-18<sup>e<\/sup> s. , tandis que certains \u00e9l\u00e9ments c\u00e9ramiques permettent d\u2019envisager une utilisation jusqu\u2019au 19<sup>e<\/sup> s., p\u00e9riode \u00e0 laquelle elle sera finalement abandonn\u00e9e au profit de la construction d\u2019une riche demeure et de son jardin d\u2019agr\u00e9ment.<\/p>\n\n\n\n<figure class=\"wp-block-image\"><img decoding=\"async\" loading=\"lazy\" width=\"1024\" height=\"768\" src=\"https:\/\/www.eveha.fr\/wp-content\/uploads\/2021\/01\/2.resized-1024x768.jpg\" alt=\"\" class=\"wp-image-964\" srcset=\"https:\/\/www.eveha.fr\/wp-content\/uploads\/2021\/01\/2.resized.jpg 1024w, https:\/\/www.eveha.fr\/wp-content\/uploads\/2021\/01\/2.resized-300x225.jpg 300w, https:\/\/www.eveha.fr\/wp-content\/uploads\/2021\/01\/2.resized-768x576.jpg 768w\" sizes=\"(max-width: 767px) 89vw, (max-width: 1000px) 54vw, (max-width: 1071px) 543px, 580px\" \/><figcaption>S\u00e9pulture antique. Clich\u00e9 : Eveha, 2020.<\/figcaption><\/figure>\n\n\n\n<figure class=\"wp-block-image\"><img decoding=\"async\" loading=\"lazy\" width=\"1024\" height=\"768\" src=\"https:\/\/www.eveha.fr\/wp-content\/uploads\/2021\/01\/3-1024x768.jpg\" alt=\"\" class=\"wp-image-972\" srcset=\"https:\/\/www.eveha.fr\/wp-content\/uploads\/2021\/01\/3.jpg 1024w, https:\/\/www.eveha.fr\/wp-content\/uploads\/2021\/01\/3-300x225.jpg 300w, https:\/\/www.eveha.fr\/wp-content\/uploads\/2021\/01\/3-768x576.jpg 768w\" sizes=\"(max-width: 767px) 89vw, (max-width: 1000px) 54vw, (max-width: 1071px) 543px, 580px\" \/><figcaption>Demi colonne et couvercle de sarcophage d&rsquo;enfant in situ.  Clich\u00e9 : Eveha, 2020.<\/figcaption><\/figure>\n\n\n\n<figure class=\"wp-block-image\"><img decoding=\"async\" loading=\"lazy\" width=\"1024\" height=\"768\" src=\"https:\/\/www.eveha.fr\/wp-content\/uploads\/2021\/01\/4.resized-1024x768.jpg\" alt=\"\" class=\"wp-image-965\" srcset=\"https:\/\/www.eveha.fr\/wp-content\/uploads\/2021\/01\/4.resized.jpg 1024w, https:\/\/www.eveha.fr\/wp-content\/uploads\/2021\/01\/4.resized-300x225.jpg 300w, https:\/\/www.eveha.fr\/wp-content\/uploads\/2021\/01\/4.resized-768x576.jpg 768w\" sizes=\"(max-width: 767px) 89vw, (max-width: 1000px) 54vw, (max-width: 1071px) 543px, 580px\" \/><figcaption>Possible acrot\u00e8re, t\u00eate f\u00e9minine en calcaire, in situ, Clich\u00e9 : Eveha, 2020.<\/figcaption><\/figure>\n\n\n\n<figure class=\"wp-block-image\"><img decoding=\"async\" loading=\"lazy\" width=\"1024\" height=\"577\" src=\"https:\/\/www.eveha.fr\/wp-content\/uploads\/2021\/01\/5.resized-1024x577.jpg\" alt=\"\" class=\"wp-image-966\" srcset=\"https:\/\/www.eveha.fr\/wp-content\/uploads\/2021\/01\/5.resized.jpg 1024w, https:\/\/www.eveha.fr\/wp-content\/uploads\/2021\/01\/5.resized-300x169.jpg 300w, https:\/\/www.eveha.fr\/wp-content\/uploads\/2021\/01\/5.resized-768x433.jpg 768w\" sizes=\"(max-width: 767px) 89vw, (max-width: 1000px) 54vw, (max-width: 1071px) 543px, 580px\" \/><figcaption>Fibule zoomorphe, Clich\u00e9 : Eveha, 2020.<\/figcaption><\/figure>\n\n\n\n<p>Les \u00e9tudes du mobilier ainsi que des donn\u00e9es r\u00e9colt\u00e9es se poursuivent actuellement en post-fouille et permettront d&rsquo;affiner nos connaissances de ce site et de son occupation.<\/p>\n","protected":false},"excerpt":{"rendered":"<p>Les fouilles men\u00e9es sur le site de Ch\u00e2lon-sur-Sa\u00f4ne, 63 rue Garibaldi ont \u00e9t\u00e9 r\u00e9alis\u00e9es par le bureau d&rsquo;\u00e9tudes \u00c9veha sous la responsabilit\u00e9 de Romain Pansiot du 3 septembre au 20 octobre 2020. Elles interviennent dans le cadre du projet d&rsquo;am\u00e9nagement port\u00e9 par Nexity consistant \u00e0 la cr\u00e9ation de b\u00e2timents d\u2019accueil pour personnes \u00e2g\u00e9es. Les investigations &hellip; <\/p>\n<p class=\"link-more\"><a href=\"https:\/\/www.eveha.fr\/index.php\/2021\/01\/29\/chalon-sur-saone-71-rue-garibaldi\/\" class=\"more-link\">Continuer la lecture<span class=\"screen-reader-text\"> de &laquo;&nbsp;CHALON-SUR-SA\u00d4NE (71) &#8211; Rue Garibaldi&nbsp;&raquo;<\/span><\/a><\/p>\n","protected":false},"author":8,"featured_media":970,"comment_status":"closed","ping_status":"open","sticky":false,"template":"","format":"standard","meta":{"inline_featured_image":false,"footnotes":""},"categories":[1,6,9],"tags":[],"_links":{"self":[{"href":"https:\/\/www.eveha.fr\/index.php\/wp-json\/wp\/v2\/posts\/962"}],"collection":[{"href":"https:\/\/www.eveha.fr\/index.php\/wp-json\/wp\/v2\/posts"}],"about":[{"href":"https:\/\/www.eveha.fr\/index.php\/wp-json\/wp\/v2\/types\/post"}],"author":[{"embeddable":true,"href":"https:\/\/www.eveha.fr\/index.php\/wp-json\/wp\/v2\/users\/8"}],"replies":[{"embeddable":true,"href":"https:\/\/www.eveha.fr\/index.php\/wp-json\/wp\/v2\/comments?post=962"}],"version-history":[{"count":4,"href":"https:\/\/www.eveha.fr\/index.php\/wp-json\/wp\/v2\/posts\/962\/revisions"}],"predecessor-version":[{"id":1192,"href":"https:\/\/www.eveha.fr\/index.php\/wp-json\/wp\/v2\/posts\/962\/revisions\/1192"}],"wp:featuredmedia":[{"embeddable":true,"href":"https:\/\/www.eveha.fr\/index.php\/wp-json\/wp\/v2\/media\/970"}],"wp:attachment":[{"href":"https:\/\/www.eveha.fr\/index.php\/wp-json\/wp\/v2\/media?parent=962"}],"wp:term":[{"taxonomy":"category","embeddable":true,"href":"https:\/\/www.eveha.fr\/index.php\/wp-json\/wp\/v2\/categories?post=962"},{"taxonomy":"post_tag","embeddable":true,"href":"https:\/\/www.eveha.fr\/index.php\/wp-json\/wp\/v2\/tags?post=962"}],"curies":[{"name":"wp","href":"https:\/\/api.w.org\/{rel}","templated":true}]}}